{"id":9065,"date":"2016-05-12T15:45:51","date_gmt":"2016-05-12T13:45:51","guid":{"rendered":"http:\/\/www.ulisseland.com\/journal\/?p=9065"},"modified":"2016-05-12T15:48:56","modified_gmt":"2016-05-12T13:48:56","slug":"tunisi-dalla-presentazione-di-gaeta-y-m-f-tunisia-del-30-aprile-ferve-la-preparazione-il-sito","status":"publish","type":"post","link":"https:\/\/www.ulisseland.com\/journal\/tunisi-dalla-presentazione-di-gaeta-y-m-f-tunisia-del-30-aprile-ferve-la-preparazione-il-sito\/","title":{"rendered":"TUNISI &#8211; dalla Presentazione di Gaeta Y.M.F. Tunisia del 30 aprile, ferve la preparazione (il sito)"},"content":{"rendered":"<figure id=\"attachment_9066\" aria-describedby=\"caption-attachment-9066\" style=\"width: 480px\" class=\"wp-caption alignleft\"><a href=\"https:\/\/www.ulisseland.com\/journal\/wp-content\/uploads\/2016\/05\/162.jpg2016_04_18_10_40_39.jpg\"><img loading=\"lazy\" decoding=\"async\" class=\"size-large wp-image-9066\" src=\"https:\/\/www.ulisseland.com\/journal\/wp-content\/uploads\/2016\/05\/162.jpg2016_04_18_10_40_39-1024x614.jpg\" alt=\"Il Porto Turistico di Gammarth - Tunisi\" width=\"480\" height=\"288\" srcset=\"https:\/\/www.ulisseland.com\/journal\/wp-content\/uploads\/2016\/05\/162.jpg2016_04_18_10_40_39-1024x614.jpg 1024w, https:\/\/www.ulisseland.com\/journal\/wp-content\/uploads\/2016\/05\/162.jpg2016_04_18_10_40_39-300x180.jpg 300w\" sizes=\"auto, (max-width: 480px) 100vw, 480px\" \/><\/a><figcaption id=\"caption-attachment-9066\" class=\"wp-caption-text\">Il Porto Turistico di Gammarth &#8211; Tunisi<\/figcaption><\/figure>\n<figure id=\"attachment_9067\" aria-describedby=\"caption-attachment-9067\" style=\"width: 300px\" class=\"wp-caption alignright\"><a href=\"https:\/\/www.ulisseland.com\/journal\/wp-content\/uploads\/2016\/05\/173.jpg2016_04_18_10_40_07.jpg\"><img loading=\"lazy\" decoding=\"async\" class=\"wp-image-9067 size-medium\" src=\"https:\/\/www.ulisseland.com\/journal\/wp-content\/uploads\/2016\/05\/173.jpg2016_04_18_10_40_07-300x180.jpg\" alt=\"173.jpg2016_04_18_10_40_07\" width=\"300\" height=\"180\" srcset=\"https:\/\/www.ulisseland.com\/journal\/wp-content\/uploads\/2016\/05\/173.jpg2016_04_18_10_40_07-300x180.jpg 300w, https:\/\/www.ulisseland.com\/journal\/wp-content\/uploads\/2016\/05\/173.jpg2016_04_18_10_40_07-1024x614.jpg 1024w\" sizes=\"auto, (max-width: 300px) 100vw, 300px\" \/><\/a><figcaption id=\"caption-attachment-9067\" class=\"wp-caption-text\">Il notevole complesso residenziale sul Porto Turistico di Tunisi<\/figcaption><\/figure>\n<p>Da <strong><big>ottobre 12-16 il 2016<\/big> <\/strong>nel <big><strong>porto di Gammarth<\/strong> <\/big>si terr\u00e0 la prima edizione del <big><strong>Yacht Med Festival &#8211; Blu Tunisia Lazio internazionale<\/strong><\/big> . L&#8217;annuncio \u00e8 stato dato nel corso del congresso dal titolo &#8221; la Tunisia, l&#8217;importanza della nuova democrazia per lo sviluppo economico del Mediterraneo &#8221; nel Mediterraneo Yacht Festival &#8211; Fiera Internazionale di Economia mare Gaeta.<br \/>\nUn evento, quello di Tunisi, dicono gli organizzatori, \u00e8 reso possibile grazie alla collaborazione vantaggiosa e sostenibile tra la Camera di Commercio di Latina e la Camera di Commercio tunisino-italiano, per il quale la Tunisia \u00e8 il primo paese Mediterraneo scelto per esportare il modello &#8221; Yacht Med Festival. &#8221;<br \/>\nl&#8217;idea \u00e8 nata durante il montaggio YMF 2013 e dopo numerosi incontri tra imprenditori tunisini e italiani come il Forum economico &#8221; del Mediterraneo : un mare di opportunit\u00e0 tra Italia e Tunisia &#8221; Gaeta aprile 2014, \u00e8 ormai una realt\u00e0, ha spiegato il Presidente della Camera di Commercio tunisina &#8211; italiano Mourad Fradi. Lo Yacht Med Festival Blu Tunisia &#8211;<br \/>\nInternazionale Lazio intende promuovere il processo di internazionalizzazione \u00e8 diventata una vera e propria necessit\u00e0 per Lazio e italiani imprese, a causa della contrazione del mercato interno, che impone la ricerca di nuovi mercati. Le aziende del Mare e dei settori economici indotti, si legge in una dichiarazione del Yacht Med Festival, sar\u00e0 quindi proiettato sul mercato tunisino pu\u00f2<br \/>\nbeneficiare di un evento che si propone di evidenziare il Made in Italia e permettere loro di avere una certa visibilit\u00e0 e allo stesso tempo facendo nuovi contatti con imprenditori locali ed internazionali. L&#8217;idea \u00e8 quella di sostenere i settori economici ad alto potenziale di espansione e in grado di generare un indotto grado di trascinare gli altri componenti del sistema.<\/p>\n<p style=\"text-align: center;\"><strong><a href=\"http:\/\/www.yachtmedfestival.tn\/evenement-3\" target=\"_blank\">VISITA IL SITO di YMF TUNISIA<\/a><\/strong><\/p>\n<p style=\"text-align: left;\">L&#8217;EDITORE: Prof. Luigi Cocomello<\/p>\n","protected":false},"excerpt":{"rendered":"<p>Da ottobre 12-16 il 2016 nel porto di Gammarth si terr\u00e0 la prima edizione del Yacht Med Festival &#8211; Blu Tunisia Lazio internazionale . L&#8217;annuncio \u00e8 stato dato nel corso del congresso dal titolo &#8221; la Tunisia, l&#8217;importanza della nuova democrazia per lo sviluppo economico del Mediterraneo &#8221; nel Mediterraneo Yacht Festival &#8211; Fiera Internazionale<\/p>\n","protected":false},"author":1,"featured_media":0,"comment_status":"closed","ping_status":"open","sticky":false,"template":"","format":"standard","meta":{"footnotes":""},"categories":[20,40,70],"tags":[],"class_list":["post-9065","post","type-post","status-publish","format-standard","hentry","category-comune-di-gaeta","category-sousse-tunisia","category-tunisia"],"_links":{"self":[{"href":"https:\/\/www.ulisseland.com\/journal\/wp-json\/wp\/v2\/posts\/9065","targetHints":{"allow":["GET"]}}],"collection":[{"href":"https:\/\/www.ulisseland.com\/journal\/wp-json\/wp\/v2\/posts"}],"about":[{"href":"https:\/\/www.ulisseland.com\/journal\/wp-json\/wp\/v2\/types\/post"}],"author":[{"embeddable":true,"href":"https:\/\/www.ulisseland.com\/journal\/wp-json\/wp\/v2\/users\/1"}],"replies":[{"embeddable":true,"href":"https:\/\/www.ulisseland.com\/journal\/wp-json\/wp\/v2\/comments?post=9065"}],"version-history":[{"count":3,"href":"https:\/\/www.ulisseland.com\/journal\/wp-json\/wp\/v2\/posts\/9065\/revisions"}],"predecessor-version":[{"id":9070,"href":"https:\/\/www.ulisseland.com\/journal\/wp-json\/wp\/v2\/posts\/9065\/revisions\/9070"}],"wp:attachment":[{"href":"https:\/\/www.ulisseland.com\/journal\/wp-json\/wp\/v2\/media?parent=9065"}],"wp:term":[{"taxonomy":"category","embeddable":true,"href":"https:\/\/www.ulisseland.com\/journal\/wp-json\/wp\/v2\/categories?post=9065"},{"taxonomy":"post_tag","embeddable":true,"href":"https:\/\/www.ulisseland.com\/journal\/wp-json\/wp\/v2\/tags?post=9065"}],"curies":[{"name":"wp","href":"https:\/\/api.w.org\/{rel}","templated":true}]}}