{"id":9039,"date":"2016-04-18T16:51:10","date_gmt":"2016-04-18T14:51:10","guid":{"rendered":"http:\/\/www.ulisseland.com\/journal\/?p=9039"},"modified":"2016-05-20T10:36:43","modified_gmt":"2016-05-20T08:36:43","slug":"tunisia-yacht-med-festival-%e2%80%90-blue-tunisia-porto-turistico-di-gammarth-a-tunisi-dal-12-al-16-ottobre-2016","status":"publish","type":"post","link":"https:\/\/www.ulisseland.com\/journal\/tunisia-yacht-med-festival-%e2%80%90-blue-tunisia-porto-turistico-di-gammarth-a-tunisi-dal-12-al-16-ottobre-2016\/","title":{"rendered":"TUNISIA &#8211; Yacht Med Festival \u2010 Blue Tunisia Porto Turistico di Gammarth a Tunisi dal 12 al 16 ottobre 2016"},"content":{"rendered":"<p style=\"text-align: center;\"><em><span style=\"text-decoration: underline;\"><strong><a href=\"http:\/\/www.yachtmedfestival.tn\/\">Siete tutti invitati Sabato 30 Aprile 2016 &#8211; ore 11,00 &#8211; a Gaeta \u00a0&#8211;\u00a0Dott. Mourad Fradi &#8211; Presidente Camera Commercio Tunisino-Italiana &#8211; Tunisi &#8211; Presenter\u00e0 ufficialmente l&#8217;evento<\/a>\u00a0(Clicca qu\u00ec per il sito dell&#8217;evento)<\/strong><\/span><\/em><\/p>\n<figure id=\"attachment_8163\" aria-describedby=\"caption-attachment-8163\" style=\"width: 3560px\" class=\"wp-caption aligncenter\"><a href=\"https:\/\/www.ulisseland.com\/journal\/wp-content\/uploads\/2015\/09\/20150911_105715.jpg\"><img loading=\"lazy\" decoding=\"async\" class=\"size-full wp-image-8163\" src=\"https:\/\/www.ulisseland.com\/journal\/wp-content\/uploads\/2015\/09\/20150911_105715.jpg\" alt=\"Porto Turistico Gammarth di Tunisi\" width=\"3560\" height=\"296\" srcset=\"https:\/\/www.ulisseland.com\/journal\/wp-content\/uploads\/2015\/09\/20150911_105715.jpg 3560w, https:\/\/www.ulisseland.com\/journal\/wp-content\/uploads\/2015\/09\/20150911_105715-300x24.jpg 300w, https:\/\/www.ulisseland.com\/journal\/wp-content\/uploads\/2015\/09\/20150911_105715-1024x85.jpg 1024w\" sizes=\"auto, (max-width: 3560px) 100vw, 3560px\" \/><\/a><figcaption id=\"caption-attachment-8163\" class=\"wp-caption-text\">Porto Turistico Gammarth di Tunisi<\/figcaption><\/figure>\n<p>Si svolger\u00e0 al Porto di Gammarth (Tunisi), dal 12 al 16 ottobre, la prima edizione dello Yacht Med Festival \u2010 Blue Tunisia Lazio International. L&#8217;annuncio \u00e8 stato fatto durante lo svolgimento del convegno dal titolo: &#8221;Tunisia, l&#8217;importanza della nuova democrazia a servizio dello sviluppo economico del Mediterraneo&#8221; nell&#8217;ambito dello Yacht Med Festival &#8211; Foir Internazionale dell&#8217;Economia del Mare di Gaeta. Un evento, quello di Tunisi, spiegano gli organizzatori, reso possibile grazie alla proficua e duratura collaborazione tra la Camera di Commercio di Latina e la Camera di Commercio Tuniso\u2010 Italiana, e per il quale la Tunisia \u00e8 il primo Paese del Mediterraneo scelto per esportare il modello &#8221;Yacht Med Festival&#8221;. L&#8217;idea, nata nel corso dell&#8217;edizione YMF 2013 e, in seguito a numerosi incontri tra imprenditori tunisini e italiani cosi\u2019 come al Forum economico &#8221;Il Mediterraneo: un mare di opportunit\u00e0 tra l&#8217;Italia e la Tunisia&#8221; dell&#8217;aprile 2014 a Gaeta, \u00e8 ora realt\u00e0, ha spiegato il presidente dalla Camera Commercio Tuniso \u2010 Italiana Mourad Fradi.<\/p>\n<figure id=\"attachment_8037\" aria-describedby=\"caption-attachment-8037\" style=\"width: 240px\" class=\"wp-caption alignright\"><a href=\"https:\/\/www.ulisseland.com\/journal\/wp-content\/uploads\/2015\/05\/mourad-fradi.jpg\"><img loading=\"lazy\" decoding=\"async\" class=\"size-full wp-image-8037\" src=\"https:\/\/www.ulisseland.com\/journal\/wp-content\/uploads\/2015\/05\/mourad-fradi.jpg\" alt=\"Dott. Mourad Fradi - Presidente Camera Commercio Tunisino-Italiana - Tunisi\" width=\"240\" height=\"134\" \/><\/a><figcaption id=\"caption-attachment-8037\" class=\"wp-caption-text\">Dott. Mourad Fradi &#8211; Presidente Camera Commercio Tunisino-Italiana &#8211; Tunisi<\/figcaption><\/figure>\n<p>Lo Yacht Med Festival Blue Tunisia \u2010 Lazio International intende favorire il processo di internazionalizzazione divenuto esigenza concreta per le aziende laziali e italiane, a causa della contrazione del mercato interno che impone la ricerca di nuovi mercati. Le imprese dei settori dell\u2019Economia del Mare e indotti, si legge in un comunicato del Yacht Med Festival, potranno dunque proiettarsi sul mercato tunisino potendo usufruire di una manifestazione che intende mettere in risalto il Made in Italy e permettere loro di avere una certa visibilit\u00e0 e nel contempo allacciare nuovi contatti con ilessutto imprenditoriale locale ed internazionale. L&#8217;idea \u00e8 quella di sostenere i settori economici ad alta potenzialit\u00e0 di espansione e in grado di generare un indotto capace di trainare le altre componenti del sistema. \u201cProgetto cofinanziato dalla Regione Lazio, Assessorato sviluppo economico e attivit\u00e0 produttive\u201d Navigare nel mediterraneo: incontro tra i popoli, storia e\u00fc cultura, tradizione e modernit\u00e0 al servizio della pace La Camera di Commercio Tuniso \u2010 Italiana si \u00e8 posta come sfida per il prossimo triennio 2015\u20102017 il riconoscimento del valore economico e strategico dell\u2019Economia del Mare, considerata come un vero e proprio settore di sviluppo nelle politiche Euro \u2013 Mediterranee e allo stesso tempo come fattore determinante per il processo d\u2019internazionalizzazione, in grado di incrementare la produttivit\u00e0, la competitivit\u00e0 del sistema e stimolare l\u2019innovazione. La centralit\u00e0 della Tunisia nelle politiche di Governo Euro \u2010 Mediterranee \u00e8 stata a pi\u00f9 riprese ribadita con una serie di visite ufficiali in loco da parte dei principali attori istituzionali italiani (Presidente del Consiglio, Ministro dell\u2019Economia, Ministro dell\u2019Interno) e ci\u00f2 a dimostrazione del forte interesse internazionale del sistema economico e produttivo italiano nei confronti del Mediterraneo e in particolar modo della Tunisia, Paese che da pochissimo tempo ha vissuto la sua \u201csvolta democratica\u201d, ricevendo gli apprezzamenti di tutte le cariche internazionali coinvolte nell\u2019accompagnare l\u2019intero Maghreb verso questa fase di democratizzazione. Queste le parole pronunciate da Mourad Fradi, presidente della Camera di Commercio Tuniso \u2013 Italiana, nel corso del convegno \u201cTunisia \u2013 L\u2019importanza della nuova democrazia a servizio dello sviluppo economico del Mediterraneo\u201d tenutosi nel corso dello Yacht Med Festival 2015 di Gaeta: \u201cDopo essersi smarcata dal ruolo di colonia francese nel 1957, la Tunisia \u00e8 stato il primo paese arabo\u2010musulmano ad aver fin da subito fatto degli importanti passi in avanti da un punto di vista democratico, abolendo la poligamia e affidando alla donna, attraverso uno storico percorso di emancipazione, l\u2019importante ruolo di traino della societ\u00e0 civile. Protagonista della Rivoluzione dei gelsomini, la Tunisia \u00e8 stato il Paese che ha inaugurato la stagione delle Primavere arabe, riuscendo a compiere una transizione culminata con la \u201csvolta laica\u201d delle presidenziali di fine 2014 e l\u2019approvazione di una Costituzione considerata fra le pi\u00f9 moderne del mondo arabo. La Tunisia oggi pu\u00f2 essere considerata un modello democratico da imitare anche per gli altri paesi in via di sviluppo localizzati nel Maghreb, un\u2019area questa di fondamentale importanza per lo sviluppo dei processi d\u2019internazionalizzazione delle imprese italiane, grazie ad un livello di scolarizzazione degli abitanti pi\u00f9 giovani ed affidando proprio a questitiumli lo sviluppo futuro sociale ed economico dell\u2019intero Paese\u201d. L\u2019idea di rafforzare la collaborazione tra le aziende laziali e quelle tunisine non \u00e8 nuova ma \u00e8 il risultato di una fruttuosa collaborazione tra gli enti laziali e quelli tunisini che va avanti da anni, partnership che nel tempo si \u00e8 ulteriormente sviluppata per volont\u00e0 comune dei due Paesi, legati da una storia antica dove la Tunisia, per l\u2019Antica Roma, rappresentava il \u201cgiardino e il granaio\u201d \u201cProgetto cofinanziato dalla Regione Lazio, Assessorato sviluppo economico e attivit\u00e0 produttive\u201d dell\u2019Impero Romano, con segni tangibili sul territorio come il Colosseo di Eljem e le ville di Sbitla \u2010 Kasserine. Italia e Tunisia sono le eredi naturali delle gloriose civilt\u00e0 di Roma e Cartagine, due simboli di eguale splendore che illuminavano il mondo gi\u00e0 nell\u2019antichit\u00e0. Questi due Paesi hanno sempre esercitato un fascino particolare per la loro posizione di rilievo nel Mediterraneo, sulle cui sponde hanno posto insieme le fondamenta di una storia comune che ancora oggi risplende nella pace, nella concordia e nella cooperazione proficua pertutti. Una presenza antica nella modernit\u00e0 dei giorni nostri, grandiosa testimonianza dell\u2019importanza del mar Mediterraneo e del suo potere aggregante per queste due civilt\u00e0, che crea i presupposti perch\u00e9 le generazioni future possano vivere insieme all\u2019insegna di una profonda sinergia in grado di assicurare pari opportunit\u00e0 di sviluppo per entrambi i popoli. La scelta della Tunisia, quindi, non \u00e8 stata casuale e la Regione Lazio ha sempre puntato con grande attenzione a questa regione del Mediterraneo, che si caratterizza per un clima d\u2019affari incentivante in termini di costi ridotti di accesso ai fattori produttivi ed alla luce dell\u2018impianto legislativo messo in atto per favorire gli investimenti diretti esteri sulleimprese. Sono gi\u00e0 numerose, infatti, le aziende lazialiech hanno investito negli anni nel Paese: l\u2019obiettivo odierno \u00e8 quello di incrementarne il numero attraverso una serie di progetti comuni. Con l\u2019organizzazione di questo evento, la Camera di Commercio Tuniso \u2010 Italiana intende fornire tutta l\u2019assistenza alle imprese laziali proiettate all\u2019internazionalizzazione d\u2019impresa, sia essa esternalizzazione internazionale, trasferimento del processo produttivo o avvio di nuove partnership produttive.<\/p>\n<p>\u201cNessuno \u00e8 chiamato a scegliere tra l&#8217;essere in Europa e essere nel Mediterraneo, poich\u00e9 l&#8217;Europa intera \u00e8 nel Mediterraneo\u201d ALDO MORO<\/p>\n<figure id=\"attachment_8168\" aria-describedby=\"caption-attachment-8168\" style=\"width: 320px\" class=\"wp-caption alignleft\"><a href=\"https:\/\/www.ulisseland.com\/journal\/wp-content\/uploads\/2015\/09\/20150911_110358.jpg\"><img loading=\"lazy\" decoding=\"async\" class=\"size-full wp-image-8168\" src=\"https:\/\/www.ulisseland.com\/journal\/wp-content\/uploads\/2015\/09\/20150911_110358.jpg\" alt=\"Il complesso edilizio sul porto turistico di Gammarth.\" width=\"320\" height=\"240\" srcset=\"https:\/\/www.ulisseland.com\/journal\/wp-content\/uploads\/2015\/09\/20150911_110358.jpg 320w, https:\/\/www.ulisseland.com\/journal\/wp-content\/uploads\/2015\/09\/20150911_110358-300x225.jpg 300w\" sizes=\"auto, (max-width: 320px) 100vw, 320px\" \/><\/a><figcaption id=\"caption-attachment-8168\" class=\"wp-caption-text\">Il complesso edilizio sul porto turistico di Gammarth.<\/figcaption><\/figure>\n<p>Abbiamo constatato di persona l&#8217;interesse che da quella sponda vi \u00e8 per lo Yacht Med Festival nel Porto Turistico di Gammarth (Tunisi). La struttura portuale interessata \u00e8 ancora in attesa di collaudo &#8211; quindi nuova di zecca &#8211; ma piena di tutti i presidi per la sua gestione, una darsena moderna e di qualit\u00e0 per l&#8217;attracco di \u00a0imbarcazioni di alto livello, una folta schiera di ville e unit\u00e0 abitative, talune anche in fase di completamento costruttivo, un sistema di hotel a tutte stelle, con pochi minuti di percorrenza da Tunisi Aeroporto, susciteranno sicuramente l&#8217;interesse della nautica da diporto \u00a0europea e non solo.\u00a0 Crediamo che il tempo che ci separa dall&#8217;apertura dell&#8217;evento debba essere vissuto da tutti gli organismi pubblici e privati dei nostri due Paesi con l&#8217;intento di far diventare gi\u00e0 dalla prima edizione l&#8217;Expo della Nautica una &#8220;festa del mare&#8221; e una manifestazione internazionale.<\/p>\n<p>Queste nostre opinioni le offriamo a quelli che \u00a0come noi vedono il &#8220;bicchiere mezzo pieno&#8221; e vedono nell&#8217;Africa una opportunit\u00e0 per dare una mano tangibile per combattere il terrorismo e per attenuare l&#8217;esodo africano verso l&#8217;Europa attraverso lo sviluppo di quell&#8217;area continentale. L&#8217;interesse dell&#8217;Italia \u00e8 di un Paese di confine che deve operare per diminuire i danni dell&#8217;esodo creando vantaggi nella internazionalizzazione delle imprese. Formazione e comunicazione \u00e8 ci\u00f2 che il Gruppo Tre Bit sviluppa in Tunisia per il Maghreb. I nostri presidi web e il nostro avamposto tunisino sono a completa disposizione\u00a0 degli operatori economici, dei professionisti e dei cittadini che intendono conoscere e investire in quell&#8217;area. Permetteteci, infine, una frase non nostra, di esortazione e di incoraggiamento: \u00a0&#8220;la fortuna ama i gradini non le seggiole&#8221;.<\/p>\n<figure id=\"attachment_8329\" aria-describedby=\"caption-attachment-8329\" style=\"width: 978px\" class=\"wp-caption alignleft\"><a href=\"https:\/\/www.ulisseland.com\/journal\/wp-content\/uploads\/2015\/10\/Amphitheatre-of-El-Djem.jpg\"><img loading=\"lazy\" decoding=\"async\" class=\"size-full wp-image-8329\" src=\"https:\/\/www.ulisseland.com\/journal\/wp-content\/uploads\/2015\/10\/Amphitheatre-of-El-Djem.jpg\" alt=\"Interno Amphitheatre El-Djem\" width=\"978\" height=\"644\" srcset=\"https:\/\/www.ulisseland.com\/journal\/wp-content\/uploads\/2015\/10\/Amphitheatre-of-El-Djem.jpg 978w, https:\/\/www.ulisseland.com\/journal\/wp-content\/uploads\/2015\/10\/Amphitheatre-of-El-Djem-300x197.jpg 300w\" sizes=\"auto, (max-width: 978px) 100vw, 978px\" \/><\/a><figcaption id=\"caption-attachment-8329\" class=\"wp-caption-text\">Interno Amphitheatre El-Djem<\/figcaption><\/figure>\n<p>L&#8217;EDITORE &#8211; Prof. Luigi Cocomello<\/p>\n<p>&nbsp;<\/p>\n<p>&nbsp;<\/p>\n<p>&nbsp;<\/p>\n<p>&nbsp;<\/p>\n<p>&nbsp;<\/p>\n<p>&nbsp;<\/p>\n<p>&nbsp;<\/p>\n<p>&nbsp;<\/p>\n<p>&nbsp;<\/p>\n<p>&nbsp;<\/p>\n<p>&nbsp;<\/p>\n<p>&nbsp;<\/p>\n<p>&nbsp;<\/p>\n<figure id=\"attachment_8328\" aria-describedby=\"caption-attachment-8328\" style=\"width: 980px\" class=\"wp-caption aligncenter\"><a href=\"https:\/\/www.ulisseland.com\/journal\/wp-content\/uploads\/2015\/10\/Amphitheatre-of-El-Djem-2-e1444144370304.jpg\"><img loading=\"lazy\" decoding=\"async\" class=\" wp-image-8328\" src=\"https:\/\/www.ulisseland.com\/journal\/wp-content\/uploads\/2015\/10\/Amphitheatre-of-El-Djem-2-300x146.jpg\" alt=\"Esterno anfiteatro di El-Djem in Tunisia\" width=\"980\" height=\"477\" \/><\/a><figcaption id=\"caption-attachment-8328\" class=\"wp-caption-text\">Esterno anfiteatro di El-Djem in Tunisia<\/figcaption><\/figure>\n","protected":false},"excerpt":{"rendered":"<p>Siete tutti invitati Sabato 30 Aprile 2016 &#8211; ore 11,00 &#8211; a Gaeta \u00a0&#8211;\u00a0Dott. Mourad Fradi &#8211; Presidente Camera Commercio Tunisino-Italiana &#8211; Tunisi &#8211; Presenter\u00e0 ufficialmente l&#8217;evento\u00a0(Clicca qu\u00ec per il sito dell&#8217;evento) Si svolger\u00e0 al Porto di Gammarth (Tunisi), dal 12 al 16 ottobre, la prima edizione dello Yacht Med Festival \u2010 Blue Tunisia Lazio<\/p>\n","protected":false},"author":1,"featured_media":0,"comment_status":"closed","ping_status":"open","sticky":false,"template":"","format":"standard","meta":{"footnotes":""},"categories":[13,107,60,40,70],"tags":[],"class_list":["post-9039","post","type-post","status-publish","format-standard","hentry","category-cronaca","category-estero","category-incontri","category-sousse-tunisia","category-tunisia"],"_links":{"self":[{"href":"https:\/\/www.ulisseland.com\/journal\/wp-json\/wp\/v2\/posts\/9039","targetHints":{"allow":["GET"]}}],"collection":[{"href":"https:\/\/www.ulisseland.com\/journal\/wp-json\/wp\/v2\/posts"}],"about":[{"href":"https:\/\/www.ulisseland.com\/journal\/wp-json\/wp\/v2\/types\/post"}],"author":[{"embeddable":true,"href":"https:\/\/www.ulisseland.com\/journal\/wp-json\/wp\/v2\/users\/1"}],"replies":[{"embeddable":true,"href":"https:\/\/www.ulisseland.com\/journal\/wp-json\/wp\/v2\/comments?post=9039"}],"version-history":[{"count":9,"href":"https:\/\/www.ulisseland.com\/journal\/wp-json\/wp\/v2\/posts\/9039\/revisions"}],"predecessor-version":[{"id":9100,"href":"https:\/\/www.ulisseland.com\/journal\/wp-json\/wp\/v2\/posts\/9039\/revisions\/9100"}],"wp:attachment":[{"href":"https:\/\/www.ulisseland.com\/journal\/wp-json\/wp\/v2\/media?parent=9039"}],"wp:term":[{"taxonomy":"category","embeddable":true,"href":"https:\/\/www.ulisseland.com\/journal\/wp-json\/wp\/v2\/categories?post=9039"},{"taxonomy":"post_tag","embeddable":true,"href":"https:\/\/www.ulisseland.com\/journal\/wp-json\/wp\/v2\/tags?post=9039"}],"curies":[{"name":"wp","href":"https:\/\/api.w.org\/{rel}","templated":true}]}}