{"id":876,"date":"2012-03-27T15:57:08","date_gmt":"2012-03-27T15:57:08","guid":{"rendered":"http:\/\/www.ulisseland.com\/journal\/?p=876&#038;lang=it"},"modified":"2012-03-28T11:52:05","modified_gmt":"2012-03-28T11:52:05","slug":"rifacimento-di-piazza-vittorio-veneto-nuovo-look-e-zona-pedonale","status":"publish","type":"post","link":"https:\/\/www.ulisseland.com\/journal\/rifacimento-di-piazza-vittorio-veneto-nuovo-look-e-zona-pedonale\/","title":{"rendered":"FROSINONE: RIFACIMENTO DI PIAZZA VITTORIO VENETO &#8211; NUOVO LOOK E ZONA PEDONALE"},"content":{"rendered":"<p><a href=\"http:\/\/www.comune.frosinone.it\/\"><img loading=\"lazy\" decoding=\"async\" class=\"alignleft size-full wp-image-878\" title=\"output_immagine (14)\" src=\"https:\/\/www.ulisseland.com\/journal\/wp-content\/uploads\/2012\/03\/output_immagine-14.jpg\" alt=\"\" width=\"244\" height=\"164\" \/><\/a>E\u2019 stato aggiudicato l\u2019appalto per la sistemazione di piazza Vittorio Veneto. I lavori, che verranno effettuati dalla ditta Recchia Giovanni Costruzioni di Sgurgola che si \u00e8 aggiudicata l\u2019appalto, consistono nell\u2019esecuzione del rifacimento totale del look d\u2019intera piazza e delle zone adiacenti.<br \/>\nQuesta parte della citt\u00e0 verr\u00e0 resa pedonale, verr\u00e0 posta una nuova pavimentazione consona con l\u2019ambiente circostante ed in particolare con l\u2019esistente palazzo delle Prefettura. Verr\u00e0 tra l\u2019altro realizzata una illuminazione artistica, sar\u00e0 dato proseguimento al marciapiede attualmente esistente in Corso della Repubblica, all\u2019interno del nuovo sito verranno sistemate delle essenze arboree e realizzate delle apposite sedute in marmo di forma ovale.<br \/>\nLa durata lavori \u00e8 di circa 120 giorni consecutivi a partire dalla firma del verbale di consegna.<br \/>\nIl progetto \u00e8 stato finanziato per un importo complessivo di 280.000 euro, di cui solo per lavori aggiudicati di circa 157.000 euro.<br \/>\nResponsabile del procedimento, il geometra Salvatore Cirillo; progettista, direttore lavori e coordinatore della sicurezza, l\u2019architetto Laura Coppi. Il progetto \u00e8 stato redatto con la consulenza specialistica del geologo Roberto Spalvieri<\/p>\n<div><span style=\"font-size: x-small;\">mar 17 gen, 2012 2:00 am<\/span><\/div>\n<div><a href=\"http:\/\/www.virtualcity3d.it\/index.aspx?city=frosinone&amp;comune=frosinone.db\"><img loading=\"lazy\" decoding=\"async\" class=\"alignleft size-full wp-image-725\" title=\"Frosinone_86x86\" src=\"https:\/\/www.ulisseland.com\/journal\/wp-content\/uploads\/2012\/03\/Frosinone_86x86.png\" alt=\"\" width=\"86\" height=\"86\" srcset=\"https:\/\/www.ulisseland.com\/journal\/wp-content\/uploads\/2012\/03\/Frosinone_86x86.png 86w, https:\/\/www.ulisseland.com\/journal\/wp-content\/uploads\/2012\/03\/Frosinone_86x86-50x50.png 50w\" sizes=\"auto, (max-width: 86px) 100vw, 86px\" \/><\/a><\/div>\n","protected":false},"excerpt":{"rendered":"<p>E\u2019 stato aggiudicato l\u2019appalto per la sistemazione di piazza Vittorio Veneto. I lavori, che verranno effettuati dalla ditta Recchia Giovanni Costruzioni di Sgurgola che si \u00e8 aggiudicata l\u2019appalto, consistono nell\u2019esecuzione del rifacimento totale del look d\u2019intera piazza e delle zone adiacenti. Questa parte della citt\u00e0 verr\u00e0 resa pedonale, verr\u00e0 posta una nuova pavimentazione consona con<\/p>\n","protected":false},"author":1,"featured_media":0,"comment_status":"open","ping_status":"open","sticky":false,"template":"","format":"standard","meta":{"footnotes":""},"categories":[15,11],"tags":[],"class_list":["post-876","post","type-post","status-publish","format-standard","hentry","category-comune-di-frosinone","category-enti"],"_links":{"self":[{"href":"https:\/\/www.ulisseland.com\/journal\/wp-json\/wp\/v2\/posts\/876","targetHints":{"allow":["GET"]}}],"collection":[{"href":"https:\/\/www.ulisseland.com\/journal\/wp-json\/wp\/v2\/posts"}],"about":[{"href":"https:\/\/www.ulisseland.com\/journal\/wp-json\/wp\/v2\/types\/post"}],"author":[{"embeddable":true,"href":"https:\/\/www.ulisseland.com\/journal\/wp-json\/wp\/v2\/users\/1"}],"replies":[{"embeddable":true,"href":"https:\/\/www.ulisseland.com\/journal\/wp-json\/wp\/v2\/comments?post=876"}],"version-history":[{"count":6,"href":"https:\/\/www.ulisseland.com\/journal\/wp-json\/wp\/v2\/posts\/876\/revisions"}],"predecessor-version":[{"id":906,"href":"https:\/\/www.ulisseland.com\/journal\/wp-json\/wp\/v2\/posts\/876\/revisions\/906"}],"wp:attachment":[{"href":"https:\/\/www.ulisseland.com\/journal\/wp-json\/wp\/v2\/media?parent=876"}],"wp:term":[{"taxonomy":"category","embeddable":true,"href":"https:\/\/www.ulisseland.com\/journal\/wp-json\/wp\/v2\/categories?post=876"},{"taxonomy":"post_tag","embeddable":true,"href":"https:\/\/www.ulisseland.com\/journal\/wp-json\/wp\/v2\/tags?post=876"}],"curies":[{"name":"wp","href":"https:\/\/api.w.org\/{rel}","templated":true}]}}