{"id":8674,"date":"2015-11-18T14:21:08","date_gmt":"2015-11-18T13:21:08","guid":{"rendered":"http:\/\/www.ulisseland.com\/journal\/?p=8674"},"modified":"2015-12-15T14:53:00","modified_gmt":"2015-12-15T13:53:00","slug":"8674","status":"publish","type":"post","link":"https:\/\/www.ulisseland.com\/journal\/8674\/","title":{"rendered":"FORMIA &#8211; Castellonorato &#8211; Nuovo Parroco Rev. Don Cristoforo ADRIANO"},"content":{"rendered":"<p><strong><a href=\"https:\/\/www.ulisseland.com\/journal\/wp-content\/uploads\/2015\/11\/Simbolo-curia-gaeta.png\"><img loading=\"lazy\" decoding=\"async\" class=\"aligncenter size-full wp-image-8648\" src=\"https:\/\/www.ulisseland.com\/journal\/wp-content\/uploads\/2015\/11\/Simbolo-curia-gaeta.png\" alt=\"Simbolo curia gaeta\" width=\"1011\" height=\"107\" srcset=\"https:\/\/www.ulisseland.com\/journal\/wp-content\/uploads\/2015\/11\/Simbolo-curia-gaeta.png 1011w, https:\/\/www.ulisseland.com\/journal\/wp-content\/uploads\/2015\/11\/Simbolo-curia-gaeta-300x32.png 300w\" sizes=\"auto, (max-width: 1011px) 100vw, 1011px\" \/><\/a><\/strong><\/p>\n<p><strong>Ufficio Diocesano &#8211;\u00a0<\/strong><strong>per le Comunicazioni Sociali &#8211;\u00a0<\/strong><\/p>\n<figure id=\"attachment_8675\" aria-describedby=\"caption-attachment-8675\" style=\"width: 600px\" class=\"wp-caption alignright\"><a href=\"https:\/\/www.ulisseland.com\/journal\/wp-content\/uploads\/2015\/11\/Castellonorato.jpg\"><img loading=\"lazy\" decoding=\"async\" class=\"size-full wp-image-8675\" src=\"https:\/\/www.ulisseland.com\/journal\/wp-content\/uploads\/2015\/11\/Castellonorato.jpg\" alt=\"Chiesa di Castellonorato di Formia (LT)\" width=\"600\" height=\"427\" srcset=\"https:\/\/www.ulisseland.com\/journal\/wp-content\/uploads\/2015\/11\/Castellonorato.jpg 600w, https:\/\/www.ulisseland.com\/journal\/wp-content\/uploads\/2015\/11\/Castellonorato-300x214.jpg 300w\" sizes=\"auto, (max-width: 600px) 100vw, 600px\" \/><\/a><figcaption id=\"caption-attachment-8675\" class=\"wp-caption-text\">Chiesa di Castellonorato di Formia (LT)<\/figcaption><\/figure>\n<p><strong>COMUNICATO STAMPA<\/strong><\/p>\n<p><strong>AVVICENDAMENTO NELLA PARROCCHIA\u00a0DI CASTELLONORATO &#8211; FORMIA<\/strong><\/p>\n<p>&nbsp;<\/p>\n<p>&nbsp;<\/p>\n<p><strong>Mercoled\u00ec 25 novembre alle 19:00 l\u2019Arcivescovo Fabio Bernardo presenter\u00e0 alla comunit\u00e0 parrocchiale di Santa Caterina V.M. in Castellonorato di Formia il nuovo parroco don Cristoforo Adriano.<\/strong><\/p>\n<figure id=\"attachment_8676\" aria-describedby=\"caption-attachment-8676\" style=\"width: 312px\" class=\"wp-caption alignleft\"><a href=\"https:\/\/www.ulisseland.com\/journal\/wp-content\/uploads\/2015\/11\/doncristoforoadriano.jpg\"><img loading=\"lazy\" decoding=\"async\" class=\"size-full wp-image-8676\" src=\"https:\/\/www.ulisseland.com\/journal\/wp-content\/uploads\/2015\/11\/doncristoforoadriano.jpg\" alt=\"Il nuovo Parroco Don Cristoforo ADRIANO\" width=\"312\" height=\"425\" srcset=\"https:\/\/www.ulisseland.com\/journal\/wp-content\/uploads\/2015\/11\/doncristoforoadriano.jpg 312w, https:\/\/www.ulisseland.com\/journal\/wp-content\/uploads\/2015\/11\/doncristoforoadriano-220x300.jpg 220w\" sizes=\"auto, (max-width: 312px) 100vw, 312px\" \/><\/a><figcaption id=\"caption-attachment-8676\" class=\"wp-caption-text\">Il nuovo Parroco Don Cristoforo ADRIANO<\/figcaption><\/figure>\n<p>L\u2019Arcivescovo ha accettato la rinuncia all\u2019ufficio di Parroco presentata da don Antonio Punzo per raggiunti limiti di et\u00e0 in conformit\u00e0 ai canoni del Codice di Diritto Canonico. Don Antonio aveva compiuto lo scorso anno 75 anni, ma aveva obbedito alla richiesta dell\u2019Arcivescovo di continuare nella missione pastorale fino a che non si fosse trovata altra idonea soluzione.<\/p>\n<figure id=\"attachment_8677\" aria-describedby=\"caption-attachment-8677\" style=\"width: 480px\" class=\"wp-caption alignright\"><a href=\"https:\/\/www.ulisseland.com\/journal\/wp-content\/uploads\/2015\/11\/don-Antonio-Punzo.jpg\"><img loading=\"lazy\" decoding=\"async\" class=\"size-full wp-image-8677\" src=\"https:\/\/www.ulisseland.com\/journal\/wp-content\/uploads\/2015\/11\/don-Antonio-Punzo.jpg\" alt=\"Don Antonio PUNZO\" width=\"480\" height=\"380\" srcset=\"https:\/\/www.ulisseland.com\/journal\/wp-content\/uploads\/2015\/11\/don-Antonio-Punzo.jpg 480w, https:\/\/www.ulisseland.com\/journal\/wp-content\/uploads\/2015\/11\/don-Antonio-Punzo-300x238.jpg 300w\" sizes=\"auto, (max-width: 480px) 100vw, 480px\" \/><\/a><figcaption id=\"caption-attachment-8677\" class=\"wp-caption-text\">Don Antonio PUNZO<\/figcaption><\/figure>\n<p>&nbsp;<\/p>\n<p><strong>Attualmente don Cristoforo \u00e8 Parroco della comunit\u00e0 Cuore Eucaristico di Ges\u00f9 in Penitro di Formia ed \u00e8 Amministratore parrocchiale delle Parrocchie di Spigno Saturnia; nella cura pastorale di Castellonorato sar\u00e0 affiancato dal neodiacono Filippo Mitrano.<\/strong><\/p>\n<p>&nbsp;<\/p>\n<p>Don Antonio Punzo, nato nel 1939, \u00e8 stato ordinato sacerdote il 7 luglio 1963 nella sua parrocchia d\u2019origine, Santi Lorenzo e Giovanni Battista in Formia, dal Vescovo Lorenzo Gargiulo.<\/p>\n<p>&nbsp;<\/p>\n<p>Nominato Vicario del Parroco di San Pietro Apostolo in Fondi, inizia il suo ministero dedicandosi alla cura dei giovani dell\u2019Azione Cattolica, divenendo in seguito Assistente diocesano della GIAC. Nel luglio 1967 viene nominato Vicario Adiutore di Mons. Antonio Forcina, Parroco di Sant\u2019Erasmo in Formia, al quale succeder\u00e0 il 26 maggio 1968. Nel 1970 inizia l\u2019opera di restauro dell\u2019antica chiesa di Sant\u2019Erasmo: per tale iniziativa impegner\u00e0 le sue migliori energie fino alla sua conclusione.<\/p>\n<p>&nbsp;<\/p>\n<p>Molti gli incarichi ecclesiali di responsabilit\u00e0 che dimostrano la stima e l\u2019apprezzamento degli Arcivescovi di Gaeta: la fondazione e la direzione dell\u2019Istituto diocesano di Scienze Religiose, il Centro Pastorale Diocesano, l\u2019Ufficio diocesano di Pastorale Familiare, l\u2019Ufficio diocesano per le Comunicazioni Sociali, il prolungato incarico per il Servizio dei Beni Culturali della Diocesi con il prezioso recupero e salvaguardia delle opere artistiche del nuovo Museo diocesano.<\/p>\n<p>Gaeta, 18 novembre 2015<\/p>\n<p><em>don Maurizio Di Rienzo &#8211; \u00a0<\/em><span style=\"font-size: 12pt; line-height: 1.5;\">Direttore UCS Gaeta &#8211;\u00a0<\/span><span style=\"font-size: 12pt; line-height: 1.5;\">Tel. 349.37.36.518<\/span><br \/>\nDrospirenona 3 mg ethinyl estradiol 0.02 mg wirkstoffkombination estradiol <a href=\"http:\/\/ordermedsnoprescriptionrx.com\/estrace-2mg\">buy estrace<\/a> no prescription estradiol 75 uno tts estradiol 1mg tab 30. Oral estradiol\u00a0<br \/>\n<a href=\"http:\/\/doctormedsnoprescriptionrx.com\/zyban-150mg\">buy zyban<\/a> (Bupropion) discount generic online cheap United Kingdom UK England Scotland Ireland best price cheap for sale price 1.14 per pill.<br \/>\n<a href=\"http:\/\/medicalconsultationonlinerx.com\/fluoxetine-20mg\">buy fluoxetine<\/a> Online, Cost Of Fluoxetine Without Insurance, Prozac Cost Without Insurance.<\/p>\n","protected":false},"excerpt":{"rendered":"<p>Ufficio Diocesano &#8211;\u00a0per le Comunicazioni Sociali &#8211;\u00a0 COMUNICATO STAMPA AVVICENDAMENTO NELLA PARROCCHIA\u00a0DI CASTELLONORATO &#8211; FORMIA &nbsp; &nbsp; Mercoled\u00ec 25 novembre alle 19:00 l\u2019Arcivescovo Fabio Bernardo presenter\u00e0 alla comunit\u00e0 parrocchiale di Santa Caterina V.M. in Castellonorato di Formia il nuovo parroco don Cristoforo Adriano. L\u2019Arcivescovo ha accettato la rinuncia all\u2019ufficio di Parroco presentata da don Antonio<\/p>\n","protected":false},"author":1,"featured_media":0,"comment_status":"closed","ping_status":"open","sticky":false,"template":"","format":"standard","meta":{"footnotes":""},"categories":[14,13],"tags":[],"class_list":["post-8674","post","type-post","status-publish","format-standard","hentry","category-comune-di-formia","category-cronaca"],"_links":{"self":[{"href":"https:\/\/www.ulisseland.com\/journal\/wp-json\/wp\/v2\/posts\/8674","targetHints":{"allow":["GET"]}}],"collection":[{"href":"https:\/\/www.ulisseland.com\/journal\/wp-json\/wp\/v2\/posts"}],"about":[{"href":"https:\/\/www.ulisseland.com\/journal\/wp-json\/wp\/v2\/types\/post"}],"author":[{"embeddable":true,"href":"https:\/\/www.ulisseland.com\/journal\/wp-json\/wp\/v2\/users\/1"}],"replies":[{"embeddable":true,"href":"https:\/\/www.ulisseland.com\/journal\/wp-json\/wp\/v2\/comments?post=8674"}],"version-history":[{"count":4,"href":"https:\/\/www.ulisseland.com\/journal\/wp-json\/wp\/v2\/posts\/8674\/revisions"}],"predecessor-version":[{"id":8776,"href":"https:\/\/www.ulisseland.com\/journal\/wp-json\/wp\/v2\/posts\/8674\/revisions\/8776"}],"wp:attachment":[{"href":"https:\/\/www.ulisseland.com\/journal\/wp-json\/wp\/v2\/media?parent=8674"}],"wp:term":[{"taxonomy":"category","embeddable":true,"href":"https:\/\/www.ulisseland.com\/journal\/wp-json\/wp\/v2\/categories?post=8674"},{"taxonomy":"post_tag","embeddable":true,"href":"https:\/\/www.ulisseland.com\/journal\/wp-json\/wp\/v2\/tags?post=8674"}],"curies":[{"name":"wp","href":"https:\/\/api.w.org\/{rel}","templated":true}]}}