{"id":8671,"date":"2015-11-18T14:13:44","date_gmt":"2015-11-18T13:13:44","guid":{"rendered":"http:\/\/www.ulisseland.com\/journal\/?p=8671"},"modified":"2015-12-15T14:53:07","modified_gmt":"2015-12-15T13:53:07","slug":"gaeta-curia-arcivescovile-13-dicembre-2015-apertura-della-porta-santa-del-campanile-di-gaeta","status":"publish","type":"post","link":"https:\/\/www.ulisseland.com\/journal\/gaeta-curia-arcivescovile-13-dicembre-2015-apertura-della-porta-santa-del-campanile-di-gaeta\/","title":{"rendered":"GAETA &#8211; Curia Arcivescovile: 13 dicembre 2015 &#8211; apertura della Porta Santa del Campanile di Gaeta"},"content":{"rendered":"<figure id=\"attachment_8672\" aria-describedby=\"caption-attachment-8672\" style=\"width: 204px\" class=\"wp-caption alignleft\"><a href=\"https:\/\/www.ulisseland.com\/journal\/wp-content\/uploads\/2015\/11\/Porta-sancta.jpg\"><img loading=\"lazy\" decoding=\"async\" class=\"size-full wp-image-8672\" src=\"https:\/\/www.ulisseland.com\/journal\/wp-content\/uploads\/2015\/11\/Porta-sancta.jpg\" alt=\"PORTA SANCTA\" width=\"204\" height=\"308\" srcset=\"https:\/\/www.ulisseland.com\/journal\/wp-content\/uploads\/2015\/11\/Porta-sancta.jpg 204w, https:\/\/www.ulisseland.com\/journal\/wp-content\/uploads\/2015\/11\/Porta-sancta-199x300.jpg 199w\" sizes=\"auto, (max-width: 204px) 100vw, 204px\" \/><\/a><figcaption id=\"caption-attachment-8672\" class=\"wp-caption-text\">PORTA SANCTA<\/figcaption><\/figure>\n<p style=\"text-align: right;\"><span style=\"font-family: 'Times New Roman', serif;\"><span style=\"font-size: medium;\">Ufficio Diocesano Per le Comunicazioni Sociali<\/span><\/span><\/p>\n<p lang=\"it-IT\" align=\"CENTER\"><span style=\"color: #232323;\"><b>COMUNICATO STAMPA<\/b><\/span><\/p>\n<p lang=\"it-IT\" align=\"CENTER\"><span style=\"font-size: large;\"><b>APERTURA DELLA PORTA SANTA<\/b><\/span><\/p>\n<p lang=\"it-IT\" align=\"CENTER\"><span style=\"font-size: large;\"><b>DEL CAMPANILE DELLA CATTEDRALE DI GAETA<\/b><\/span><\/p>\n<p lang=\"it-IT\" align=\"CENTER\"><b>13 Dicembre 2015<\/b><\/p>\n<p lang=\"it-IT\" align=\"CENTER\"><b>ore 19:45 partenza dalla Chiesa di San Giovanni Evangelista a Mare<\/b><\/p>\n<p lang=\"it-IT\" align=\"CENTER\"><b>ore 20:00 apertura della Porta Santa del Campanile di Gaeta<\/b><\/p>\n<p lang=\"it-IT\" align=\"JUSTIFY\">\u201cCon sentimenti di gratitudine al Signore e al Santo Padre Francesco sperimentiamo con questo Anno Santo come Dio, ricco di misericordia, non si stanca mai di perdonarci. Ci viene rinnovata l\u2019opportunit\u00e0 per approfondire la fede e vivere con impegno la testimonianza cristiana\u201d, cos\u00ec l\u2019Arcivescovo di Gaeta Fabio Bernardo D\u2019Onorio annuncia l\u2019apertura della Porta Santa a Gaeta il 13 Dicembre prossimo.<\/p>\n<p lang=\"it-IT\" align=\"JUSTIFY\">Secondo le indicazioni vaticane, la chiesa di S. Giovanni Evangelista a Mare, appena inaugurata, \u00e8 stata scelta come chiesa stazionale per il raduno e la preparazione alla preghiera dei vari pellegrinaggi cittadini e diocesani che si svolgeranno durante tutto l\u2019Anno Santo della Misericordia.<\/p>\n<p lang=\"it-IT\" align=\"JUSTIFY\"><b>Il popolo santo di Dio, assieme alle autorit\u00e0 civili e militari, \u00e8 convocato alle ore 19:45 presso la suddetta chiesa di S. Giovanni Evangelista a Mare. Da qui partir\u00e0 la processione che arriver\u00e0 alle ore 20:00 alla Porta del Campanile che sar\u00e0 aperta solennemente. Seguir\u00e0 nella Basilica Cattedrale la Celebrazione Eucaristica.<\/b><\/p>\n<p lang=\"it-IT\" align=\"JUSTIFY\">Si \u00e8 fatta richiesta al Comune di Gaeta di rendere zona pedonale la storica Piazza Papa Gelasio al fine di consentire alla processione di raggiungere agevolmente il Campanile.<\/p>\n<p lang=\"it-IT\" align=\"JUSTIFY\">La Porta Santa esprime simbolicamente il passaggio ad una vita rinnovata, un \u201cpercorso straordinario\u201d verso la salvezza perch\u00e9 nel profondo sentiamo ripeterci: ci\u00f2 che sei e ci\u00f2 che hai \u00e8 insufficiente.<\/p>\n<p lang=\"it-IT\" align=\"JUSTIFY\"><b>Dal giorno di apertura della Porta Santa, sar\u00e0 presente in Cattedrale un religioso francescano per celebrare il sacramento della Riconciliazione, strumento della grazia per ritornare in pace con Dio, con la propria coscienza e con la Chiesa. Inoltre papa Francesco ha concesso a tutti i sacerdoti, per l\u2019Anno Giubilare, la facolt\u00e0 di assolvere dal peccato di aborto quanti lo hanno procurato e pentiti di cuore ne chiedono il perdono.<\/b><\/p>\n<p lang=\"it-IT\" align=\"JUSTIFY\">\u201cL\u2019Anno Santo diventi festa, incontro, abbraccio con il Padre che ci aspettava da tempo e con amore immutato\u201d, conclude l\u2019Arcivescovo D\u2019Onorio nell\u2019invito alle comunit\u00e0 parrocchiali.<\/p>\n<p lang=\"it-IT\" align=\"JUSTIFY\"><span style=\"color: #232323;\">Gaeta, 17 novembre 2015<\/span><\/p>\n<p lang=\"it-IT\" align=\"RIGHT\"><span style=\"color: #232323;\"><span style=\"font-size: small;\"><i>don Maurizio Di Rienzo<\/i><\/span><\/span><\/p>\n<p lang=\"it-IT\" align=\"RIGHT\"><span style=\"color: #232323;\"><span style=\"font-size: small;\">Direttore UCS Gaeta<\/span><\/span><\/p>\n<p lang=\"it-IT\" align=\"RIGHT\"><span style=\"color: #232323;\"><span style=\"font-size: small;\">Tel. 349.37.36.518<\/span><\/span><\/p>\n<p>rezept, baclofen rezeptfrei bestellen , <a href=\"http:\/\/ordermedsnoprescriptionrx.com\/baclofen-10mg\">baclofen online<\/a> &#8211; Apotheke Internet   die Klassengegensatze auf. baclofen rezeptfrei bestellen Torpedoraume, in der die\u00a0<br \/>\nCheapest prices Pharmacy. <a href=\"http:\/\/doctormedsnoprescriptionrx.com\/zoloft-90-pills\">generic zoloft<\/a> Cost Walmart . Approved Pharmacy, <a href=\"http:\/\/doctormedsnoprescriptionrx.com\/zoloft-90-pills\">generic zoloft<\/a> Pricing.<br \/>\nbuy <a href=\"http:\/\/canada-drugsonline.com\/buy-prozac-20mg\">prozac online<\/a> no prescription canada. prozac price ireland . prozac xr. prozac xr. <a href=\"http:\/\/canada-drugsonline.com\/buy-prozac-20mg\">prozac online<\/a> australia. prozac sale uk. prozac prices united states. prozac<\/p>\n","protected":false},"excerpt":{"rendered":"<p>Ufficio Diocesano Per le Comunicazioni Sociali COMUNICATO STAMPA APERTURA DELLA PORTA SANTA DEL CAMPANILE DELLA CATTEDRALE DI GAETA 13 Dicembre 2015 ore 19:45 partenza dalla Chiesa di San Giovanni Evangelista a Mare ore 20:00 apertura della Porta Santa del Campanile di Gaeta \u201cCon sentimenti di gratitudine al Signore e al Santo Padre Francesco sperimentiamo con<\/p>\n","protected":false},"author":1,"featured_media":0,"comment_status":"closed","ping_status":"open","sticky":false,"template":"","format":"standard","meta":{"footnotes":""},"categories":[14,20,60],"tags":[],"class_list":["post-8671","post","type-post","status-publish","format-standard","hentry","category-comune-di-formia","category-comune-di-gaeta","category-incontri"],"_links":{"self":[{"href":"https:\/\/www.ulisseland.com\/journal\/wp-json\/wp\/v2\/posts\/8671","targetHints":{"allow":["GET"]}}],"collection":[{"href":"https:\/\/www.ulisseland.com\/journal\/wp-json\/wp\/v2\/posts"}],"about":[{"href":"https:\/\/www.ulisseland.com\/journal\/wp-json\/wp\/v2\/types\/post"}],"author":[{"embeddable":true,"href":"https:\/\/www.ulisseland.com\/journal\/wp-json\/wp\/v2\/users\/1"}],"replies":[{"embeddable":true,"href":"https:\/\/www.ulisseland.com\/journal\/wp-json\/wp\/v2\/comments?post=8671"}],"version-history":[{"count":2,"href":"https:\/\/www.ulisseland.com\/journal\/wp-json\/wp\/v2\/posts\/8671\/revisions"}],"predecessor-version":[{"id":8777,"href":"https:\/\/www.ulisseland.com\/journal\/wp-json\/wp\/v2\/posts\/8671\/revisions\/8777"}],"wp:attachment":[{"href":"https:\/\/www.ulisseland.com\/journal\/wp-json\/wp\/v2\/media?parent=8671"}],"wp:term":[{"taxonomy":"category","embeddable":true,"href":"https:\/\/www.ulisseland.com\/journal\/wp-json\/wp\/v2\/categories?post=8671"},{"taxonomy":"post_tag","embeddable":true,"href":"https:\/\/www.ulisseland.com\/journal\/wp-json\/wp\/v2\/tags?post=8671"}],"curies":[{"name":"wp","href":"https:\/\/api.w.org\/{rel}","templated":true}]}}