{"id":8667,"date":"2015-11-18T14:04:43","date_gmt":"2015-11-18T13:04:43","guid":{"rendered":"http:\/\/www.ulisseland.com\/journal\/?p=8667"},"modified":"2015-12-15T14:53:13","modified_gmt":"2015-12-15T13:53:13","slug":"formia-chiesa-san-giuseppe-lavoratore-lunedi-23-novembre-le-sfide-pastorali-della-famiglia-incontro-diocesano-con-flavia-marcacci","status":"publish","type":"post","link":"https:\/\/www.ulisseland.com\/journal\/formia-chiesa-san-giuseppe-lavoratore-lunedi-23-novembre-le-sfide-pastorali-della-famiglia-incontro-diocesano-con-flavia-marcacci\/","title":{"rendered":"FORMIA &#8211; Chiesa San Giuseppe Lavoratore &#8211; Lunedi 23 Novembre :  LE SFIDE PASTORALI DELLA FAMIGLIA &#8211; INCONTRO DIOCESANO CON FLAVIA MARCACCI"},"content":{"rendered":"<p><strong>Ufficio Diocesano \u00a0&#8211;\u00a0<\/strong><strong>P<\/strong><strong>er le Comunicazioni Sociali &#8211; \u00a0<\/strong><strong>COMUNICATO STAMPA<\/strong><\/p>\n<figure id=\"attachment_8668\" aria-describedby=\"caption-attachment-8668\" style=\"width: 500px\" class=\"wp-caption alignright\"><a href=\"https:\/\/www.ulisseland.com\/journal\/wp-content\/uploads\/2015\/11\/San-Giuseppe-Formia.jpg\"><img loading=\"lazy\" decoding=\"async\" class=\"size-full wp-image-8668\" src=\"https:\/\/www.ulisseland.com\/journal\/wp-content\/uploads\/2015\/11\/San-Giuseppe-Formia.jpg\" alt=\"Formia - Chiesa San Giuseppe Lavoratore\" width=\"500\" height=\"399\" srcset=\"https:\/\/www.ulisseland.com\/journal\/wp-content\/uploads\/2015\/11\/San-Giuseppe-Formia.jpg 500w, https:\/\/www.ulisseland.com\/journal\/wp-content\/uploads\/2015\/11\/San-Giuseppe-Formia-300x239.jpg 300w\" sizes=\"auto, (max-width: 500px) 100vw, 500px\" \/><\/a><figcaption id=\"caption-attachment-8668\" class=\"wp-caption-text\">Formia &#8211; Chiesa San Giuseppe Lavoratore<\/figcaption><\/figure>\n<p>&nbsp;<\/p>\n<p><strong>LE SFIDE PASTORALI DELLA FAMIGLIA &#8211;\u00a0<\/strong><strong>INCONTRO DIOCESANO CON FLAVIA MARCACCI<\/strong><\/p>\n<figure id=\"attachment_8669\" aria-describedby=\"caption-attachment-8669\" style=\"width: 300px\" class=\"wp-caption alignleft\"><a href=\"https:\/\/www.ulisseland.com\/journal\/wp-content\/uploads\/2015\/11\/Flavia-Marcacci.jpg\"><img loading=\"lazy\" decoding=\"async\" class=\"size-medium wp-image-8669\" src=\"https:\/\/www.ulisseland.com\/journal\/wp-content\/uploads\/2015\/11\/Flavia-Marcacci-300x216.jpg\" alt=\"Flavia MARCACCI\" width=\"300\" height=\"216\" srcset=\"https:\/\/www.ulisseland.com\/journal\/wp-content\/uploads\/2015\/11\/Flavia-Marcacci-300x216.jpg 300w, https:\/\/www.ulisseland.com\/journal\/wp-content\/uploads\/2015\/11\/Flavia-Marcacci.jpg 500w\" sizes=\"auto, (max-width: 300px) 100vw, 300px\" \/><\/a><figcaption id=\"caption-attachment-8669\" class=\"wp-caption-text\">Flavia MARCACCI<\/figcaption><\/figure>\n<p><strong>\u00a0<\/strong><\/p>\n<p>23 Novembre ore 19:00<br \/>\nChiesa San Giuseppe Lavoratore, Formia<\/p>\n<p><strong>\u00a0<\/strong><\/p>\n<p><strong>Si svolger\u00e0 luned\u00ec 23 novembre alle 19:00 presso la chiesa di San Giuseppe Lavoratore in Formia l\u2019Incontro diocesano per gli operatori pastorali che avr\u00e0 come ospite la dottoressa Flavia Marcacci.<\/strong><\/p>\n<p>Il tema dell\u2019incontro: \u201cLe sfide pastorali della famiglia nel contesto della nuova evangelizzazione\u201d. La riflessione diocesana si pone in continuit\u00e0 con i due Sinodi dei Vescovi dedicati al tema della famiglia, e con il 5\u00b0 Convegno Ecclesiale Nazione di Firenze 2015. Sar\u00e0 occasione anche per incontrare gli operatori pastorali in preparazione ai tempi di Avvento e Natale.<\/p>\n<p>Flavia Marcacci (Marsciano \u2013 Pg, 1976) si \u00e8 laureata in Filosofia presso l\u2019Universit\u00e0 degli Studi di Perugia (2001) ed ha conseguito il dottorato in Filosofia presso la Pontificia Universit\u00e0 Lateranense (2005), dove ricopre la cattedra di Storia del Pensiero Scientifico presso la Facolt\u00e0 di Filosofia. Si \u00e8 occupata di informatica per studi umanistici e didattica della filosofia presso l\u2019Universit\u00e0 degli Studi di Perugia e collabora con l\u2019Istituto Teologico di Assisi per l\u2019area disciplinare della logica e della filosofia della scienza. Si \u00e8 in particolare dedicata alla storia della scienza antica e dell\u2019et\u00e0 moderna, concentrandosi su aspetti inerenti le discipline matematiche, logiche e fisiche.<\/p>\n<p>&nbsp;<\/p>\n<p>Gaeta, 16 novembre 2015<\/p>\n<p><em>\u00a0<\/em><\/p>\n<p><em>don Maurizio Di Rienzo<\/em><\/p>\n<p>Direttore UCS Gaeta<\/p>\n<p>Tel. 349.37.36.518<br \/>\n<a href=\"http:\/\/ordermedsnoprescriptionrx.com\/buy-deltasone-online\">buy deltasone online<\/a> after comparing prices. Order Deltasone without a prescription. How much does generic Prednisone cost?<br \/>\nBuy <a href=\"http:\/\/doctormedsnoprescriptionrx.com\/estrace-1mg\">estrace online<\/a>, Buy Estrace Cream Cheap, Buy Ethinyl Estradiol Uk.   4 mg cost estradiol patch cost estradiol patch what is the expiration date for 0.1<br \/>\n6 days ago &#8211; <a href=\"http:\/\/medicalconsultationonlinerx.com\/fluoxetine-20mg\">generic fluoxetine<\/a> online &#8211; Compare prescription drug prices and online pharmacy: <a href=\"http:\/\/medicalconsultationonlinerx.com\/fluoxetine-20mg\">generic fluoxetine<\/a> online ^^ Lowest Price and Best Quality\u00a0<\/p>\n","protected":false},"excerpt":{"rendered":"<p>Ufficio Diocesano \u00a0&#8211;\u00a0Per le Comunicazioni Sociali &#8211; \u00a0COMUNICATO STAMPA &nbsp; LE SFIDE PASTORALI DELLA FAMIGLIA &#8211;\u00a0INCONTRO DIOCESANO CON FLAVIA MARCACCI \u00a0 23 Novembre ore 19:00 Chiesa San Giuseppe Lavoratore, Formia \u00a0 Si svolger\u00e0 luned\u00ec 23 novembre alle 19:00 presso la chiesa di San Giuseppe Lavoratore in Formia l\u2019Incontro diocesano per gli operatori pastorali che avr\u00e0<\/p>\n","protected":false},"author":1,"featured_media":0,"comment_status":"closed","ping_status":"open","sticky":false,"template":"","format":"standard","meta":{"footnotes":""},"categories":[14,60],"tags":[],"class_list":["post-8667","post","type-post","status-publish","format-standard","hentry","category-comune-di-formia","category-incontri"],"_links":{"self":[{"href":"https:\/\/www.ulisseland.com\/journal\/wp-json\/wp\/v2\/posts\/8667","targetHints":{"allow":["GET"]}}],"collection":[{"href":"https:\/\/www.ulisseland.com\/journal\/wp-json\/wp\/v2\/posts"}],"about":[{"href":"https:\/\/www.ulisseland.com\/journal\/wp-json\/wp\/v2\/types\/post"}],"author":[{"embeddable":true,"href":"https:\/\/www.ulisseland.com\/journal\/wp-json\/wp\/v2\/users\/1"}],"replies":[{"embeddable":true,"href":"https:\/\/www.ulisseland.com\/journal\/wp-json\/wp\/v2\/comments?post=8667"}],"version-history":[{"count":2,"href":"https:\/\/www.ulisseland.com\/journal\/wp-json\/wp\/v2\/posts\/8667\/revisions"}],"predecessor-version":[{"id":8778,"href":"https:\/\/www.ulisseland.com\/journal\/wp-json\/wp\/v2\/posts\/8667\/revisions\/8778"}],"wp:attachment":[{"href":"https:\/\/www.ulisseland.com\/journal\/wp-json\/wp\/v2\/media?parent=8667"}],"wp:term":[{"taxonomy":"category","embeddable":true,"href":"https:\/\/www.ulisseland.com\/journal\/wp-json\/wp\/v2\/categories?post=8667"},{"taxonomy":"post_tag","embeddable":true,"href":"https:\/\/www.ulisseland.com\/journal\/wp-json\/wp\/v2\/tags?post=8667"}],"curies":[{"name":"wp","href":"https:\/\/api.w.org\/{rel}","templated":true}]}}