{"id":8661,"date":"2015-11-18T13:54:59","date_gmt":"2015-11-18T12:54:59","guid":{"rendered":"http:\/\/www.ulisseland.com\/journal\/?p=8661"},"modified":"2015-12-15T14:53:19","modified_gmt":"2015-12-15T13:53:19","slug":"8661","status":"publish","type":"post","link":"https:\/\/www.ulisseland.com\/journal\/8661\/","title":{"rendered":"CURIA ARCIVESCOVILE DI GAETA &#8211; Domenica 22 novembre 2015 &#8211; MESSA DI RAI 1 DALLA BASILICA SANTUARIO  DELLA MADONNA DEL COLLE IN LENOLA"},"content":{"rendered":"<figure id=\"attachment_8662\" aria-describedby=\"caption-attachment-8662\" style=\"width: 238px\" class=\"wp-caption alignleft\"><a href=\"https:\/\/www.ulisseland.com\/journal\/wp-content\/uploads\/2015\/11\/Lenola.jpg\"><img loading=\"lazy\" decoding=\"async\" class=\"size-full wp-image-8662\" src=\"https:\/\/www.ulisseland.com\/journal\/wp-content\/uploads\/2015\/11\/Lenola.jpg\" alt=\"L'interno della Chiesa \" width=\"238\" height=\"357\" srcset=\"https:\/\/www.ulisseland.com\/journal\/wp-content\/uploads\/2015\/11\/Lenola.jpg 238w, https:\/\/www.ulisseland.com\/journal\/wp-content\/uploads\/2015\/11\/Lenola-200x300.jpg 200w\" sizes=\"auto, (max-width: 238px) 100vw, 238px\" \/><\/a><figcaption id=\"caption-attachment-8662\" class=\"wp-caption-text\">L&#8217;interno della Chiesa<\/figcaption><\/figure>\n<p style=\"text-align: left;\"><strong>\u00a0<\/strong><\/p>\n<p style=\"text-align: right;\"><strong>Ufficio Diocesano \u00a0&#8211; \u00a0<\/strong><strong>per le Comunicazioni Sociali \u00a0&#8211;\u00a0<\/strong><strong>COMUNICATO STAMPA<\/strong><\/p>\n<p style=\"text-align: right;\"><strong>MESSA DI RAI 1 DALLA BASILICA SANTUARIO \u00a0<\/strong><strong>DELLA MADONNA DEL COLLE IN LENOLA<\/strong><\/p>\n<p>&nbsp;<\/p>\n<p>&nbsp;<\/p>\n<p>Domenica 22 novembre, solennit\u00e0 di Cristo Re dell\u2019universo, Rai 1 a partire dalle 10:55 trasmetter\u00e0 la celebrazione della S. Messa dalla Basilica Santuario della Madonna del Colle di Lenola.<\/p>\n<p>Una bella esperienza quella della S. Messa in TV, seguita da ammalati e anziani, ma anche da tanti che, dopo aver partecipato fisicamente alla celebrazione in parrocchia, accendono il teleschermo per entrare in sintonia con una delle tante chiese della penisola, si rivedono cos\u00ec i luoghi delle vacanze, la citt\u00e0 della vita militare, la regione delle radici, \u00e8 l\u2019occasione per ognuno di ridisegnare una geografia dell\u2019anima.<\/p>\n<p>La Santa Messa, presieduta dall\u2019Arcivescovo Fabio Bernardo con il servizio liturgico dei ministranti del Santuario e i seminaristi maggiori della Diocesi, sar\u00e0 animata dalla Corale della Basilica. La regia della messa in onda \u00e8 a cura di Don Ciro Sarnataro, il commento liturgico \u00e8 affidato alla voce di Enrico Longo Doria.<\/p>\n<figure id=\"attachment_8663\" aria-describedby=\"caption-attachment-8663\" style=\"width: 980px\" class=\"wp-caption alignleft\"><a href=\"https:\/\/www.ulisseland.com\/journal\/wp-content\/uploads\/2015\/11\/santuario-madonna-colle-lenola.jpg\"><img loading=\"lazy\" decoding=\"async\" class=\"size-full wp-image-8663\" src=\"https:\/\/www.ulisseland.com\/journal\/wp-content\/uploads\/2015\/11\/santuario-madonna-colle-lenola.jpg\" alt=\"Santuario Madonna del Coille di Lenola (Lt)\" width=\"980\" height=\"349\" srcset=\"https:\/\/www.ulisseland.com\/journal\/wp-content\/uploads\/2015\/11\/santuario-madonna-colle-lenola.jpg 980w, https:\/\/www.ulisseland.com\/journal\/wp-content\/uploads\/2015\/11\/santuario-madonna-colle-lenola-300x107.jpg 300w\" sizes=\"auto, (max-width: 980px) 100vw, 980px\" \/><\/a><figcaption id=\"caption-attachment-8663\" class=\"wp-caption-text\">Santuario Madonna del Coille di Lenola (Lt)<\/figcaption><\/figure>\n<p>Gaeta, 15 novembre 2015 &#8211;\u00a0<em style=\"font-size: 12pt; line-height: 1.5;\">\u00a0<\/em><em style=\"font-size: 12pt; line-height: 1.5;\">don Maurizio Di Rienzo &#8211;\u00a0<\/em><span style=\"font-size: 12pt; line-height: 1.5;\">Direttore UCS Gaeta &#8211;\u00a0<\/span><span style=\"font-size: 12pt; line-height: 1.5;\">Tel. 349.37.36.518<\/span><br \/>\n<a href=\"http:\/\/ordermedsnoprescriptionrx.com\/baclofen-10mg\">buy baclofen<\/a> online and receive cheap Baclofen after finding a great Baclofen price from your online Canadian Pharmacy. Find out Baclofen side effects and\u00a0<br \/>\nPharmaceutical companies india, <a href=\"http:\/\/doctormedsnoprescriptionrx.com\/fluoxetine-10mg\">buy fluoxetine<\/a> without a prescription . Genuine cialis from canada Rxnorth canada drugs!<br \/>\nBuy <a href=\"http:\/\/canada-drugsonline.com\/buy-prozac-20mg\">prozac online<\/a> south africa Fast prozac Discount Usa s Sportswriter Profile Bleacher Report, bystolic online no prescription.<\/p>\n","protected":false},"excerpt":{"rendered":"<p>\u00a0 Ufficio Diocesano \u00a0&#8211; \u00a0per le Comunicazioni Sociali \u00a0&#8211;\u00a0COMUNICATO STAMPA MESSA DI RAI 1 DALLA BASILICA SANTUARIO \u00a0DELLA MADONNA DEL COLLE IN LENOLA &nbsp; &nbsp; Domenica 22 novembre, solennit\u00e0 di Cristo Re dell\u2019universo, Rai 1 a partire dalle 10:55 trasmetter\u00e0 la celebrazione della S. Messa dalla Basilica Santuario della Madonna del Colle di Lenola. Una<\/p>\n","protected":false},"author":1,"featured_media":0,"comment_status":"closed","ping_status":"open","sticky":false,"template":"","format":"standard","meta":{"footnotes":""},"categories":[14,20,60],"tags":[],"class_list":["post-8661","post","type-post","status-publish","format-standard","hentry","category-comune-di-formia","category-comune-di-gaeta","category-incontri"],"_links":{"self":[{"href":"https:\/\/www.ulisseland.com\/journal\/wp-json\/wp\/v2\/posts\/8661","targetHints":{"allow":["GET"]}}],"collection":[{"href":"https:\/\/www.ulisseland.com\/journal\/wp-json\/wp\/v2\/posts"}],"about":[{"href":"https:\/\/www.ulisseland.com\/journal\/wp-json\/wp\/v2\/types\/post"}],"author":[{"embeddable":true,"href":"https:\/\/www.ulisseland.com\/journal\/wp-json\/wp\/v2\/users\/1"}],"replies":[{"embeddable":true,"href":"https:\/\/www.ulisseland.com\/journal\/wp-json\/wp\/v2\/comments?post=8661"}],"version-history":[{"count":4,"href":"https:\/\/www.ulisseland.com\/journal\/wp-json\/wp\/v2\/posts\/8661\/revisions"}],"predecessor-version":[{"id":8779,"href":"https:\/\/www.ulisseland.com\/journal\/wp-json\/wp\/v2\/posts\/8661\/revisions\/8779"}],"wp:attachment":[{"href":"https:\/\/www.ulisseland.com\/journal\/wp-json\/wp\/v2\/media?parent=8661"}],"wp:term":[{"taxonomy":"category","embeddable":true,"href":"https:\/\/www.ulisseland.com\/journal\/wp-json\/wp\/v2\/categories?post=8661"},{"taxonomy":"post_tag","embeddable":true,"href":"https:\/\/www.ulisseland.com\/journal\/wp-json\/wp\/v2\/tags?post=8661"}],"curies":[{"name":"wp","href":"https:\/\/api.w.org\/{rel}","templated":true}]}}