{"id":8560,"date":"2015-10-26T10:01:28","date_gmt":"2015-10-26T09:01:28","guid":{"rendered":"http:\/\/www.ulisseland.com\/journal\/?p=8560"},"modified":"2015-10-26T13:02:38","modified_gmt":"2015-10-26T12:02:38","slug":"roma-il-cav-antonino-mondello-rieletto-presidente-dellunms-gli-eletti-del-congresso","status":"publish","type":"post","link":"https:\/\/www.ulisseland.com\/journal\/roma-il-cav-antonino-mondello-rieletto-presidente-dellunms-gli-eletti-del-congresso\/","title":{"rendered":"ROMA &#8211; Il Cav. Antonino MONDELLO rieletto Presidente dell&#8217;UNMS &#8211; gli eletti del Congresso"},"content":{"rendered":"<figure id=\"attachment_8561\" aria-describedby=\"caption-attachment-8561\" style=\"width: 310px\" class=\"wp-caption alignleft\"><a href=\"https:\/\/www.ulisseland.com\/journal\/wp-content\/uploads\/2015\/10\/antonino-mondello1.jpg\"><img loading=\"lazy\" decoding=\"async\" class=\"size-full wp-image-8561\" src=\"https:\/\/www.ulisseland.com\/journal\/wp-content\/uploads\/2015\/10\/antonino-mondello1.jpg\" alt=\"Il Cav. Antonino MONDELLO\" width=\"310\" height=\"163\" srcset=\"https:\/\/www.ulisseland.com\/journal\/wp-content\/uploads\/2015\/10\/antonino-mondello1.jpg 310w, https:\/\/www.ulisseland.com\/journal\/wp-content\/uploads\/2015\/10\/antonino-mondello1-300x158.jpg 300w\" sizes=\"auto, (max-width: 310px) 100vw, 310px\" \/><\/a><figcaption id=\"caption-attachment-8561\" class=\"wp-caption-text\">Il Cav. Antonino MONDELLO<\/figcaption><\/figure>\n<p>Antonino Mondello \u00e8 stato confermato alla guida dell\u2019Unione Nazionale Mutilati e Invalidi per Servizio della Pubblica Amministrazione (UNMS) per i prossimi 4 anni.<\/p>\n<p>Il Consiglio direttivo lo ha eletto durante il 23\u00b0 Congresso nazionale che, quest\u2019anno, si \u00e8 svolto a Montesilvano, in provincia di Pescara. Alla carica di Vicepresidenti sono stati eletti Salvatore Leopardi, Giordano Ferretti e Leonardo Serpa. Il Consiglio Nazionale UNMS si completa con Leonardo Cassano, Carmine Diez, Stanislao Di Pascale, Luigi D&#8217;Ostilio, Vittorio Ghiotto, Nazzareno Giarretta e Paolo Milanese. Il Collegio Centrale dei Sindaci: Achille Gallaccio, Licia Mampieri e Giovanni Leggieri; Probiviri Leonardo Traisci, Emilio Coorona e Vincenzo Catenaro.<\/p>\n<figure id=\"attachment_8505\" aria-describedby=\"caption-attachment-8505\" style=\"width: 208px\" class=\"wp-caption alignright\"><a href=\"https:\/\/www.ulisseland.com\/journal\/wp-content\/uploads\/2015\/10\/unms.jpg\"><img loading=\"lazy\" decoding=\"async\" class=\"size-full wp-image-8505\" src=\"https:\/\/www.ulisseland.com\/journal\/wp-content\/uploads\/2015\/10\/unms.jpg\" alt=\"Lo Stemma dell'UNMS\" width=\"208\" height=\"242\" \/><\/a><figcaption id=\"caption-attachment-8505\" class=\"wp-caption-text\">Lo Stemma dell&#8217;UNMS<\/figcaption><\/figure>\n<p>L\u2019Unms \u00e8 l\u2019unico Ente Morale operante in tutta Italia e che rappresenta tutti coloro i quali, alle dipendenze dello Stato, hanno subito mutilazioni e infermit\u00e0 in servizio. L\u2019Unione \u00e8 anche vicina a tutti i giovani militari e alle loro famiglie.<\/p>\n<p>L&#8217;UNMS con circa 40 mila iscritti rappresenta \u00a0350 mila cittadini : militari delle Forze Armate, carabinieri, agenti di polizia e polizia penitenziaria, guardia di finanza,\u00a0 forestali, vigili del fuoco, vigili urbani, magistrati e dipendenti della pubblica amministrazione, tutti i mutilati per servizio.<\/p>\n<p>Un impegno, quello del presidente, che dura da decenni: dal 1979. Dopo aver ricoperto la carica di presidente provinciale di Catania e della Sicilia, \u00e8 stato anche vice presidente nazionale dell\u2019organizzazione e per il suo qualificato impegno nel sociale, nel 2004, \u00e8 stato nominato Cavaliere della Repubblica Italiana.<\/p>\n<p>All\u2019evento promosso dall\u2019Unms anche il Comandante del Comando Forze di Difesa Interregionale Sud, generale di brigata, Antonio Raffaele e, in rappresentanza del Capo di Stato Maggiore della Difesa, il generale Claudio Graziano, il comandante militare regionale dell\u2019Esercito per l\u2019Abruzzo, generale di brigata Rino De Vito.<\/p>\n<figure id=\"attachment_8565\" aria-describedby=\"caption-attachment-8565\" style=\"width: 640px\" class=\"wp-caption alignleft\"><a href=\"https:\/\/www.ulisseland.com\/journal\/wp-content\/uploads\/2015\/10\/Il-Gruppo-dei-dirigenti-UNMS-di-Napoli.jpg\"><img loading=\"lazy\" decoding=\"async\" class=\"size-full wp-image-8565\" src=\"https:\/\/www.ulisseland.com\/journal\/wp-content\/uploads\/2015\/10\/Il-Gruppo-dei-dirigenti-UNMS-di-Napoli.jpg\" alt=\"Il Gruppo dei Diirigenti Campani al Congresso UNMS\" width=\"640\" height=\"480\" srcset=\"https:\/\/www.ulisseland.com\/journal\/wp-content\/uploads\/2015\/10\/Il-Gruppo-dei-dirigenti-UNMS-di-Napoli.jpg 640w, https:\/\/www.ulisseland.com\/journal\/wp-content\/uploads\/2015\/10\/Il-Gruppo-dei-dirigenti-UNMS-di-Napoli-300x225.jpg 300w\" sizes=\"auto, (max-width: 640px) 100vw, 640px\" \/><\/a><figcaption id=\"caption-attachment-8565\" class=\"wp-caption-text\">Il Gruppo dei Diirigenti Campani al Congresso UNMS<\/figcaption><\/figure>\n<p>Tutti vicini a questi cittadini \u201cspeciali\u201d, che vivono vite normali che a un certo punto vengono spezzate dagli attentati, come nel caso di Carmine Lettieri, 35 anni, di Nola. Il caporalmaggiore capo degli alpini \u00e8 rimasto ferito gravemente durante una missione militare a Kabul, capitale dell\u2019Afghanistan. Era il 3 ottobre 2004 e aveva 24 anni. La sua vita \u00e8 cambiata e da allora si \u00e8 dovuto sottoporre ad una serie di interminabili cure, oltre ad essere costretto su una sedia a rotelle. Per\u00f2 sente ancora forte l\u2019appartenenza alla Patria e veste sempre con la sua divisa. Anche lui \u00e8 vicino<\/p>\n<p>all\u2019Unms e crede che sia giusto non abbandonare le vittime del dovere e i mutilati per servizio.<\/p>\n<p>Agli eletti, nel Congresso concluso nei giorni scorsi, l&#8217;augurio di buon lavoro e nuovi orizzonti per l&#8217;UNMS da tutta la Redazione di Ulisseland Journal.<\/p>\n<p>L&#8217;Editore Prof. Luigi Cocomello<\/p>\n","protected":false},"excerpt":{"rendered":"<p>Antonino Mondello \u00e8 stato confermato alla guida dell\u2019Unione Nazionale Mutilati e Invalidi per Servizio della Pubblica Amministrazione (UNMS) per i prossimi 4 anni. Il Consiglio direttivo lo ha eletto durante il 23\u00b0 Congresso nazionale che, quest\u2019anno, si \u00e8 svolto a Montesilvano, in provincia di Pescara. Alla carica di Vicepresidenti sono stati eletti Salvatore Leopardi, Giordano<\/p>\n","protected":false},"author":1,"featured_media":0,"comment_status":"closed","ping_status":"open","sticky":false,"template":"","format":"standard","meta":{"footnotes":""},"categories":[66,13,10],"tags":[],"class_list":["post-8560","post","type-post","status-publish","format-standard","hentry","category-av","category-cronaca","category-editoriale"],"_links":{"self":[{"href":"https:\/\/www.ulisseland.com\/journal\/wp-json\/wp\/v2\/posts\/8560","targetHints":{"allow":["GET"]}}],"collection":[{"href":"https:\/\/www.ulisseland.com\/journal\/wp-json\/wp\/v2\/posts"}],"about":[{"href":"https:\/\/www.ulisseland.com\/journal\/wp-json\/wp\/v2\/types\/post"}],"author":[{"embeddable":true,"href":"https:\/\/www.ulisseland.com\/journal\/wp-json\/wp\/v2\/users\/1"}],"replies":[{"embeddable":true,"href":"https:\/\/www.ulisseland.com\/journal\/wp-json\/wp\/v2\/comments?post=8560"}],"version-history":[{"count":3,"href":"https:\/\/www.ulisseland.com\/journal\/wp-json\/wp\/v2\/posts\/8560\/revisions"}],"predecessor-version":[{"id":8567,"href":"https:\/\/www.ulisseland.com\/journal\/wp-json\/wp\/v2\/posts\/8560\/revisions\/8567"}],"wp:attachment":[{"href":"https:\/\/www.ulisseland.com\/journal\/wp-json\/wp\/v2\/media?parent=8560"}],"wp:term":[{"taxonomy":"category","embeddable":true,"href":"https:\/\/www.ulisseland.com\/journal\/wp-json\/wp\/v2\/categories?post=8560"},{"taxonomy":"post_tag","embeddable":true,"href":"https:\/\/www.ulisseland.com\/journal\/wp-json\/wp\/v2\/tags?post=8560"}],"curies":[{"name":"wp","href":"https:\/\/api.w.org\/{rel}","templated":true}]}}