{"id":8464,"date":"2015-10-13T10:04:27","date_gmt":"2015-10-13T08:04:27","guid":{"rendered":"http:\/\/www.ulisseland.com\/journal\/?p=8464"},"modified":"2015-10-13T10:26:46","modified_gmt":"2015-10-13T08:26:46","slug":"pavarotti-i-suoi-primi-80-anni-chi-raccogliera-la-sua-immensa-eredita","status":"publish","type":"post","link":"https:\/\/www.ulisseland.com\/journal\/pavarotti-i-suoi-primi-80-anni-chi-raccogliera-la-sua-immensa-eredita\/","title":{"rendered":"PAVAROTTI &#8211; I suoi primi 80 anni: chi raccoglier\u00e0 la sua immensa eredit\u00e0?"},"content":{"rendered":"<p>Il 12 ottobre 1935: nasceva a Modena Luciano Pavarotti. \u00c8 stato uno dei tenori pi\u00f9 apprezzati in tutto il mondo. E&#8217; stato un vero ambasciatore dell&#8217;Italia nel mondo. Tutti siamo consapevoli di questo ma \u00e8 entrato maggiormente nel cuore di tutti i connazionali<figure id=\"attachment_8467\" aria-describedby=\"caption-attachment-8467\" style=\"width: 266px\" class=\"wp-caption alignleft\"><a href=\"https:\/\/www.ulisseland.com\/journal\/wp-content\/uploads\/2015\/10\/Pavarotti1.jpg\"><img loading=\"lazy\" decoding=\"async\" src=\"https:\/\/www.ulisseland.com\/journal\/wp-content\/uploads\/2015\/10\/Pavarotti1.jpg\" alt=\"Luciano Pavarotti - Tenore indimenticabile\" width=\"266\" height=\"190\" class=\"size-full wp-image-8467\" \/><\/a><figcaption id=\"caption-attachment-8467\" class=\"wp-caption-text\">Luciano Pavarotti &#8211; Tenore indimenticabile<\/figcaption><\/figure>all&#8217;estero che con grande orgoglio ogni volta lo hanno applaudito.<figure id=\"attachment_8466\" aria-describedby=\"caption-attachment-8466\" style=\"width: 265px\" class=\"wp-caption alignleft\"><a href=\"https:\/\/www.ulisseland.com\/journal\/wp-content\/uploads\/2015\/10\/Pavarotti_bocelli.jpg\"><img loading=\"lazy\" decoding=\"async\" src=\"https:\/\/www.ulisseland.com\/journal\/wp-content\/uploads\/2015\/10\/Pavarotti_bocelli.jpg\" alt=\"Luciano Pavarotti con Andrea Bocelli\" width=\"265\" height=\"190\" class=\"size-full wp-image-8466\" \/><\/a><figcaption id=\"caption-attachment-8466\" class=\"wp-caption-text\">Luciano Pavarotti con Andrea Bocelli<\/figcaption><\/figure><br \/>\nChi raccoglier\u00e0 la sua immensa eredit\u00e0? Andrea Bocelli,  i ragazzi de Il Volo o chi?<\/p>\n<p>Il mio ottimismo mi lascia credere che in tutti  e due i casi siamo sulla buona strada. Forse abbiamo tutti bisogno di una maggiore consapevolezza dei nostri mezzi e riappropriarci tutti dell&#8217;orgoglio di essere ITALIANI&#8230;.sempre.<figure id=\"attachment_8465\" aria-describedby=\"caption-attachment-8465\" style=\"width: 300px\" class=\"wp-caption alignleft\"><a href=\"https:\/\/www.ulisseland.com\/journal\/wp-content\/uploads\/2015\/10\/il_volo.jpg\"><img loading=\"lazy\" decoding=\"async\" src=\"https:\/\/www.ulisseland.com\/journal\/wp-content\/uploads\/2015\/10\/il_volo-300x151.jpg\" alt=\"I tre giovani de IL VOLO\" width=\"300\" height=\"151\" class=\"size-medium wp-image-8465\" srcset=\"https:\/\/www.ulisseland.com\/journal\/wp-content\/uploads\/2015\/10\/il_volo-300x151.jpg 300w, https:\/\/www.ulisseland.com\/journal\/wp-content\/uploads\/2015\/10\/il_volo.jpg 316w\" sizes=\"auto, (max-width: 300px) 100vw, 300px\" \/><\/a><figcaption id=\"caption-attachment-8465\" class=\"wp-caption-text\">I tre giovani de IL VOLO<\/figcaption><\/figure><br \/>\nE&#8217; importante per noi, per i nostri connazionali all&#8217;estero e, maggiormente, per le future generazioni per non vedere annullata la nostra identit\u00e0 nella globalizzazione.<\/p>\n<p><iframe loading=\"lazy\" width=\"420\" height=\"315\" src=\"https:\/\/www.youtube.com\/embed\/rTFUM4Uh_6Y\" frameborder=\"0\" allowfullscreen><\/iframe><br \/>\nL&#8217;Editore Prof. Luigi Cocomello<\/p>\n","protected":false},"excerpt":{"rendered":"<p>Il 12 ottobre 1935: nasceva a Modena Luciano Pavarotti. \u00c8 stato uno dei tenori pi\u00f9 apprezzati in tutto il mondo. E&#8217; stato un vero ambasciatore dell&#8217;Italia nel mondo. Tutti siamo consapevoli di questo ma \u00e8 entrato maggiormente nel cuore di tutti i connazionaliall&#8217;estero che con grande orgoglio ogni volta lo hanno applaudito. Chi raccoglier\u00e0 la<\/p>\n","protected":false},"author":1,"featured_media":0,"comment_status":"closed","ping_status":"open","sticky":false,"template":"","format":"standard","meta":{"footnotes":""},"categories":[12,10,49,33],"tags":[],"class_list":["post-8464","post","type-post","status-publish","format-standard","hentry","category-cultura","category-editoriale","category-moda-e-arte","category-teatro"],"_links":{"self":[{"href":"https:\/\/www.ulisseland.com\/journal\/wp-json\/wp\/v2\/posts\/8464","targetHints":{"allow":["GET"]}}],"collection":[{"href":"https:\/\/www.ulisseland.com\/journal\/wp-json\/wp\/v2\/posts"}],"about":[{"href":"https:\/\/www.ulisseland.com\/journal\/wp-json\/wp\/v2\/types\/post"}],"author":[{"embeddable":true,"href":"https:\/\/www.ulisseland.com\/journal\/wp-json\/wp\/v2\/users\/1"}],"replies":[{"embeddable":true,"href":"https:\/\/www.ulisseland.com\/journal\/wp-json\/wp\/v2\/comments?post=8464"}],"version-history":[{"count":7,"href":"https:\/\/www.ulisseland.com\/journal\/wp-json\/wp\/v2\/posts\/8464\/revisions"}],"predecessor-version":[{"id":8475,"href":"https:\/\/www.ulisseland.com\/journal\/wp-json\/wp\/v2\/posts\/8464\/revisions\/8475"}],"wp:attachment":[{"href":"https:\/\/www.ulisseland.com\/journal\/wp-json\/wp\/v2\/media?parent=8464"}],"wp:term":[{"taxonomy":"category","embeddable":true,"href":"https:\/\/www.ulisseland.com\/journal\/wp-json\/wp\/v2\/categories?post=8464"},{"taxonomy":"post_tag","embeddable":true,"href":"https:\/\/www.ulisseland.com\/journal\/wp-json\/wp\/v2\/tags?post=8464"}],"curies":[{"name":"wp","href":"https:\/\/api.w.org\/{rel}","templated":true}]}}