{"id":8309,"date":"2015-09-29T10:49:53","date_gmt":"2015-09-29T08:49:53","guid":{"rendered":"http:\/\/www.ulisseland.com\/journal\/?p=8309"},"modified":"2015-10-29T10:25:25","modified_gmt":"2015-10-29T09:25:25","slug":"minturno-flavio-formica-basket-scauri-nel-segno-del-rinnovamento","status":"publish","type":"post","link":"https:\/\/www.ulisseland.com\/journal\/minturno-flavio-formica-basket-scauri-nel-segno-del-rinnovamento\/","title":{"rendered":"MINTURNO: Flavio Formica &#8211; Basket Scauri nel segno del rinnovamento"},"content":{"rendered":"<p>&nbsp;<\/p>\n<h2><span style=\"font-size: medium;\">Ciao a tutti.<\/span><\/h2>\n<h2><span style=\"font-size: medium;\"> Anno nuovo, squadra nuova, serie nuova. Si \u00e8 tornati a casa, in Serie B!<\/span><\/h2>\n<h2><span style=\"font-size: medium;\"> E l&#8217;inizio \u00e8 stato dei migliori. Venafro, sicuramente, non lotter\u00e0 per<\/span><\/h2>\n<h2><span style=\"font-size: medium;\"> i primi posti in classifica, aveva assenze importanti, ma \u00e8 sembrato lo\u00a0<\/span><span style=\"font-size: medium;\">stesso che ci fosse una, forse due, categoria di differenza tra loro e\u00a0<\/span><span style=\"font-size: medium;\">noi.<\/span><\/h2>\n<h2><span style=\"font-size: medium;\"> Tutto troppo facile per poter giudicare la nostra squadra. Dico solo\u00a0<\/span><span style=\"font-size: medium;\">che \u00e8 stato bello, nell&#8217;ultimo quarto, vedere protagonisti i due\u00a0<\/span><span style=\"font-size: medium;\">ragazzini, con un Pimpinella che ha dimostrato di avere una bella mano\u00a0<\/span><span style=\"font-size: medium;\">ed il coraggio di tentare (e riuscire) la via del canestro e Scampone\u00a0<\/span><span style=\"font-size: medium;\">che ha mostrato una padronanza del campo notevole. Vista la loro et\u00e0,\u00a0<\/span><span style=\"font-size: medium;\">due belle prospettive per il futuro dello Scauri.<\/span><\/h2>\n<h2><span style=\"font-size: medium;\"> Come ogni anno, eccovi il resoconto della partita, quest&#8217;anno in una\u00a0<\/span><span style=\"font-size: medium;\">veste grafica nuova, adeguata al nostro ritorno in B.<\/span><\/h2>\n<p>&nbsp;<\/p>\n<p style=\"text-align: center;\">\u00a0<a href=\"https:\/\/www.ulisseland.com\/journal\/wp-content\/uploads\/2015\/09\/freccia.jpg\"><img loading=\"lazy\" decoding=\"async\" class=\"aligncenter size-full wp-image-8315\" src=\"https:\/\/www.ulisseland.com\/journal\/wp-content\/uploads\/2015\/09\/freccia.jpg\" alt=\"freccia\" width=\"73\" height=\"96\" \/><\/a><\/p>\n<p>&nbsp;<\/p>\n<p>V<\/p>\n<p style=\"text-align: center;\"><span style=\"text-decoration: underline; font-size: x-large; color: #0000ff;\"><strong>CAMPAGNA ABBONAMENTI 2015\/2016<\/strong><\/span><\/p>\n<p><a href=\"https:\/\/www.ulisseland.com\/journal\/wp-content\/uploads\/2015\/09\/abbonamento.png\"><img loading=\"lazy\" decoding=\"async\" class=\"alignright wp-image-8312\" src=\"https:\/\/www.ulisseland.com\/journal\/wp-content\/uploads\/2015\/09\/abbonamento.png\" alt=\"abbonamento\" width=\"346\" height=\"193\" \/><\/a><\/p>\n<p style=\"text-align: center;\"><strong><span style=\"font-family: arial, helvetica, sans-serif; font-size: medium;\">E&#8217; tutto pronto: il Basket Scauri presenta sui propri profili web la\u00a0campagna abbonamenti<\/span><\/strong><\/p>\n<p style=\"text-align: center;\"><strong><span style=\"font-family: arial, helvetica, sans-serif; font-size: medium;\">\u00a0per la stagione 2015-2016.<\/span><\/strong><\/p>\n<p style=\"text-align: center;\"><strong><span style=\"font-family: arial, helvetica, sans-serif; font-size: medium;\">\u201cAccendi la tua passione\u201d \u00e8 lo slogan scelto dal sodalizio biancazzurro promosso in Serie B<\/span><\/strong><\/p>\n<p style=\"text-align: center;\"><strong><span style=\"font-family: arial, helvetica, sans-serif; font-size: medium;\">(terzo campionato nazionale).<\/span><\/strong><\/p>\n<p style=\"text-align: center;\"><strong><span style=\"font-family: arial, helvetica, sans-serif; font-size: medium;\">E&#8217; possibile, per il momento, sottoscrivere la nuova tessera, per seguire le gare interne della stagione regolare,<\/span><\/strong><\/p>\n<p style=\"text-align: center;\"><strong><span style=\"font-family: arial, helvetica, sans-serif; font-size: medium;\">presso la segreteria del Palazzetto dello Sport \u201cC. Borrelli\u201d di Scauri.<\/span><\/strong><\/p>\n<p style=\"text-align: center;\"><span style=\"color: #ff0000; font-size: large;\">ABBONAMENTO ORDINARIO: Euro 80,00<\/span><\/p>\n<p style=\"text-align: center;\"><span style=\"color: #ff0000; font-size: large;\">BIGLIETTO INTERO: Euro 7,00<\/span><\/p>\n<p style=\"text-align: center;\"><span style=\"color: #ff0000; font-size: large;\">BIGLIETTO RIDOTTO: Euro 4,00 (14\/18 anni)<\/span><\/p>\n<p><span style=\"font-size: medium;\"><span style=\"font-size: medium;\"><strong><span style=\"color: #000080;\">\u00a0VIDEO:<\/span><\/strong><\/span><\/span><\/p>\n<div class=\"entry-content-asset\"><iframe loading=\"lazy\" title=\"Scauri Venafro 105 51\" width=\"960\" height=\"540\" src=\"https:\/\/www.youtube.com\/embed\/4TLZ9xskBQo?feature=oembed\" frameborder=\"0\" allow=\"accelerometer; autoplay; clipboard-write; encrypted-media; gyroscope; picture-in-picture; web-share\" referrerpolicy=\"strict-origin-when-cross-origin\" allowfullscreen><\/iframe><\/div>\n<p><strong><span style=\"font-size: large; color: #008000;\">Realizzazione: Flavio\u00a0Formica<\/span><\/strong><\/p>\n<p style=\"text-align: left;\"><span style=\"color: #0000ff;\"><strong><span style=\"font-size: medium;\">Come sempre, guardate e diffondete!<\/span><\/strong><\/span><\/p>\n","protected":false},"excerpt":{"rendered":"<p>&nbsp; Ciao a tutti. Anno nuovo, squadra nuova, serie nuova. Si \u00e8 tornati a casa, in Serie B! E l&#8217;inizio \u00e8 stato dei migliori. Venafro, sicuramente, non lotter\u00e0 per i primi posti in classifica, aveva assenze importanti, ma \u00e8 sembrato lo\u00a0stesso che ci fosse una, forse due, categoria di differenza tra loro e\u00a0noi. Tutto troppo<\/p>\n","protected":false},"author":1,"featured_media":8312,"comment_status":"open","ping_status":"open","sticky":false,"template":"","format":"standard","meta":{"footnotes":""},"categories":[27,6,7],"tags":[],"class_list":["post-8309","post","type-post","status-publish","format-standard","has-post-thumbnail","hentry","category-comune-di-minturno","category-sport","category-sport-ultime"],"_links":{"self":[{"href":"https:\/\/www.ulisseland.com\/journal\/wp-json\/wp\/v2\/posts\/8309","targetHints":{"allow":["GET"]}}],"collection":[{"href":"https:\/\/www.ulisseland.com\/journal\/wp-json\/wp\/v2\/posts"}],"about":[{"href":"https:\/\/www.ulisseland.com\/journal\/wp-json\/wp\/v2\/types\/post"}],"author":[{"embeddable":true,"href":"https:\/\/www.ulisseland.com\/journal\/wp-json\/wp\/v2\/users\/1"}],"replies":[{"embeddable":true,"href":"https:\/\/www.ulisseland.com\/journal\/wp-json\/wp\/v2\/comments?post=8309"}],"version-history":[{"count":17,"href":"https:\/\/www.ulisseland.com\/journal\/wp-json\/wp\/v2\/posts\/8309\/revisions"}],"predecessor-version":[{"id":8597,"href":"https:\/\/www.ulisseland.com\/journal\/wp-json\/wp\/v2\/posts\/8309\/revisions\/8597"}],"wp:featuredmedia":[{"embeddable":true,"href":"https:\/\/www.ulisseland.com\/journal\/wp-json\/wp\/v2\/media\/8312"}],"wp:attachment":[{"href":"https:\/\/www.ulisseland.com\/journal\/wp-json\/wp\/v2\/media?parent=8309"}],"wp:term":[{"taxonomy":"category","embeddable":true,"href":"https:\/\/www.ulisseland.com\/journal\/wp-json\/wp\/v2\/categories?post=8309"},{"taxonomy":"post_tag","embeddable":true,"href":"https:\/\/www.ulisseland.com\/journal\/wp-json\/wp\/v2\/tags?post=8309"}],"curies":[{"name":"wp","href":"https:\/\/api.w.org\/{rel}","templated":true}]}}