{"id":8157,"date":"2015-09-14T18:11:01","date_gmt":"2015-09-14T16:11:01","guid":{"rendered":"http:\/\/www.ulisseland.com\/journal\/?p=8157"},"modified":"2015-09-16T13:09:51","modified_gmt":"2015-09-16T11:09:51","slug":"viaggio-in-tunisia-sousse-qualche-giorno-dopo","status":"publish","type":"post","link":"https:\/\/www.ulisseland.com\/journal\/viaggio-in-tunisia-sousse-qualche-giorno-dopo\/","title":{"rendered":"Viaggio in Tunisia (Sousse) &#8230;.qualche giorno dopo&#8230;.!!!"},"content":{"rendered":"<figure id=\"attachment_8165\" aria-describedby=\"caption-attachment-8165\" style=\"width: 586px\" class=\"wp-caption aligncenter\"><a href=\"https:\/\/www.ulisseland.com\/journal\/wp-content\/uploads\/2015\/09\/20150904_072528.jpg\"><img loading=\"lazy\" decoding=\"async\" class=\" wp-image-8165 \" alt=\"20150904_072528\" src=\"https:\/\/www.ulisseland.com\/journal\/wp-content\/uploads\/2015\/09\/20150904_072528-1024x144.jpg\" width=\"586\" height=\"82\" srcset=\"https:\/\/www.ulisseland.com\/journal\/wp-content\/uploads\/2015\/09\/20150904_072528-1024x144.jpg 1024w, https:\/\/www.ulisseland.com\/journal\/wp-content\/uploads\/2015\/09\/20150904_072528-300x42.jpg 300w\" sizes=\"auto, (max-width: 586px) 100vw, 586px\" \/><\/a><figcaption id=\"caption-attachment-8165\" class=\"wp-caption-text\">Il bellissimo litorale di Sousse &#8211; l&#8217;Hotel M\u00f6venpick (clicca per ingrandire).<\/figcaption><\/figure>\n<p style=\"text-align: justify;\">Mia Moglie Giuditta ed io abbiamo deciso di confermare il nostro viaggio in Tunisia per il 50\u00b0 Anniversario del nostro matrimonio,\u00a0 per condividere con nostro figlio Erasmo alcuni giorni insieme anche a sua Moglie Faouzia Azri, e per capire da vicino lo svolgersi della vita quotidiana tunisina dopo i noti eventi del Bardo e di Sousse. Abbiamo apprezzato il dispiegamento delle forze militari e di polizia, i controlli scrupolosi agli areoporti e persino ad ogni ingresso in hotel (H. 24). Insieme a queste positivit\u00e0 abbiamo potuto constatare che alla vita \u00a0normale anche nell&#8217;utilizzo del tempo libero dei tunisini (autostrade con code ai rientri dalle zone di villeggiatura &#8211; bar, ristoranti, gelaterie e locali notturni affollati in tutte le citt\u00e0) si contrappone una crisi evidente delle presenze alberghiere in particolare dai paesi europei. Abbiamo incontrato invece nostri connazionali che stanno svolgendo attivit\u00e0 importanti e strategiche verso il nostro Paese.<\/p>\n<figure id=\"attachment_8169\" aria-describedby=\"caption-attachment-8169\" style=\"width: 320px\" class=\"wp-caption alignright\"><a href=\"https:\/\/www.ulisseland.com\/journal\/wp-content\/uploads\/2015\/09\/20150911_125007.jpg\"><img loading=\"lazy\" decoding=\"async\" class=\"size-full wp-image-8169\" alt=\"Le strade di collegamento a Tunisi per il porto Gammarth.\" src=\"https:\/\/www.ulisseland.com\/journal\/wp-content\/uploads\/2015\/09\/20150911_125007.jpg\" width=\"320\" height=\"240\" srcset=\"https:\/\/www.ulisseland.com\/journal\/wp-content\/uploads\/2015\/09\/20150911_125007.jpg 320w, https:\/\/www.ulisseland.com\/journal\/wp-content\/uploads\/2015\/09\/20150911_125007-300x225.jpg 300w\" sizes=\"auto, (max-width: 320px) 100vw, 320px\" \/><\/a><figcaption id=\"caption-attachment-8169\" class=\"wp-caption-text\">Le strade di collegamento a Tunisi per il porto Gammarth.<\/figcaption><\/figure>\n<p style=\"text-align: justify;\">In particolare le aziende che sviluppano il trading con l&#8217;Italia dal Porto di Tunisi, quelle impegnate nelle opere pubbliche sia nell&#8217;edilizia che nelle infrastrutture di comunicazione. Interessanti le iniziative nei settori delle produzioni industriali collocate nei moderni distretti industriali del Paese (produzione cemento a Tunisi), abbigliamento a Monastir con adiacente un&#8217;area industriale tutta dedicata ad aziende in fase di startup proprio dall&#8217;Italia, con imprenditori impegnati nell&#8217;acquacoltura, nell&#8217;esportazione di pesce fresco di ottima qualit\u00e0 e produttori di olio ed olive da tavola. Abbiamo incontrato connazionali che hanno deciso di vivere la \u00a0vita godendo della loro pensione in Tunisia elevando in modo considerevole le loro capacit\u00e0 di acquisto di beni e servizi.<\/p>\n<p style=\"text-align: justify;\">La constatazione \u00a0che abbiamo potuto fare \u00e8 che questa gente vive con minore ansia le proprie giornate sia per il clima sociale ma soprattutto per la possibilit\u00e0 di accedere a servizi di cura alla persona impraticabili (per i costi) in Italia. La Tunisia non \u00e8 certo il paese del &#8220;bengodi&#8221; ma governatorati come <strong><span style=\"color: #0000ff;\">Hammamet, Sousse, <a title=\"Kairouan (governatorato)\" href=\"https:\/\/it.wikipedia.org\/wiki\/Kairouan_(governatorato)\"><span style=\"color: #0000ff;\">Kairouan<\/span><\/a>, \u00a0<a title=\"Mahdia (governatorato)\" href=\"https:\/\/it.wikipedia.org\/wiki\/Mahdia_(governatorato)\"><span style=\"color: #0000ff;\">Mahdia<\/span><\/a>, e <a title=\"Zaghouan (governatorato)\" href=\"https:\/\/it.wikipedia.org\/wiki\/Zaghouan_(governatorato)\"><span style=\"color: #0000ff;\">Zaghouan<\/span><\/a><\/span><\/strong> (di pi\u00f9 recente costituzione), con i tre aeroporti di Tunisi, Monastir ed Enfida &#8211; collegati da una autostrada a tre corsie in fase di ulteriore ammodernamento, verso \u00a0strutture alberghiere di ottimo livello, sviluppano una offerta turistica di notevole qualit\u00e0 a prezzi convenienti. I collegamenti di breve percorrenza dall&#8217;Italia (meno di un&#8217;ora da Fiumicino a Tunisi) e una notte di navigazione da Salerno ai Porti Tunisini, rappresentano un tempo di percorrenza uguale solo a quello \u00a0verso le nostre isole maggiori o verso il nostro Nord.<\/p>\n<p style=\"text-align: justify;\">Abbiamo apprezzato molto le recenti visite dei nostri governanti (Cicchitto &#8211; Presidente della Commissione Esteri della Camera, il nostro Ministro degli Esteri Gentiloni e il Presidente del Consiglio Renzi due volte ciascuno nel solo ultimo trimestre), come pure la visita di stato del nostro Presidente della Repubblica Mattarella; tutte opportunamente riportate nella cronaca di Ulisseland Journal.<\/p>\n<figure id=\"attachment_8163\" aria-describedby=\"caption-attachment-8163\" style=\"width: 586px\" class=\"wp-caption aligncenter\"><a href=\"https:\/\/www.ulisseland.com\/journal\/wp-content\/uploads\/2015\/09\/20150911_105715.jpg\"><img loading=\"lazy\" decoding=\"async\" class=\"size-large wp-image-8163 \" alt=\"20150911_105715\" src=\"https:\/\/www.ulisseland.com\/journal\/wp-content\/uploads\/2015\/09\/20150911_105715-1024x85.jpg\" width=\"586\" height=\"48\" srcset=\"https:\/\/www.ulisseland.com\/journal\/wp-content\/uploads\/2015\/09\/20150911_105715-1024x85.jpg 1024w, https:\/\/www.ulisseland.com\/journal\/wp-content\/uploads\/2015\/09\/20150911_105715-300x24.jpg 300w\" sizes=\"auto, (max-width: 586px) 100vw, 586px\" \/><\/a><figcaption id=\"caption-attachment-8163\" class=\"wp-caption-text\">La darsena di porto Gammarth a Tunisi che ospiter\u00e0 lo Yacht Med Festival nel 2016 (clicca sull\u2019immagine per vederla in tutto il suo splendore).<\/figcaption><\/figure>\n<figure id=\"attachment_8168\" aria-describedby=\"caption-attachment-8168\" style=\"width: 320px\" class=\"wp-caption alignleft\"><a href=\"https:\/\/www.ulisseland.com\/journal\/wp-content\/uploads\/2015\/09\/20150911_110358.jpg\"><img loading=\"lazy\" decoding=\"async\" class=\"size-full wp-image-8168\" alt=\"Il complesso edilizio sul porto turistico di Gammarth.\" src=\"https:\/\/www.ulisseland.com\/journal\/wp-content\/uploads\/2015\/09\/20150911_110358.jpg\" width=\"320\" height=\"240\" srcset=\"https:\/\/www.ulisseland.com\/journal\/wp-content\/uploads\/2015\/09\/20150911_110358.jpg 320w, https:\/\/www.ulisseland.com\/journal\/wp-content\/uploads\/2015\/09\/20150911_110358-300x225.jpg 300w\" sizes=\"auto, (max-width: 320px) 100vw, 320px\" \/><\/a><figcaption id=\"caption-attachment-8168\" class=\"wp-caption-text\">Il complesso edilizio sul porto turistico di Gammarth.<\/figcaption><\/figure>\n<p style=\"text-align: justify;\"><span style=\"font-size: small;\">Abbiamo constatato di persona l&#8217;interesse che da quella sponda vi \u00e8 per lo Yacht Med Festival nel Porto Turistico di Gammarth (Tunisi) \u00a0la cui data \u00e8 in fase di riprogrammazione per il 2016. La struttura portuale interessata \u00e8 ancora in attesa di collaudo &#8211; quindi nuova di zecca &#8211; ma piena di tutti i presidi per la sua gestione, una darsena moderna e di qualit\u00e0 per l&#8217;attracco di \u00a0imbarcazioni di alto livello, una folta schiera di ville e unit\u00e0 abitative, talune anche in fase di completamento costruttivo, un sistema di hotel a tutte stelle, con pochi minuti di percorrenza da Tunisi Aeroporto, susciteranno sicuramente l&#8217;interesse della nautica da diporto \u00a0europea e non solo.\u00a0 Crediamo che il tempo che ci separa dall&#8217;apertura dell&#8217;evento debba essere vissuto da tutti gli organismi pubblici e privati dei nostri due Paesi con l&#8217;intento di far diventare gi\u00e0 dalla prima edizione l&#8217;Expo della Nautica una &#8220;festa del mare&#8221; e una manifestazione internazionale.<\/span><\/p>\n<figure id=\"attachment_8167\" aria-describedby=\"caption-attachment-8167\" style=\"width: 320px\" class=\"wp-caption alignright\"><a href=\"https:\/\/www.ulisseland.com\/journal\/wp-content\/uploads\/2015\/09\/20150911_122806.jpg\"><img loading=\"lazy\" decoding=\"async\" class=\"size-full wp-image-8167 \" alt=\"L'incontro con il Presidente Mourad Fradi ed Erasmo Cocomello.\" src=\"https:\/\/www.ulisseland.com\/journal\/wp-content\/uploads\/2015\/09\/20150911_122806.jpg\" width=\"320\" height=\"240\" srcset=\"https:\/\/www.ulisseland.com\/journal\/wp-content\/uploads\/2015\/09\/20150911_122806.jpg 320w, https:\/\/www.ulisseland.com\/journal\/wp-content\/uploads\/2015\/09\/20150911_122806-300x225.jpg 300w\" sizes=\"auto, (max-width: 320px) 100vw, 320px\" \/><\/a><figcaption id=\"caption-attachment-8167\" class=\"wp-caption-text\">L&#8217;incontro con il Presidente Mourad Fradi ed Erasmo Cocomello.<\/figcaption><\/figure>\n<p style=\"text-align: justify;\"><span style=\"font-size: small;\">Queste nostre opinioni le offriamo a quelli che \u00a0come noi vedono il &#8220;bicchiere mezzo pieno&#8221; e vedono nell&#8217;Africa una opportunit\u00e0 per dare una mano tangibile per combattere il terrorismo e per attenuare l&#8217;esodo africano verso l&#8217;Europa attraverso lo sviluppo di quell&#8217;area continentale. L&#8217;interesse dell&#8217;Italia \u00e8 di un Paese di confine che deve operare per diminuire i danni dell&#8217;esodo creando vantaggi nella internazionalizzazione delle imprese. Formazione e comunicazione \u00e8 ci\u00f2 che il Gruppo Tre Bit sviluppa in Tunisia per il Maghreb. I nostri presidi web e il nostro avamposto tunisino sono a completa disposizione\u00a0 degli operatori economici, dei professionisti e dei cittadini che intendono conoscere e investire in quell&#8217;area. Permetteteci, infine, una frase non nostra, di esortazione e di incoraggiamento: \u00a0&#8220;la fortuna ama i gradini non le seggiole&#8221;.<\/span><\/p>\n<h1 style=\"text-align: justify;\"><span style=\"font-size: 12px; line-height: 20px; text-align: justify;\">L&#8217;EDITORE: Prof. Luigi Cocomello<\/span><\/h1>\n<p style=\"text-align: justify;\"><a href=\"http:\/\/ctici.net\/\">Clicca qui per visitare il sito della Camera di Commercio Tuniso &#8211; Italiana<\/a><\/p>\n<p style=\"text-align: justify;\"><a href=\"http:\/\/www.ecoleformat.com\/\">Clicca qui per visitare il sito Ecole Format di Sousse<\/a><\/p>\n<figure id=\"attachment_8176\" aria-describedby=\"caption-attachment-8176\" style=\"width: 586px\" class=\"wp-caption aligncenter\"><a href=\"https:\/\/www.ulisseland.com\/journal\/wp-content\/uploads\/2015\/09\/th_18d3d72f3abc8b501e649bb4b27cbecb_marco.jpg\"><img loading=\"lazy\" decoding=\"async\" class=\"size-large wp-image-8176\" alt=\"Festa del trentennale della Camera di Commercio Tunisino Italiana\" src=\"https:\/\/www.ulisseland.com\/journal\/wp-content\/uploads\/2015\/09\/th_18d3d72f3abc8b501e649bb4b27cbecb_marco-1024x366.jpg\" width=\"586\" height=\"209\" srcset=\"https:\/\/www.ulisseland.com\/journal\/wp-content\/uploads\/2015\/09\/th_18d3d72f3abc8b501e649bb4b27cbecb_marco-1024x366.jpg 1024w, https:\/\/www.ulisseland.com\/journal\/wp-content\/uploads\/2015\/09\/th_18d3d72f3abc8b501e649bb4b27cbecb_marco-300x107.jpg 300w, https:\/\/www.ulisseland.com\/journal\/wp-content\/uploads\/2015\/09\/th_18d3d72f3abc8b501e649bb4b27cbecb_marco.jpg 1280w\" sizes=\"auto, (max-width: 586px) 100vw, 586px\" \/><\/a><figcaption id=\"caption-attachment-8176\" class=\"wp-caption-text\">Festa del trentennale della Camera di Commercio Tunisino Italiana<\/figcaption><\/figure>\n<p>Dal Sito Ufficiale della CTICI &#8211; (footo e testo):<\/p>\n<p>&#8220;Termina con successo l\u2019evento che ha coronato il Trentesimo Anniversario della Camera Tuniso-Italiana di Commercio e Industria. Organizzato in una location d\u2019eccellenza, la Residenza Italiana, la Charmeuse di Tunisi, esso ha visto la partecipazione di\u00a0400\u00a0profili istituzionali, nonch\u00e9 economici ed industriali dei due Paesi coinvolti\u00a0: Italia e Tunisia. Un evento che ha segnato la presenza di Ministri Tunisini, e nello specifico, il Ministro dell\u2019Industria, delle Energie e delle Miniere,\u00a0Kamel Ben Naceur, il Ministro dell\u2019Agricoltura,\u00a0Lassaad\u00a0a,\u00a0Lassaad&#8221;<\/p>\n","protected":false},"excerpt":{"rendered":"<p>Mia Moglie Giuditta ed io abbiamo deciso di confermare il nostro viaggio in Tunisia per il 50\u00b0 Anniversario del nostro matrimonio,\u00a0 per condividere con nostro figlio Erasmo alcuni giorni insieme anche a sua Moglie Faouzia Azri, e per capire da vicino lo svolgersi della vita quotidiana tunisina dopo i noti eventi del Bardo e di<\/p>\n","protected":false},"author":1,"featured_media":0,"comment_status":"open","ping_status":"open","sticky":false,"template":"","format":"standard","meta":{"footnotes":""},"categories":[14,20,13,40,70],"tags":[],"class_list":["post-8157","post","type-post","status-publish","format-standard","hentry","category-comune-di-formia","category-comune-di-gaeta","category-cronaca","category-sousse-tunisia","category-tunisia"],"_links":{"self":[{"href":"https:\/\/www.ulisseland.com\/journal\/wp-json\/wp\/v2\/posts\/8157","targetHints":{"allow":["GET"]}}],"collection":[{"href":"https:\/\/www.ulisseland.com\/journal\/wp-json\/wp\/v2\/posts"}],"about":[{"href":"https:\/\/www.ulisseland.com\/journal\/wp-json\/wp\/v2\/types\/post"}],"author":[{"embeddable":true,"href":"https:\/\/www.ulisseland.com\/journal\/wp-json\/wp\/v2\/users\/1"}],"replies":[{"embeddable":true,"href":"https:\/\/www.ulisseland.com\/journal\/wp-json\/wp\/v2\/comments?post=8157"}],"version-history":[{"count":13,"href":"https:\/\/www.ulisseland.com\/journal\/wp-json\/wp\/v2\/posts\/8157\/revisions"}],"predecessor-version":[{"id":8159,"href":"https:\/\/www.ulisseland.com\/journal\/wp-json\/wp\/v2\/posts\/8157\/revisions\/8159"}],"wp:attachment":[{"href":"https:\/\/www.ulisseland.com\/journal\/wp-json\/wp\/v2\/media?parent=8157"}],"wp:term":[{"taxonomy":"category","embeddable":true,"href":"https:\/\/www.ulisseland.com\/journal\/wp-json\/wp\/v2\/categories?post=8157"},{"taxonomy":"post_tag","embeddable":true,"href":"https:\/\/www.ulisseland.com\/journal\/wp-json\/wp\/v2\/tags?post=8157"}],"curies":[{"name":"wp","href":"https:\/\/api.w.org\/{rel}","templated":true}]}}