{"id":8144,"date":"2015-07-14T12:26:44","date_gmt":"2015-07-14T10:26:44","guid":{"rendered":"http:\/\/www.ulisseland.com\/journal\/?p=8144"},"modified":"2015-07-14T12:26:44","modified_gmt":"2015-07-14T10:26:44","slug":"tunisia-fabrizio-cicchitto-presidente-della-commissione-affari-esteri-della-camera-dei-deputati-italiana-e-arrivato-in-tunisia-domenica-12-luglio-2015","status":"publish","type":"post","link":"https:\/\/www.ulisseland.com\/journal\/tunisia-fabrizio-cicchitto-presidente-della-commissione-affari-esteri-della-camera-dei-deputati-italiana-e-arrivato-in-tunisia-domenica-12-luglio-2015\/","title":{"rendered":"TUNISIA &#8211; Fabrizio Cicchitto, Presidente della Commissione Affari Esteri della Camera dei Deputati italiana, \u00e8 arrivato in Tunisia, Domenica, 12 Luglio 2015."},"content":{"rendered":"<p><span style=\"font-size: large;\"><strong>Fabrizio Cicchitto, Presidente della Commissione Affari Esteri della Camera dei Deputati italiana, \u00e8 arrivato in Tunisia, Domenica, 12 Luglio 2015.<\/strong><\/span><\/p>\n<figure id=\"attachment_8145\" aria-describedby=\"caption-attachment-8145\" style=\"width: 626px\" class=\"wp-caption alignright\"><a href=\"https:\/\/www.ulisseland.com\/journal\/wp-content\/uploads\/2015\/07\/Fabricio-Cicchito-Caid-Essebsi.jpg\"><img loading=\"lazy\" decoding=\"async\" class=\"size-full wp-image-8145\" alt=\" L'On. Fabricio Cicchito incontra il Presidente Tunisino Caid-Essebsi.\" src=\"https:\/\/www.ulisseland.com\/journal\/wp-content\/uploads\/2015\/07\/Fabricio-Cicchito-Caid-Essebsi.jpg\" width=\"626\" height=\"380\" srcset=\"https:\/\/www.ulisseland.com\/journal\/wp-content\/uploads\/2015\/07\/Fabricio-Cicchito-Caid-Essebsi.jpg 626w, https:\/\/www.ulisseland.com\/journal\/wp-content\/uploads\/2015\/07\/Fabricio-Cicchito-Caid-Essebsi-300x182.jpg 300w\" sizes=\"auto, (max-width: 626px) 100vw, 626px\" \/><\/a><figcaption id=\"caption-attachment-8145\" class=\"wp-caption-text\"><br \/>L&#8217;On. Fabrizio Cicchito incontra il Presidente Tunisino Caid-Essebsi.<\/figcaption><\/figure>\n<p>Il Parlamentare italiano, che \u00e8 accompagnato da altri due deputati, ha incontrato oggi il presidente Beji Caid Essebsi. Dopo l&#8217;incontro, ha detto che aveva espresso piena solidariet\u00e0 di tutte le forze politiche rappresentate nel Parlamento italiano con il popolo tunisino, aggiungendo che il vile attacco (Sousse, il 26 giugno, 2015), che ha preso ad Obiettivo Tunisia e tunisini, lungo l&#8217;Occidente e gli occidentali, ha sottolineato la necessit\u00e0 per tutti la lotta al terrorismo.<\/p>\n<p>L&#8217;On. \u00a0Cicchitto ha aggiunto che l&#8217;attacco terroristico in Tunisia, perch\u00e9 questo Paese sta riuscendo nella sua transizione verso la democrazia e la sua apertura al mondo.<\/p>\n<p>La delegazione parlamentare italiana incontrer\u00e0 anche il ministro degli Esteri Taieb Baccouche e membri della Commissione dei diritti, delle libert\u00e0 e delle relazioni esterne della Assemblea dei rappresentanti del popolo (ARP). In qualit\u00e0 di leader Rached Ghannouchi Ennadha.<\/p>\n<figure id=\"attachment_8146\" aria-describedby=\"caption-attachment-8146\" style=\"width: 341px\" class=\"wp-caption alignleft\"><a href=\"https:\/\/www.ulisseland.com\/journal\/wp-content\/uploads\/2015\/07\/fabrizio_cicchitto.jpg\"><img loading=\"lazy\" decoding=\"async\" class=\"size-full wp-image-8146\" alt=\"Il Presidente della Commissione Esteri Fabrizio Cicchitto\" src=\"https:\/\/www.ulisseland.com\/journal\/wp-content\/uploads\/2015\/07\/fabrizio_cicchitto.jpg\" width=\"341\" height=\"227\" srcset=\"https:\/\/www.ulisseland.com\/journal\/wp-content\/uploads\/2015\/07\/fabrizio_cicchitto.jpg 341w, https:\/\/www.ulisseland.com\/journal\/wp-content\/uploads\/2015\/07\/fabrizio_cicchitto-300x199.jpg 300w\" sizes=\"auto, (max-width: 341px) 100vw, 341px\" \/><\/a><figcaption id=\"caption-attachment-8146\" class=\"wp-caption-text\">Il Presidente della Commissione Esteri Fabrizio Cicchitto<\/figcaption><\/figure>\n<p>Fabrizio Cicchitto ha gi\u00e0 visitato la \u00a0Tunisia alla fine di marzo 2015, due settimane dopo il bombardamento del Bardo.<\/p>\n<p>L&#8217;EDITORE<\/p>\n","protected":false},"excerpt":{"rendered":"<p>Fabrizio Cicchitto, Presidente della Commissione Affari Esteri della Camera dei Deputati italiana, \u00e8 arrivato in Tunisia, Domenica, 12 Luglio 2015. Il Parlamentare italiano, che \u00e8 accompagnato da altri due deputati, ha incontrato oggi il presidente Beji Caid Essebsi. Dopo l&#8217;incontro, ha detto che aveva espresso piena solidariet\u00e0 di tutte le forze politiche rappresentate nel Parlamento<\/p>\n","protected":false},"author":1,"featured_media":0,"comment_status":"open","ping_status":"open","sticky":false,"template":"","format":"standard","meta":{"footnotes":""},"categories":[14,20,40,70],"tags":[],"class_list":["post-8144","post","type-post","status-publish","format-standard","hentry","category-comune-di-formia","category-comune-di-gaeta","category-sousse-tunisia","category-tunisia"],"_links":{"self":[{"href":"https:\/\/www.ulisseland.com\/journal\/wp-json\/wp\/v2\/posts\/8144","targetHints":{"allow":["GET"]}}],"collection":[{"href":"https:\/\/www.ulisseland.com\/journal\/wp-json\/wp\/v2\/posts"}],"about":[{"href":"https:\/\/www.ulisseland.com\/journal\/wp-json\/wp\/v2\/types\/post"}],"author":[{"embeddable":true,"href":"https:\/\/www.ulisseland.com\/journal\/wp-json\/wp\/v2\/users\/1"}],"replies":[{"embeddable":true,"href":"https:\/\/www.ulisseland.com\/journal\/wp-json\/wp\/v2\/comments?post=8144"}],"version-history":[{"count":1,"href":"https:\/\/www.ulisseland.com\/journal\/wp-json\/wp\/v2\/posts\/8144\/revisions"}],"predecessor-version":[{"id":8147,"href":"https:\/\/www.ulisseland.com\/journal\/wp-json\/wp\/v2\/posts\/8144\/revisions\/8147"}],"wp:attachment":[{"href":"https:\/\/www.ulisseland.com\/journal\/wp-json\/wp\/v2\/media?parent=8144"}],"wp:term":[{"taxonomy":"category","embeddable":true,"href":"https:\/\/www.ulisseland.com\/journal\/wp-json\/wp\/v2\/categories?post=8144"},{"taxonomy":"post_tag","embeddable":true,"href":"https:\/\/www.ulisseland.com\/journal\/wp-json\/wp\/v2\/tags?post=8144"}],"curies":[{"name":"wp","href":"https:\/\/api.w.org\/{rel}","templated":true}]}}