{"id":8057,"date":"2015-05-27T10:58:55","date_gmt":"2015-05-27T08:58:55","guid":{"rendered":"http:\/\/www.ulisseland.com\/journal\/?p=8057"},"modified":"2015-05-27T11:53:24","modified_gmt":"2015-05-27T09:53:24","slug":"terracina-concluso-con-successo-il-convegno-sulla-chirurgia-italiana-durgenza-a-fossanova-e-san-felice-circeo","status":"publish","type":"post","link":"https:\/\/www.ulisseland.com\/journal\/terracina-concluso-con-successo-il-convegno-sulla-chirurgia-italiana-durgenza-a-fossanova-e-san-felice-circeo\/","title":{"rendered":"TERRACINA &#8211; Concluso con successo il Convegno sulla chirurgia italiana d&#8217;urgenza a Fossanova e San Felice Circeo"},"content":{"rendered":"<figure id=\"attachment_8058\" aria-describedby=\"caption-attachment-8058\" style=\"width: 538px\" class=\"wp-caption alignleft\"><a href=\"https:\/\/www.ulisseland.com\/journal\/wp-content\/uploads\/2015\/05\/corelli-fossanova.jpg\"><img loading=\"lazy\" decoding=\"async\" class=\" wp-image-8058  \" alt=\"La storica infermeria dell'Abbazia di Fossanova nel Comune di Priverno - prima giornata del Convegno della SICUT\" src=\"https:\/\/www.ulisseland.com\/journal\/wp-content\/uploads\/2015\/05\/corelli-fossanova.jpg\" width=\"538\" height=\"302\" srcset=\"https:\/\/www.ulisseland.com\/journal\/wp-content\/uploads\/2015\/05\/corelli-fossanova.jpg 960w, https:\/\/www.ulisseland.com\/journal\/wp-content\/uploads\/2015\/05\/corelli-fossanova-300x168.jpg 300w\" sizes=\"auto, (max-width: 538px) 100vw, 538px\" \/><\/a><figcaption id=\"caption-attachment-8058\" class=\"wp-caption-text\">La storica infermeria dell&#8217;Abbazia di Fossanova nel Comune di Priverno &#8211; prima giornata del Convegno della SICUT<\/figcaption><\/figure>\n<p align=\"left\">\u00a0<strong>La &#8220;<\/strong><strong><i>chirurgia d&#8217;urgenza Italiana tra presente e futuro<\/i><\/strong><strong>&#8221; \u00e8 stato il tema del convegno che <\/strong>si \u00e8 concluso con grande successo di partecipazione e per la qualit\u00e0 dei temi trattati, da gioved\u00ec 21 a domenica 23 maggio nella storica &#8220;infermeria&#8221; dell&#8217;Abbazia di Fossanova, a San Felice Circeo e nel Comune di Roccagorga.<\/p>\n<p align=\"left\">Il Convegno Nazionale della SICUT in una cornice meravigliosa come l&#8217;Abbazia di Fossanova, grazie ai Presidenti <b>Prof.Stagnitti<\/b> e <b>Prof. Chirletti<\/b>, la Chirurgia di Terracina \u00e8 stata al centro del panorama nazionale della Chirurgia d&#8217;Urgenza<br \/>\nL&#8217;obiettivo \u00e8 stato anche quello di festeggiare i dieci anni della presenza dell&#8217;Universit\u00e0 La Sapienza di Roma nell&#8217;ospedale &#8220;Alfredo Fiorini&#8221; di Terracina, e la presidenza del <b>Prof. Franco Stagnitti<\/b>, primario della Chirurgia universitaria, alla guida della Societ\u00e0 italiana di chirurgia d&#8217;urgenza e del trauma (SICUT).<\/p>\n<figure id=\"attachment_8061\" aria-describedby=\"caption-attachment-8061\" style=\"width: 616px\" class=\"wp-caption alignright\"><a href=\"https:\/\/www.ulisseland.com\/journal\/wp-content\/uploads\/2015\/05\/il_professore_franco_stagnitti.jpg\"><img loading=\"lazy\" decoding=\"async\" class=\" wp-image-8061 \" alt=\"Il Prof. Franco STAGNITTI Presidente  nazionale SICUT \" src=\"https:\/\/www.ulisseland.com\/journal\/wp-content\/uploads\/2015\/05\/il_professore_franco_stagnitti.jpg\" width=\"616\" height=\"213\" srcset=\"https:\/\/www.ulisseland.com\/journal\/wp-content\/uploads\/2015\/05\/il_professore_franco_stagnitti.jpg 880w, https:\/\/www.ulisseland.com\/journal\/wp-content\/uploads\/2015\/05\/il_professore_franco_stagnitti-300x103.jpg 300w\" sizes=\"auto, (max-width: 616px) 100vw, 616px\" \/><\/a><figcaption id=\"caption-attachment-8061\" class=\"wp-caption-text\">Il Prof. Franco STAGNITTI Presidente nazionale SICUT<\/figcaption><\/figure>\n<p>Numerosi \u00a0relatori da tutta Italia ed Europa, con la partecipazione straordinaria del professor\u00a0<strong>Juan Asenzio<\/strong>, chirurgo degli Usa di origini portoricane, esperto a livello mondiale di <b><i>chirurgia del trauma<\/i><\/b> che, nell&#8217;occasione, \u00e8 stato nominato \u00a0&#8220;<b><i>socio onorario<\/i><\/b><i>&#8220;<\/i> della <b>Sicut<\/b>.<\/p>\n<p>&nbsp;<\/p>\n<p>&nbsp;<\/p>\n<p>Il tema del Convegno sviluppato nell&#8217;antica infermeria dell&#8217;Abbazia di Fossanova,\u00a0 con \u00a0una tavola rotonda: \u00a0.<i><span style=\"text-decoration: underline;\"> &#8220;un nuovo modello di sistema sanitario nazionale incentrato sul benessere del cittadino prima ancora che diventi paziente&#8221;\u00a0<\/span><\/i><\/p>\n<figure id=\"attachment_8065\" aria-describedby=\"caption-attachment-8065\" style=\"width: 300px\" class=\"wp-caption alignleft\"><a href=\"https:\/\/www.ulisseland.com\/journal\/wp-content\/uploads\/2015\/05\/corelli-fossanova-2.jpg\"><img loading=\"lazy\" decoding=\"async\" class=\"size-medium wp-image-8065\" alt=\"La Presidenza del Convegno A Fossanova\" src=\"https:\/\/www.ulisseland.com\/journal\/wp-content\/uploads\/2015\/05\/corelli-fossanova-2-300x168.jpg\" width=\"300\" height=\"168\" srcset=\"https:\/\/www.ulisseland.com\/journal\/wp-content\/uploads\/2015\/05\/corelli-fossanova-2-300x168.jpg 300w, https:\/\/www.ulisseland.com\/journal\/wp-content\/uploads\/2015\/05\/corelli-fossanova-2.jpg 960w\" sizes=\"auto, (max-width: 300px) 100vw, 300px\" \/><\/a><figcaption id=\"caption-attachment-8065\" class=\"wp-caption-text\">La Presidenza del Convegno A Fossanova<\/figcaption><\/figure>\n<p>&nbsp;<\/p>\n<p>&nbsp;<\/p>\n<p>&nbsp;<\/p>\n<figure id=\"attachment_8063\" aria-describedby=\"caption-attachment-8063\" style=\"width: 403px\" class=\"wp-caption alignright\"><a href=\"https:\/\/www.ulisseland.com\/journal\/wp-content\/uploads\/2015\/05\/corelli-2.jpg\"><img loading=\"lazy\" decoding=\"async\" class=\" wp-image-8063  \" alt=\"La sede dei lavori a San Felice Circeo\" src=\"https:\/\/www.ulisseland.com\/journal\/wp-content\/uploads\/2015\/05\/corelli-2.jpg\" width=\"403\" height=\"227\" srcset=\"https:\/\/www.ulisseland.com\/journal\/wp-content\/uploads\/2015\/05\/corelli-2.jpg 960w, https:\/\/www.ulisseland.com\/journal\/wp-content\/uploads\/2015\/05\/corelli-2-300x168.jpg 300w\" sizes=\"auto, (max-width: 403px) 100vw, 403px\" \/><\/a><figcaption id=\"caption-attachment-8063\" class=\"wp-caption-text\">La sede dei lavori a San Felice Circeo<\/figcaption><\/figure>\n<p style=\"text-align: justify;\" align=\"left\">I lavori sono proseguiti poi a San Felice Circeo,\u00a0mentre i corsi di teoria e pratica a Roccagorga, Comune partner della Sicut nell&#8217;organizzazione dell&#8217;evento.<\/p>\n<p align=\"left\">Per parte nostra, la Redazione di Ulisseland Journal, si compiace per il successo del Convegno, e ringrazia il Dott. Sergio Corelli per averci presentato il Presidente dell&#8217;Associazione Sicut Prof. Franco Stagnitti\u00a0 ai quali assicuriamo il nostro sostegno per lo sviluppo delle loro importanti attivit\u00e0 nella formazione e nella ricerca scientifica.<\/p>\n<figure id=\"attachment_8062\" aria-describedby=\"caption-attachment-8062\" style=\"width: 576px\" class=\"wp-caption alignleft\"><a href=\"https:\/\/www.ulisseland.com\/journal\/wp-content\/uploads\/2015\/05\/corelli-1.jpg\"><img loading=\"lazy\" decoding=\"async\" class=\" wp-image-8062 \" alt=\"Il Dott. Sergio Corelli nel corso del suo intervento a San Felice Circeo\" src=\"https:\/\/www.ulisseland.com\/journal\/wp-content\/uploads\/2015\/05\/corelli-1.jpg\" width=\"576\" height=\"324\" srcset=\"https:\/\/www.ulisseland.com\/journal\/wp-content\/uploads\/2015\/05\/corelli-1.jpg 960w, https:\/\/www.ulisseland.com\/journal\/wp-content\/uploads\/2015\/05\/corelli-1-300x168.jpg 300w\" sizes=\"auto, (max-width: 576px) 100vw, 576px\" \/><\/a><figcaption id=\"caption-attachment-8062\" class=\"wp-caption-text\">Il Dott. Sergio Corelli nel corso del suo intervento a San Felice Circeo<\/figcaption><\/figure>\n<p>&nbsp;<\/p>\n<p>&nbsp;<\/p>\n<p>&nbsp;<\/p>\n<p>&nbsp;<\/p>\n<p>&nbsp;<\/p>\n<p>&nbsp;<\/p>\n<p>&nbsp;<\/p>\n<p>Per la Redazione: Prof. Luigi Cocomello<\/p>\n","protected":false},"excerpt":{"rendered":"<p>\u00a0La &#8220;chirurgia d&#8217;urgenza Italiana tra presente e futuro&#8221; \u00e8 stato il tema del convegno che si \u00e8 concluso con grande successo di partecipazione e per la qualit\u00e0 dei temi trattati, da gioved\u00ec 21 a domenica 23 maggio nella storica &#8220;infermeria&#8221; dell&#8217;Abbazia di Fossanova, a San Felice Circeo e nel Comune di Roccagorga. Il Convegno Nazionale<\/p>\n","protected":false},"author":1,"featured_media":0,"comment_status":"open","ping_status":"open","sticky":false,"template":"","format":"standard","meta":{"footnotes":""},"categories":[10,11,23,60,62,22],"tags":[],"class_list":["post-8057","post","type-post","status-publish","format-standard","hentry","category-editoriale","category-enti","category-formazione","category-incontri","category-lt","category-sanita"],"_links":{"self":[{"href":"https:\/\/www.ulisseland.com\/journal\/wp-json\/wp\/v2\/posts\/8057","targetHints":{"allow":["GET"]}}],"collection":[{"href":"https:\/\/www.ulisseland.com\/journal\/wp-json\/wp\/v2\/posts"}],"about":[{"href":"https:\/\/www.ulisseland.com\/journal\/wp-json\/wp\/v2\/types\/post"}],"author":[{"embeddable":true,"href":"https:\/\/www.ulisseland.com\/journal\/wp-json\/wp\/v2\/users\/1"}],"replies":[{"embeddable":true,"href":"https:\/\/www.ulisseland.com\/journal\/wp-json\/wp\/v2\/comments?post=8057"}],"version-history":[{"count":13,"href":"https:\/\/www.ulisseland.com\/journal\/wp-json\/wp\/v2\/posts\/8057\/revisions"}],"predecessor-version":[{"id":8076,"href":"https:\/\/www.ulisseland.com\/journal\/wp-json\/wp\/v2\/posts\/8057\/revisions\/8076"}],"wp:attachment":[{"href":"https:\/\/www.ulisseland.com\/journal\/wp-json\/wp\/v2\/media?parent=8057"}],"wp:term":[{"taxonomy":"category","embeddable":true,"href":"https:\/\/www.ulisseland.com\/journal\/wp-json\/wp\/v2\/categories?post=8057"},{"taxonomy":"post_tag","embeddable":true,"href":"https:\/\/www.ulisseland.com\/journal\/wp-json\/wp\/v2\/tags?post=8057"}],"curies":[{"name":"wp","href":"https:\/\/api.w.org\/{rel}","templated":true}]}}