{"id":7942,"date":"2015-04-14T16:56:09","date_gmt":"2015-04-14T14:56:09","guid":{"rendered":"http:\/\/www.ulisseland.com\/journal\/?p=7942"},"modified":"2015-04-14T16:56:09","modified_gmt":"2015-04-14T14:56:09","slug":"formia-al-dono-svizzero-e-in-gioco-il-futuro-della-cardiologia","status":"publish","type":"post","link":"https:\/\/www.ulisseland.com\/journal\/formia-al-dono-svizzero-e-in-gioco-il-futuro-della-cardiologia\/","title":{"rendered":"FORMIA: AL &#8220;DONO SVIZZERO&#8221; E\u2019 IN GIOCO IL FUTURO DELLA CARDIOLOGIA"},"content":{"rendered":"<figure id=\"attachment_7943\" aria-describedby=\"caption-attachment-7943\" style=\"width: 300px\" class=\"wp-caption alignleft\"><a href=\"https:\/\/www.ulisseland.com\/journal\/wp-content\/uploads\/2015\/04\/cardiologia-gruppo.jpg\"><img loading=\"lazy\" decoding=\"async\" src=\"https:\/\/www.ulisseland.com\/journal\/wp-content\/uploads\/2015\/04\/cardiologia-gruppo-300x225.jpg\" alt=\"Il Gruppo di Cardiologia Formia\" width=\"300\" height=\"225\" class=\"size-medium wp-image-7943\" srcset=\"https:\/\/www.ulisseland.com\/journal\/wp-content\/uploads\/2015\/04\/cardiologia-gruppo-300x225.jpg 300w, https:\/\/www.ulisseland.com\/journal\/wp-content\/uploads\/2015\/04\/cardiologia-gruppo.jpg 973w\" sizes=\"auto, (max-width: 300px) 100vw, 300px\" \/><\/a><figcaption id=\"caption-attachment-7943\" class=\"wp-caption-text\">Il Gruppo di Cardiologia Formia<\/figcaption><\/figure>\n<p>Nella Cardiologia di Formia sta avvenendo un ricambio generazionale. Stanno andando in pensione gli ultimi medici che assieme al Primario, Paolo Tancredi, iniziarono nel 1986 l\u2019attivit\u00e0 di reparto. Purtroppo questa fase evolve in maniera drammatica, a causa del mancato ricambio del personale. Di sei medici andati in pensione ne sono stati sostituiti solo due e a contratto determinato. Ma non \u00e8 solo un problema di numeri. L\u2019affiatamento di un gruppo, necessario per meglio operare in una intensiva, si pu\u00f2 ottenere con il graduale inserimento dei nuovi assunti nelle attivit\u00e0 del reparto. Tutto invece evolve in maniera convulsa e precaria. Per quanto riguarda l\u2019Emodinamica c\u2019\u00e8 il rischio che possa fermarsi nel giugno prossimo per il mancato rinnovo dell\u2019aspettativa di uno dei due Emodinamisti.<br \/>\nCos\u00ec stanno le cose ed \u00e8 assai elementare comprendere come, almeno in questo momento, la difesa della Cardiologia rappresenta la madre di tutte le battaglie per l\u2019intero Ospedale \u201cDono Svizzero\u201d. Ora ignorando i soliti disfattisti, che si esercitano nel mestiere del dileggio ed ai quali della salute dei cittadini importa poco o nulla, sarebbe il caso invece che tutti coloro che sono in grado di comprendere la rilevanza del problema si dessero da fare. Si possono accettare critiche ma tenendo ben presente due aspetti: il primo \u00e8 che l\u2019attuale difficolt\u00e0 viene dal passato ed \u00e8 resa pi\u00f9 critica dalla scarsit\u00e0 attuale delle risorse; il secondo aspetto riguarda la necessit\u00e0 di salvaguardare un presidio essenziale per la salute dei cittadini del basso Lazio che per qualsiasi forza politica dovrebbe rappresentare la sfida di governo o di opposizione facendone un impegno prioritario ed eccezionale.<br \/>\nSi tratta di quelle battaglie il cui esito pesa su tutti sia in caso di vittoria che di sconfitta e non \u00e8 tanto il colore dello schieramento politico ad essere decisivo ma \u00e8 la forza dei territori a pesare. Roma \u00e8 la capitale che assorbe tutto o quasi. Latina subisce Roma ma prevale sull\u2019estrema periferia della Regione in cui ci troviamo noi. C\u2019\u00e8 allora una trasversalit\u00e0 che si gioca in termini di territori e che potrebbe schematicamente essere intesa come il sud che rispetto al nord resta penalizzato. Ora si d\u00e0 il caso che tutti siamo cittadini della Regione Lazio e dunque l\u2019emergenza e l\u2019assistenza, nello specifico quelle cardiologiche, devono essere garantite a Latina e a Formia nella stessa misura come a Roma. Si tratta di un principio sacrosanto sancito dalla Costituzione Repubblicana per il quale le diverse forze politiche devono distinguersi e competere per intraprendenza.<br \/>\nAi cittadini ora interessano i fatti, per niente le chiacchiere e n\u00e9 tantomeno il rimpallo delle responsabilit\u00e0. Allora occorre agire con molta pacatezza e determinazione innanzitutto sulla Regione Lazio e su tutte le altre Istituzioni che concorrono al governo della sanit\u00e0 pubblica. Inoltre \u00e8 da valutare un impegno straordinario del Comune di Formia per istituire un fondo finalizzato alla dotazione del reparto di Cardiologia di un Ecografo di fascia alta e di altra strumentazione per l&#8217;ospedale. Faremo a breve delle proposte per il bilancio del 2015 in fase di approvazione.<br \/>\nRiceviamo e pubblichiamo dal Dott.   Francesco Carta.<\/p>\n","protected":false},"excerpt":{"rendered":"<p>Nella Cardiologia di Formia sta avvenendo un ricambio generazionale. Stanno andando in pensione gli ultimi medici che assieme al Primario, Paolo Tancredi, iniziarono nel 1986 l\u2019attivit\u00e0 di reparto. Purtroppo questa fase evolve in maniera drammatica, a causa del mancato ricambio del personale. Di sei medici andati in pensione ne sono stati sostituiti solo due e<\/p>\n","protected":false},"author":1,"featured_media":0,"comment_status":"open","ping_status":"open","sticky":false,"template":"","format":"standard","meta":{"footnotes":""},"categories":[1],"tags":[],"class_list":["post-7942","post","type-post","status-publish","format-standard","hentry","category-senza-categoria"],"_links":{"self":[{"href":"https:\/\/www.ulisseland.com\/journal\/wp-json\/wp\/v2\/posts\/7942","targetHints":{"allow":["GET"]}}],"collection":[{"href":"https:\/\/www.ulisseland.com\/journal\/wp-json\/wp\/v2\/posts"}],"about":[{"href":"https:\/\/www.ulisseland.com\/journal\/wp-json\/wp\/v2\/types\/post"}],"author":[{"embeddable":true,"href":"https:\/\/www.ulisseland.com\/journal\/wp-json\/wp\/v2\/users\/1"}],"replies":[{"embeddable":true,"href":"https:\/\/www.ulisseland.com\/journal\/wp-json\/wp\/v2\/comments?post=7942"}],"version-history":[{"count":1,"href":"https:\/\/www.ulisseland.com\/journal\/wp-json\/wp\/v2\/posts\/7942\/revisions"}],"predecessor-version":[{"id":7944,"href":"https:\/\/www.ulisseland.com\/journal\/wp-json\/wp\/v2\/posts\/7942\/revisions\/7944"}],"wp:attachment":[{"href":"https:\/\/www.ulisseland.com\/journal\/wp-json\/wp\/v2\/media?parent=7942"}],"wp:term":[{"taxonomy":"category","embeddable":true,"href":"https:\/\/www.ulisseland.com\/journal\/wp-json\/wp\/v2\/categories?post=7942"},{"taxonomy":"post_tag","embeddable":true,"href":"https:\/\/www.ulisseland.com\/journal\/wp-json\/wp\/v2\/tags?post=7942"}],"curies":[{"name":"wp","href":"https:\/\/api.w.org\/{rel}","templated":true}]}}