{"id":7928,"date":"2015-04-14T16:11:35","date_gmt":"2015-04-14T14:11:35","guid":{"rendered":"http:\/\/www.ulisseland.com\/journal\/?p=7928"},"modified":"2015-10-26T15:52:49","modified_gmt":"2015-10-26T14:52:49","slug":"tecnology-il-fotovoltaico-flessibile-della-trevigiana-energyka-premiato-da-legambiente-sara-presente-allexpo","status":"publish","type":"post","link":"https:\/\/www.ulisseland.com\/journal\/tecnology-il-fotovoltaico-flessibile-della-trevigiana-energyka-premiato-da-legambiente-sara-presente-allexpo\/","title":{"rendered":"TECNOLOGY &#8211; Il fotovoltaico flessibile della trevigiana Energyka premiato da Legambiente. Sar\u00e0 presente all&#8217;Expo"},"content":{"rendered":"<figure id=\"attachment_7929\" aria-describedby=\"caption-attachment-7929\" style=\"width: 770px\" class=\"wp-caption alignleft\"><a href=\"https:\/\/www.ulisseland.com\/journal\/wp-content\/uploads\/2015\/04\/Il-fotovoltaico-flessibile-della-trevigiana-Energyka-premiato-da-Legambiente.-Sara-presente-all-Expo_articleimage.jpg\"><img loading=\"lazy\" decoding=\"async\" class=\"size-full wp-image-7929\" src=\"https:\/\/www.ulisseland.com\/journal\/wp-content\/uploads\/2015\/04\/Il-fotovoltaico-flessibile-della-trevigiana-Energyka-premiato-da-Legambiente.-Sara-presente-all-Expo_articleimage.jpg\" alt=\"Il-fotovoltaico-flessibile-della-trevigiana-Energyka-premiato-da-Legambiente.-Sara-presente-all-Expo\" width=\"770\" height=\"461\" srcset=\"https:\/\/www.ulisseland.com\/journal\/wp-content\/uploads\/2015\/04\/Il-fotovoltaico-flessibile-della-trevigiana-Energyka-premiato-da-Legambiente.-Sara-presente-all-Expo_articleimage.jpg 770w, https:\/\/www.ulisseland.com\/journal\/wp-content\/uploads\/2015\/04\/Il-fotovoltaico-flessibile-della-trevigiana-Energyka-premiato-da-Legambiente.-Sara-presente-all-Expo_articleimage-300x179.jpg 300w\" sizes=\"auto, (max-width: 770px) 100vw, 770px\" \/><\/a><figcaption id=\"caption-attachment-7929\" class=\"wp-caption-text\">Il-fotovoltaico-flessibile-della-trevigiana-Energyka-premiato-da-Legambiente.-Sara-presente-all-Expo<\/figcaption><\/figure>\n<p>Centotrenta candidati, tra questi alcuni dei colossi tecnologici nazionali, solo sette vincitori che Legambiente porter\u00e0 ad Expo 2015, non solo come esempi italiani di buone pratiche, ma come innovazioni che posso davvero cambiare il Mondo, in particolare sul fronte delle energie rinnovabili. Tra i sette progetti vincitori c\u2019\u00e8 il pannello flessibile Prometea dell\u2019azienda trevigiana Energyka, una realt\u00e0 aziendale giovanissima ma che gi\u00e0 ha saputo affermarsi a livello internazionale. Prometea \u00e8 il modulo fotovoltaico flessibile e piegabile pi\u00f9 produttivo, pi\u00f9 ecosostenibile, pi\u00f9 trasportabile, pi\u00f9 integrabile, pi\u00f9 leggero, pi\u00f9 \u201cesteticamente rispettoso\u201d e l\u2019unico flessibile veramente ecologico.<\/p>\n<p>\u201cEnergie, economie e bellezza per la vita\u201d: questo il titolo del Bando Innovazione Amica dell&#8217;Ambiente 2015, il premio nazionale ambientalista, giunto ormai alla sua quattordicesima edizione. Il Direttore di Legambiente ha consegnato stamane a Palazzo dei Giureconsulti a Milano, l\u2019ambito riconoscimento nelle mani di Rolando Rostolis, uno dei fondatori di Energyka. \u201cUn grande orgoglio per noi, che arriva a coronamento di anni di investiti nella ricerca di un prodotto che punta a rivoluzionare il settore del fotovoltaico \u2013 ha dichiarato Rolando Rostolis di Energyka &#8211; \u201cEnergia per la vita\u201d, recita il claim di Expo 2015 e noi siamo lieti di esserne da oggi ambasciatori di Lagambiente all\u2019Esposizione Universale che si sta per aprire, con un prodotto che speriamo di portare in tutto il Mondo, offrendo energia e tecnologia pulita, ad un prezzo equo perch\u00e9 particolarmente adattabile a tutte le architetture e a tutti gli ambienti\u201d. Parole che ben interpretano anche il messaggio lanciato dal presidente di Legambiente, Vittorio Cogliati Dezza: \u201cMolte innovazioni che presentiamo e che stanno cambiando il mondo non rappresentano pi\u00f9 solo aspetti di mitigazione dell&#8217;impatto ambientale o riduzione di sprechi. Spesso invertono la tendenza, sono una alternativa ai combustibili fossili, al consumo di suolo, al degrado nelle citt\u00e0 inquinate.\u201d Per questo, il pannello Prometea sar\u00e0 uno degli ambasciatori di Legambiente a Expo2015.<\/p>\n<p>Prometea \u00e8 un nuovo modulo fotovoltaico flessibile e piegabile, senza cadmio e altri metalli pesanti (risponde volontariamente alla direttiva RoHS): garantisce prezzi pi\u00f9 bassi (sia dei moduli, che di installazione) e rendimenti superiori alla media. Ricerca e brevetti italiani, Prometea \u00e8 al centro della joint venture che coinvolge la giovane azienda di Montebelluna (TV), Energyka Electrosystem e uno dei colossi tecnologici asiatici, Hiwin\/Hulket.<\/p>\n<p>Fonte: Comunicato stampa<br \/>\nEditoriale segnalato da MARIO REBUSCINI<\/p>\n","protected":false},"excerpt":{"rendered":"<p>Centotrenta candidati, tra questi alcuni dei colossi tecnologici nazionali, solo sette vincitori che Legambiente porter\u00e0 ad Expo 2015, non solo come esempi italiani di buone pratiche, ma come innovazioni che posso davvero cambiare il Mondo, in particolare sul fronte delle energie rinnovabili. Tra i sette progetti vincitori c\u2019\u00e8 il pannello flessibile Prometea dell\u2019azienda trevigiana Energyka,<\/p>\n","protected":false},"author":1,"featured_media":0,"comment_status":"open","ping_status":"open","sticky":false,"template":"","format":"standard","meta":{"footnotes":""},"categories":[79,8],"tags":[],"class_list":["post-7928","post","type-post","status-publish","format-standard","hentry","category-energia","category-technology"],"_links":{"self":[{"href":"https:\/\/www.ulisseland.com\/journal\/wp-json\/wp\/v2\/posts\/7928","targetHints":{"allow":["GET"]}}],"collection":[{"href":"https:\/\/www.ulisseland.com\/journal\/wp-json\/wp\/v2\/posts"}],"about":[{"href":"https:\/\/www.ulisseland.com\/journal\/wp-json\/wp\/v2\/types\/post"}],"author":[{"embeddable":true,"href":"https:\/\/www.ulisseland.com\/journal\/wp-json\/wp\/v2\/users\/1"}],"replies":[{"embeddable":true,"href":"https:\/\/www.ulisseland.com\/journal\/wp-json\/wp\/v2\/comments?post=7928"}],"version-history":[{"count":4,"href":"https:\/\/www.ulisseland.com\/journal\/wp-json\/wp\/v2\/posts\/7928\/revisions"}],"predecessor-version":[{"id":8573,"href":"https:\/\/www.ulisseland.com\/journal\/wp-json\/wp\/v2\/posts\/7928\/revisions\/8573"}],"wp:attachment":[{"href":"https:\/\/www.ulisseland.com\/journal\/wp-json\/wp\/v2\/media?parent=7928"}],"wp:term":[{"taxonomy":"category","embeddable":true,"href":"https:\/\/www.ulisseland.com\/journal\/wp-json\/wp\/v2\/categories?post=7928"},{"taxonomy":"post_tag","embeddable":true,"href":"https:\/\/www.ulisseland.com\/journal\/wp-json\/wp\/v2\/tags?post=7928"}],"curies":[{"name":"wp","href":"https:\/\/api.w.org\/{rel}","templated":true}]}}