{"id":792,"date":"2012-03-27T14:39:19","date_gmt":"2012-03-27T14:39:19","guid":{"rendered":"http:\/\/www.ulisseland.com\/journal\/?p=792&#038;lang=it"},"modified":"2012-03-28T11:53:30","modified_gmt":"2012-03-28T11:53:30","slug":"inaugurato-il-parco-dei-nonni","status":"publish","type":"post","link":"https:\/\/www.ulisseland.com\/journal\/inaugurato-il-parco-dei-nonni\/","title":{"rendered":"FROSINONE: INAUGURATO IL PARCO DEI NONNI"},"content":{"rendered":"<p><a href=\"http:\/\/www.comune.frosinone.it\/\"><img loading=\"lazy\" decoding=\"async\" class=\"alignleft size-full wp-image-797\" title=\"output_immagine (6)\" src=\"https:\/\/www.ulisseland.com\/journal\/wp-content\/uploads\/2012\/03\/output_immagine-6.jpg\" alt=\"\" width=\"244\" height=\"183\" \/><\/a>Mercoled\u00ec 22 settembre il Sindaco Michele Marini ha inaugurato il Parco dei Nonni, sito in via Portogallo.<\/p>\n<p>&#8220;Con questa inaugurazione si prosegue nella politica che vede la realizzazione di parchi attrezzati nella citt\u00e0. Dopo il Parco delle Colline ecco il Parco dei Nonni. Questo ed altri progetti come le piste ciclabili e il bike sharing ci hanno permesso di portare da due a dieci metri quadrati lo spazio verde procapite in citt\u00e0 e di migliorare la qualit\u00e0 della vita. Questo spazio verde \u00e8 di grande importanza per il quartiere \u2013 prosegue il Sindaco \u2013 in particolare per i pi\u00f9 giovani, vista anche la vicinanza all\u2019asilo nido Pollicino, alla media Pietrobono ed alla elementare Lombardo Radice. Colgo l\u2019occasione \u2013 ha concluso il Sindaco \u2013 per fare un appello alla educazione civica dei cittadini nella speranza che nessun atto di vandalismo possa arrecare danno ad una cos\u00ec bella struttura&#8221;.<\/p>\n<p>&#8220;Il Parco dei Nonni \u2013 ha dichiarato l\u2019assessore all\u2019Ambiente e Energie rinnovabili Francesco Raffa &#8211; rappresenta un recupero particolarmente importante per la nostra citt\u00e0 in quanto, nel contempo, realizza il verde di relazione e di svago a livello di quartiere e consente la valorizzazione di un\u2019area grigia che versava in un preoccupante stato di degrado ambientale.<\/p>\n<p>L\u2019auspicio dell\u2019Amministrazione comunale \u00e8 che questo esempio possa ripetersi in altri quartieri e zone della nostra citt\u00e0 mentre la speranza per il futuro \u00e8 che i cittadini di Frosinone e, in particolare quelli del quartiere Selvapiana, sappiano rispettare lo stato dei luoghi salvaguardando l\u2019area dall\u2019abbandono da rifiuti di vario tipo e mantenendo integre le importanti attrezzature ginnico-sportive e il patrimonio arboreo e arbustivo insistenti sull\u2019area&#8221;.<\/p>\n<p>&#8220;Sono particolarmente orgoglioso \u2013 ha detto il Presidente della Terza Circoscrizione Lorenzo Turriziani Colonna \u2013 di vedere realizzato un giardino a servizio del nostro territorio. Orgoglio che deriva dal tanto impegno profuso da parte di questa Circoscrizione che si \u00e8 impegnata anche economicamente a sostegno di questa iniziativa. L\u2019idea di questo Parco \u2013 ha chiuso il Presidente \u2013 \u00e8 nata nel novembre del 2009 nel corso della Festa degli alberi, oggi la vediamo realizzata&#8221;.<a href=\"http:\/\/www.comune.frosinone.it\/\"><img loading=\"lazy\" decoding=\"async\" class=\"alignright size-full wp-image-798\" title=\"DIGITAL CAMERA\" src=\"https:\/\/www.ulisseland.com\/journal\/wp-content\/uploads\/2012\/03\/Inaugurazione-Parco-dei-Nonni-2-e1332858475667.jpg\" alt=\"\" width=\"240\" height=\"180\" \/><\/a><\/p>\n<p>Il Parco dei Nonni \u00e8 uno fra i primi realizzati in Italia dopo aver assistito al successo riscosso dalle esperienze pilota di parchi-giochi riservati alla terza et\u00e0 aperti nei dintorni di Manchester e Berlino.<br \/>\nLa nuova area di svago \u00e8 fornita di attrezzature (donate dalla societ\u00e0 Sangalli) in grado di aiutare gli anziani in attivit\u00e0 ginniche. Infatti sono state sistemate lungo un percorso di circa 200 metri \u201cmacchine\u201d per fare stretching, per pedaliere che rafforzano i muscoli delle braccia e delle gambe.<\/p>\n<p>Naturalmente nel parco si potranno svolgere attivit\u00e0 ludiche (le attrezzature sono state donate dalla Viscolube), ricreative insieme a bambini e ragazzi, sar\u00e0 una palestra all\u2019aperto facendo sport in modo gratuito.<br \/>\nL\u2019area oggetto di intervento, di propriet\u00e0 del Comune, misura circa 2000 mq. Era completamente coperta da una vegetazione spontanea costituita principalmente da rovi, graminacee e piante arbustive e arboree di scarso valore botanico e paesaggistico.<br \/>\nIl parco ora \u00e8 caratterizzato da zone che hanno diverse funzioni, tutte collegate da un unico percorso.<\/p>\n<p><a href=\"http:\/\/www.comune.frosinone.it\/\"><img loading=\"lazy\" decoding=\"async\" class=\"alignleft  wp-image-799\" title=\"ParcoNonni2\" src=\"https:\/\/www.ulisseland.com\/journal\/wp-content\/uploads\/2012\/03\/ParcoNonni2-e1332858547649.jpg\" alt=\"\" width=\"192\" height=\"143\" \/><\/a>Le diverse zone sono disposte nei punti strategici del parco cosi da utilizzare al meglio i fattori climatici e ambientali.<\/p>\n<p>Zona didattica all\u2019aperto: confinante con la scuola materna, dove \u00e8 stato realizzato uno spazio ludico-didattico nel quale i bambini potranno fare conoscenza con alcuni alberi che saranno messi a dimora.<a href=\"http:\/\/www.comune.frosinone.it\/\"><img loading=\"lazy\" decoding=\"async\" class=\"alignright  wp-image-800\" title=\"IMG_1323\" src=\"https:\/\/www.ulisseland.com\/journal\/wp-content\/uploads\/2012\/03\/IMG_1323-e1332858650344.jpg\" alt=\"\" width=\"157\" height=\"118\" \/><\/a><br \/>\nZona giochi sportivi: dove le persone, e in modo particolare la popolazione anziana, possono cimentarsi in esercizi fisici utilizzando alcune strutture presente lungo i percorsi del parco.<br \/>\nZona boschetto: si tratta di un\u2019area dove \u00e8 possibile trascorre il tempo all\u2019ombra di alberi.<\/p>\n<p>I lavori sono stati eseguiti utilizzando tecniche agronomiche e di ingegneria naturalistica, utilizzando materiali essenzialmente vegetali vivi (talee, arbusti ecc) e materiali organici inerti (legname, brecciolino ecc.).<\/p>\n<p>mar 07 set, 2010 2:00 am<\/p>\n<p><a href=\"http:\/\/www.virtualcity3d.it\/index.aspx?city=frosinone&amp;comune=frosinone.db\"><img loading=\"lazy\" decoding=\"async\" class=\"alignleft size-full wp-image-725\" title=\"Frosinone_86x86\" src=\"https:\/\/www.ulisseland.com\/journal\/wp-content\/uploads\/2012\/03\/Frosinone_86x86.png\" alt=\"\" width=\"86\" height=\"86\" srcset=\"https:\/\/www.ulisseland.com\/journal\/wp-content\/uploads\/2012\/03\/Frosinone_86x86.png 86w, https:\/\/www.ulisseland.com\/journal\/wp-content\/uploads\/2012\/03\/Frosinone_86x86-50x50.png 50w\" sizes=\"auto, (max-width: 86px) 100vw, 86px\" \/><\/a><\/p>\n","protected":false},"excerpt":{"rendered":"<p>Mercoled\u00ec 22 settembre il Sindaco Michele Marini ha inaugurato il Parco dei Nonni, sito in via Portogallo. &#8220;Con questa inaugurazione si prosegue nella politica che vede la realizzazione di parchi attrezzati nella citt\u00e0. Dopo il Parco delle Colline ecco il Parco dei Nonni. Questo ed altri progetti come le piste ciclabili e il bike sharing<\/p>\n","protected":false},"author":1,"featured_media":0,"comment_status":"open","ping_status":"open","sticky":false,"template":"","format":"standard","meta":{"footnotes":""},"categories":[15,11],"tags":[],"class_list":["post-792","post","type-post","status-publish","format-standard","hentry","category-comune-di-frosinone","category-enti"],"_links":{"self":[{"href":"https:\/\/www.ulisseland.com\/journal\/wp-json\/wp\/v2\/posts\/792","targetHints":{"allow":["GET"]}}],"collection":[{"href":"https:\/\/www.ulisseland.com\/journal\/wp-json\/wp\/v2\/posts"}],"about":[{"href":"https:\/\/www.ulisseland.com\/journal\/wp-json\/wp\/v2\/types\/post"}],"author":[{"embeddable":true,"href":"https:\/\/www.ulisseland.com\/journal\/wp-json\/wp\/v2\/users\/1"}],"replies":[{"embeddable":true,"href":"https:\/\/www.ulisseland.com\/journal\/wp-json\/wp\/v2\/comments?post=792"}],"version-history":[{"count":12,"href":"https:\/\/www.ulisseland.com\/journal\/wp-json\/wp\/v2\/posts\/792\/revisions"}],"predecessor-version":[{"id":807,"href":"https:\/\/www.ulisseland.com\/journal\/wp-json\/wp\/v2\/posts\/792\/revisions\/807"}],"wp:attachment":[{"href":"https:\/\/www.ulisseland.com\/journal\/wp-json\/wp\/v2\/media?parent=792"}],"wp:term":[{"taxonomy":"category","embeddable":true,"href":"https:\/\/www.ulisseland.com\/journal\/wp-json\/wp\/v2\/categories?post=792"},{"taxonomy":"post_tag","embeddable":true,"href":"https:\/\/www.ulisseland.com\/journal\/wp-json\/wp\/v2\/tags?post=792"}],"curies":[{"name":"wp","href":"https:\/\/api.w.org\/{rel}","templated":true}]}}