{"id":7787,"date":"2015-02-01T06:58:27","date_gmt":"2015-02-01T05:58:27","guid":{"rendered":"http:\/\/www.ulisseland.com\/journal\/?p=7787"},"modified":"2015-02-01T07:17:14","modified_gmt":"2015-02-01T06:17:14","slug":"l-a-t-i-n-a-giustizia-al-collasso-gli-avvocati-guidati-da-dino-lucchetti-in-rottura-con-il-passato","status":"publish","type":"post","link":"https:\/\/www.ulisseland.com\/journal\/l-a-t-i-n-a-giustizia-al-collasso-gli-avvocati-guidati-da-dino-lucchetti-in-rottura-con-il-passato\/","title":{"rendered":"L A T I N A &#8211; Giustizia al collasso, gli avvocati guidati da Dino Lucchetti in rottura con il passato"},"content":{"rendered":"<p>PER LA LISTA DEI CANDIDATI APRI QUI&#8217; IL PDF:<br \/>\n<a href=\"https:\/\/www.ulisseland.com\/journal\/wp-content\/uploads\/2015\/02\/LUCCHETTI-pieghevole-1.pdf\">LUCCHETTI pieghevole (1)<\/a><\/p>\n<figure id=\"attachment_7788\" aria-describedby=\"caption-attachment-7788\" style=\"width: 200px\" class=\"wp-caption alignleft\"><a href=\"https:\/\/www.ulisseland.com\/journal\/wp-content\/uploads\/2015\/02\/Avv.-Dino-Luchetti.jpg\"><img loading=\"lazy\" decoding=\"async\" src=\"https:\/\/www.ulisseland.com\/journal\/wp-content\/uploads\/2015\/02\/Avv.-Dino-Luchetti.jpg\" alt=\"Il Capolista di &quot;Rinnovamento&quot; Avv. Ezio Lucchetti\" width=\"200\" height=\"151\" class=\"size-full wp-image-7788\" \/><\/a><figcaption id=\"caption-attachment-7788\" class=\"wp-caption-text\">Il Capolista di &#8220;Rinnovamento&#8221; Avv. Ezio Lucchetti<\/figcaption><\/figure>\n<p>Cari Colleghi,<\/p>\n<p>Ho scelto di partecipare alle prossime elezioni per il rinnovo del Consiglio dell&#8217;Ordine, dopo qualche anno di assenza, aderendo all&#8217;invito di molti Colleghi.<\/p>\n<p>Confesso che \u00e8 stata una scelta dell&#8217;ultimo minuto (l&#8217;incertezza determinata dall&#8217;impugnazione al TAR del regolamento per le elezioni e la convocazione a breve termine dell&#8217; assemblea per il voto, non consentivano di fare altrimenti) e difficile.<figure id=\"attachment_7789\" aria-describedby=\"caption-attachment-7789\" style=\"width: 300px\" class=\"wp-caption alignright\"><a href=\"https:\/\/www.ulisseland.com\/journal\/wp-content\/uploads\/2015\/02\/foto-gruppo-avvocati-lista-lucchetti.jpg\"><img loading=\"lazy\" decoding=\"async\" src=\"https:\/\/www.ulisseland.com\/journal\/wp-content\/uploads\/2015\/02\/foto-gruppo-avvocati-lista-lucchetti-300x199.jpg\" alt=\"Candidati della Lista &quot;Rinnovamento&quot; tra i quali CARLA VANI e LUCA SCIPIONE amici di Luigi Cocomello\" width=\"300\" height=\"199\" class=\"size-medium wp-image-7789\" srcset=\"https:\/\/www.ulisseland.com\/journal\/wp-content\/uploads\/2015\/02\/foto-gruppo-avvocati-lista-lucchetti-300x199.jpg 300w, https:\/\/www.ulisseland.com\/journal\/wp-content\/uploads\/2015\/02\/foto-gruppo-avvocati-lista-lucchetti.jpg 670w\" sizes=\"auto, (max-width: 300px) 100vw, 300px\" \/><\/a><figcaption id=\"caption-attachment-7789\" class=\"wp-caption-text\">Candidati della Lista &#8220;Rinnovamento&#8221; tra i quali CARLA VANI e LUCA SCIPIONE amici di Luigi Cocomello<\/figcaption><\/figure><\/p>\n<p>Difficile innanzitutto perch\u00e9 nutro sincera stima per coloro che, sino ad oggi, hanno fatto parte del Consiglio dell&#8217;Ordine e per coloro che, nel segno della continuit\u00e0, si sono candidati a rappresentarlo ancora. Essere a capo di una lista che si propone come alternativa al Consiglio uscente mi sembrava per\u00f2 l&#8217;unico modo per proporre un reale cambiamento in seno al consesso. Gli anni appena trascorsi hanno segnato una profonda modificazione dell\u2019Avvocatura e, per noi iscritti all&#8217;Ordine di Latina (ma occorre dire per tutti i cittadini della provincia), mortificazioni e lacerazioni che hanno inciso sul modo di esercizio della professione e, in molti casi, posto seri interrogativi sull\u2019opportunit\u00e0 di proseguire l&#8217;attivit\u00e0. Evidentemente non tutto \u00e8 dipeso dall&#8217;Ordine, che anzi ha cercato di contrastare (con quali risultati, non sta a me giudicarlo) gli effetti devastanti delle recenti riforme. La prospettiva che fossimo chiamati a votare &#8211; come \u00e8 avvenuto nelle ultime elezioni &#8211; esprimendoci su un&#8217;unica lista mi sembrava penalizzante per il principio del pluralismo e dell\u2019alternanza, che sono i necessari presupposti per la formazione di un efficiente e dinamico Organo rappresentativo della categoria. <\/p>\n<p>Soprattutto in un momento in cui occorre ritrovare e assumere un ruolo propositivo e propulsivo per evitare che gli Avvocati, ma ancor prima i cittadini, possano subire ulteriori lesioni di diritti, alla tutela dei quali la nostra professione \u00e8 funzionalmente preposta con un riconoscimento di rango costituzionale.<\/p>\n<p>Un esempio ? Non possiamo continuare a permettere che i processi penali e civili pendenti nella Sezione di Gaeta siano discriminati rispetto agli altri. N\u00e9 dovremo consentire che ci\u00f2 accada, a breve termine, per i processi attualmente pendenti a Terracina. Tutti i diritti dei cittadini meritano uguale tutela, che deve essere garantita, rafforzata e velocizzata per tutti i processi (non solo per quelli provenienti dalle Sezioni distaccate). Un altro esempio ? La Giustizia deve essere amministrata in locali idonei, con forme dignitose e Cancellerie efficienti. Questi gli impegni prioritari, che potranno essere soddisfatti solo con una leale, incisiva e rigorosa collaborazione con Magistratura, Personale Amministrativo, Istituzioni e forze politiche. Di pi\u00f9: dovremo guardare al futuro prevenendo ulteriori scriteriate riforme che possano incidere in senso negativo sulla professione e sul territorio e &#8211; al tempo stesso &#8211; proponendo pi\u00f9 razionali forme di dislocazione degli Uffici Giudiziari (penso, per esempio, a territori come Aprilia e Cisterna, che possono a buon diritto invocare un Ufficio del Giudice di Pace).<\/p>\n<p>In secondo luogo \u00e8 stato difficile scegliere in poche ore i candidati, tra i tanti Colleghi che con entusiasmo si sono proposti e i tanti che &#8211; se ce ne fosse stato il tempo e la possibilit\u00e0 di tempestiva informazione &#8211; probabilmente avrebbero messo a disposizione la loro candidatura. E&#8217; ad essi che mi rivolgo: tutti i candidati della \u2018Lista Dino Lucchetti \u2013 Insieme per il rinnovamento\u2019 sono uniti da un comune intento. Aprire l\u2019Ordine alla collaborazione, ai suggerimenti e alla partecipazione di coloro che, individualmente o in forme associative, intendano migliorare la nostra professione e le condizioni per il suo esercizio. La scelta, seppur effettuata in tempi strettissimi, \u00e8 stata agevolata dallo spirito di servizio che anima tutti coloro che hanno espresso la disponibilit\u00e0 a candidarsi o, pi\u00f9 semplicemente, a sostenere la lista.<\/p>\n<p>Uno dei principali obiettivi che ci proponiamo, infatti, \u00e8 dare al nuovo Consiglio dell&#8217;Ordine un&#8217;impostazione di apertura concreta ad ogni progetto, idea o proposta che sia utile al miglioramento della condizione professionale, attraverso lo scambio costante di opinioni, cos\u00ec da rendere l\u2019organo rappresentativo dell&#8217;Avvocatura realmente vivo, dinamico e in linea con il concetto di condivisione che ci ha spinto ad intraprendere questa iniziativa. <\/p>\n<p>Sin d&#8217;ora quindi invitiamo tutti i colleghi che abbiano interesse ad una partecipazione attiva alla programmazione a contattare i candidati per avviare insieme un percorso produttivo, che nasca dal pluralismo e dall&#8217;impegno comune.<\/p>\n<p>Con questo oneroso progetto di servizio per gli Avvocati, ci proponiamo di rinnovare il nostro Consiglio: <\/p>\n<p>Dino Lucchetti <\/p>\n<p>Insieme per il rinnovamento<\/p>\n<p>EDITORIALE<\/p>\n","protected":false},"excerpt":{"rendered":"<p>PER LA LISTA DEI CANDIDATI APRI QUI&#8217; IL PDF: LUCCHETTI pieghevole (1) Cari Colleghi, Ho scelto di partecipare alle prossime elezioni per il rinnovo del Consiglio dell&#8217;Ordine, dopo qualche anno di assenza, aderendo all&#8217;invito di molti Colleghi. Confesso che \u00e8 stata una scelta dell&#8217;ultimo minuto (l&#8217;incertezza determinata dall&#8217;impugnazione al TAR del regolamento per le elezioni<\/p>\n","protected":false},"author":1,"featured_media":0,"comment_status":"open","ping_status":"open","sticky":false,"template":"","format":"standard","meta":{"footnotes":""},"categories":[10,62],"tags":[],"class_list":["post-7787","post","type-post","status-publish","format-standard","hentry","category-editoriale","category-lt"],"_links":{"self":[{"href":"https:\/\/www.ulisseland.com\/journal\/wp-json\/wp\/v2\/posts\/7787","targetHints":{"allow":["GET"]}}],"collection":[{"href":"https:\/\/www.ulisseland.com\/journal\/wp-json\/wp\/v2\/posts"}],"about":[{"href":"https:\/\/www.ulisseland.com\/journal\/wp-json\/wp\/v2\/types\/post"}],"author":[{"embeddable":true,"href":"https:\/\/www.ulisseland.com\/journal\/wp-json\/wp\/v2\/users\/1"}],"replies":[{"embeddable":true,"href":"https:\/\/www.ulisseland.com\/journal\/wp-json\/wp\/v2\/comments?post=7787"}],"version-history":[{"count":5,"href":"https:\/\/www.ulisseland.com\/journal\/wp-json\/wp\/v2\/posts\/7787\/revisions"}],"predecessor-version":[{"id":7794,"href":"https:\/\/www.ulisseland.com\/journal\/wp-json\/wp\/v2\/posts\/7787\/revisions\/7794"}],"wp:attachment":[{"href":"https:\/\/www.ulisseland.com\/journal\/wp-json\/wp\/v2\/media?parent=7787"}],"wp:term":[{"taxonomy":"category","embeddable":true,"href":"https:\/\/www.ulisseland.com\/journal\/wp-json\/wp\/v2\/categories?post=7787"},{"taxonomy":"post_tag","embeddable":true,"href":"https:\/\/www.ulisseland.com\/journal\/wp-json\/wp\/v2\/tags?post=7787"}],"curies":[{"name":"wp","href":"https:\/\/api.w.org\/{rel}","templated":true}]}}