{"id":7740,"date":"2014-12-28T12:20:55","date_gmt":"2014-12-28T11:20:55","guid":{"rendered":"http:\/\/www.ulisseland.com\/journal\/?p=7740"},"modified":"2014-12-28T12:25:38","modified_gmt":"2014-12-28T11:25:38","slug":"gaeta-la-benedizione-dello-spadino-degli-allievi-ufficiali","status":"publish","type":"post","link":"https:\/\/www.ulisseland.com\/journal\/gaeta-la-benedizione-dello-spadino-degli-allievi-ufficiali\/","title":{"rendered":"GAETA &#8211; La \u201cBenedizione dello spadino\u201d degli Allievi Ufficiali"},"content":{"rendered":"<p><a href=\"https:\/\/www.ulisseland.com\/journal\/wp-content\/uploads\/2014\/12\/Spadino.jpg\"><img loading=\"lazy\" decoding=\"async\" src=\"https:\/\/www.ulisseland.com\/journal\/wp-content\/uploads\/2014\/12\/Spadino.jpg\" alt=\"Spadino\" width=\"985\" height=\"765\" class=\"alignleft size-full wp-image-7741\" srcset=\"https:\/\/www.ulisseland.com\/journal\/wp-content\/uploads\/2014\/12\/Spadino.jpg 985w, https:\/\/www.ulisseland.com\/journal\/wp-content\/uploads\/2014\/12\/Spadino-300x232.jpg 300w\" sizes=\"auto, (max-width: 985px) 100vw, 985px\" \/><\/a><br \/>\n<strong>La \u201cBenedizione dello spadino\u201d degli Allievi Ufficiali<br \/>\ndell\u2019Accademia Navale di Livorno<br \/>\nnel Santuario dell\u2019Annunziata a Gaeta<\/p>\n<p>La Messa vespertina del giorno di Santo Stefano, primo martire della cristianit\u00e0, celebrata a Gaeta, nel Santuario della Santissima Annunziata, dal Vicario del Vescovo, Don Giuseppe Sparagna, \u00e8 stata impreziosita, quest\u2019anno, dalla presenza di una ventina di Cadetti dell\u2019Accademia Navale di Livorno della Marina Militare che hanno fatto da corollario alla \u201cbenedizione dello spadino\u201d per quattro loro colleghi, Allievi della prima classe.<br \/>\nUna cerimonia, quella della \u201cbenedizione delle sciabole e dello spadino\u201d, le cui origini risalgono ai secoli addietro, alle investiture cavalleresche e che ha sempre rappresentato l\u2019incipit di una brillante carriera militare.<br \/>\nNon a caso, dai tempi moderni, lo spadino costituisce l\u2019elemento portante dell\u2019uniforme storica; un simbolo che suggella lo status e che contraddistingue gli Allievi Ufficiali di tutte le Accademie militari, di cielo, di terra e di mare.<br \/>\nTradizione vuole che il cadetto lo custodisca gelosamente e lo offra, come simbolo della sua vita e della sua professione, al Signore che nasce. Esso viene infatti sfoderato per la prima volta, durante la S. Messa di Natale, dalla persona di sesso opposto che non tradir\u00e0 mai il suo possessore e successivamente rinfoderato, dopo la benedizione, serbando, in futuro, quei valori fondanti, come onore, dignit\u00e0, fedelt\u00e0, audacia, volont\u00e0, lealt\u00e0 e coraggio, che ogni Cadetto deve rispettare.<br \/>\nNel Santuario della Santissima Annunziata erano presenti i Sottotenenti di Vascello Cristofer Scarsella e Luigi Taglialatela; i Guardiamarina Giusy Pascariello, Edvige Altobelli e Riccardo Di Cicco; gli Aspiranti Guardiamarina Mattia Franchitti, Adriano Crecco, Arturo Laudato, Domenico Pascariello e Diletta Chinappi; gli Allievi di 2^ Classe Fabio Monforte, Manuel Mitrano, Salvatore Leccese ed Alessio Gioiella e gli Allievi di 1^ Classe Simone Farina, Giuseppe Valerio, Erica Guglietta e Fernando Galiano, tutti provenienti dai Comuni del basso Lazio.<br \/>\n\u201cO Dio dei Martiri ascoltaci\u201d, ha esclamato nella sua omelia, Don Giuseppe Sparagna e poi, rivolto ai Cadetti, ha proseguito: \u201cSiete nella casa di Dio, non per una semplice cerimonia, ma per un atto di fedelt\u00e0 al Signore, prima ancora che alla Patria. Al Signore state consegnando la bellezza e la freschezza della vostra vita, consacrata ad un ideale, nel glorioso ricordo di Santo Stefano\u201d.<br \/>\nSubito dopo la Santa Messa, il Celebrante, i Cadetti ed i loro familiari si sono trasferiti, per la cerimonia della \u201cBenedizione dello spadino\u201d, nell\u2019attigua Cappella d\u2019oro, l\u00ec dove, proprio l\u20198 dicembre del 1854, 160 anni or sono, il pontefice Pio IX concep\u00ec il dogma dell\u2019Immacolata Concezione.<br \/>\nRivolto ai quattro nuovi Allievi della prima classe, Simone Farina, Giuseppe Valerio, Erica Guglietta e Fernando Galiano ed agli altri Cadetti, Don Giuseppe ha sottolineato: \u201cLa vita vi sottoporr\u00e0 a continue e difficili prove: il Signore faccia di voi che siete chiamati a difendere il sacro suolo della Patria e ad operare nell\u2019ordine e nella legalit\u00e0, per il bene della collettivit\u00e0, non solo delle persone grandi, ma soprattutto umane, tali da restare sempre fedeli ai vostri princ\u00ecpi\u201d.<br \/>\nDopo la benedizione degli spadini, l\u2019Aspirante Guardiamarina Diletta Chinappi ha letto la \u201cPreghiera del Marinaio\u201d, scritta nel lontano 1901, dal poeta Antonio Fogazzaro.<br \/>\nIL DIRETTORE di ULISSELAND: Dott.Sergio  Monforte<\/p>\n<p>PREGHIERA DEL MARINAIO<a href=\"https:\/\/www.ulisseland.com\/journal\/wp-content\/uploads\/2014\/12\/Spadino2.jpg\"><img loading=\"lazy\" decoding=\"async\" src=\"https:\/\/www.ulisseland.com\/journal\/wp-content\/uploads\/2014\/12\/Spadino2-300x211.jpg\" alt=\"Spadino2\" width=\"300\" height=\"211\" class=\"alignright size-medium wp-image-7743\" srcset=\"https:\/\/www.ulisseland.com\/journal\/wp-content\/uploads\/2014\/12\/Spadino2-300x211.jpg 300w, https:\/\/www.ulisseland.com\/journal\/wp-content\/uploads\/2014\/12\/Spadino2.jpg 980w\" sizes=\"auto, (max-width: 300px) 100vw, 300px\" \/><\/a><\/p>\n<p><a href=\"https:\/\/www.ulisseland.com\/journal\/wp-content\/uploads\/2014\/12\/Spadino3.jpg\"><img loading=\"lazy\" decoding=\"async\" src=\"https:\/\/www.ulisseland.com\/journal\/wp-content\/uploads\/2014\/12\/Spadino3.jpg\" alt=\"Spadino3\" width=\"977\" height=\"732\" class=\"alignleft size-full wp-image-7744\" srcset=\"https:\/\/www.ulisseland.com\/journal\/wp-content\/uploads\/2014\/12\/Spadino3.jpg 977w, https:\/\/www.ulisseland.com\/journal\/wp-content\/uploads\/2014\/12\/Spadino3-300x224.jpg 300w\" sizes=\"auto, (max-width: 977px) 100vw, 977px\" \/><\/a><\/p>\n<p><a href=\"https:\/\/www.ulisseland.com\/journal\/wp-content\/uploads\/2014\/12\/Spadino4.jpg\"><img loading=\"lazy\" decoding=\"async\" src=\"https:\/\/www.ulisseland.com\/journal\/wp-content\/uploads\/2014\/12\/Spadino4.jpg\" alt=\"Spadino4\" width=\"943\" height=\"826\" class=\"alignleft size-full wp-image-7745\" srcset=\"https:\/\/www.ulisseland.com\/journal\/wp-content\/uploads\/2014\/12\/Spadino4.jpg 943w, https:\/\/www.ulisseland.com\/journal\/wp-content\/uploads\/2014\/12\/Spadino4-300x262.jpg 300w\" sizes=\"auto, (max-width: 943px) 100vw, 943px\" \/><\/a><\/p>\n<p><a href=\"https:\/\/www.ulisseland.com\/journal\/wp-content\/uploads\/2014\/12\/Spadino5.jpg\"><img loading=\"lazy\" decoding=\"async\" src=\"https:\/\/www.ulisseland.com\/journal\/wp-content\/uploads\/2014\/12\/Spadino5.jpg\" alt=\"Spadino5\" width=\"965\" height=\"680\" class=\"alignleft size-full wp-image-7746\" srcset=\"https:\/\/www.ulisseland.com\/journal\/wp-content\/uploads\/2014\/12\/Spadino5.jpg 965w, https:\/\/www.ulisseland.com\/journal\/wp-content\/uploads\/2014\/12\/Spadino5-300x211.jpg 300w\" sizes=\"auto, (max-width: 965px) 100vw, 965px\" \/><\/a><\/p>\n<p><a href=\"https:\/\/www.ulisseland.com\/journal\/wp-content\/uploads\/2014\/12\/Spadino7.jpg\"><img loading=\"lazy\" decoding=\"async\" src=\"https:\/\/www.ulisseland.com\/journal\/wp-content\/uploads\/2014\/12\/Spadino7-300x224.jpg\" alt=\"Spadino7\" width=\"300\" height=\"224\" class=\"alignright size-medium wp-image-7747\" srcset=\"https:\/\/www.ulisseland.com\/journal\/wp-content\/uploads\/2014\/12\/Spadino7-300x224.jpg 300w, https:\/\/www.ulisseland.com\/journal\/wp-content\/uploads\/2014\/12\/Spadino7.jpg 977w\" sizes=\"auto, (max-width: 300px) 100vw, 300px\" \/><\/a><\/p>\n<p>A Te, o grande eterno Iddio,<br \/>\nSignore del cielo e dell&#8217;abisso,<br \/>\ncui obbediscono i venti e le onde,<br \/>\nnoi uomini di mare e di guerra,<br \/>\nUfficiali e Marinai d&#8217;Italia,<br \/>\nda questa sacra nave armata della Patria<br \/>\nleviamo i cuori !<\/p>\n<p>Salva ed esalta nella Tua fede,<br \/>\no gran Dio, la nostra Nazione,<br \/>\nda&#8217; giusta gloria e potenza alla nostra Bandiera,<br \/>\ncomanda che la tempesta e i flutti servano a Lei,<br \/>\nponi sul nemico il terrore di Lei,<br \/>\nfa che per sempre la cingano in difesa petti di ferro<br \/>\npiu&#8217; forti del ferro che cinge questa nave,<br \/>\na Lei per sempre dona vittoria.<\/p>\n<p>Benedici, o Signore,<br \/>\nle nostre case lontane, le care genti;<br \/>\nbenedici nella cadente notte il riposo del popolo,<br \/>\nbenedici noi, che per esso,<br \/>\nvegliamo in armi sul mare.<br \/>\nBENEDICI !<\/p>\n","protected":false},"excerpt":{"rendered":"<p>La \u201cBenedizione dello spadino\u201d degli Allievi Ufficiali dell\u2019Accademia Navale di Livorno nel Santuario dell\u2019Annunziata a Gaeta La Messa vespertina del giorno di Santo Stefano, primo martire della cristianit\u00e0, celebrata a Gaeta, nel Santuario della Santissima Annunziata, dal Vicario del Vescovo, Don Giuseppe Sparagna, \u00e8 stata impreziosita, quest\u2019anno, dalla presenza di una ventina di Cadetti dell\u2019Accademia<\/p>\n","protected":false},"author":1,"featured_media":0,"comment_status":"open","ping_status":"open","sticky":false,"template":"","format":"standard","meta":{"footnotes":""},"categories":[14,20],"tags":[],"class_list":["post-7740","post","type-post","status-publish","format-standard","hentry","category-comune-di-formia","category-comune-di-gaeta"],"_links":{"self":[{"href":"https:\/\/www.ulisseland.com\/journal\/wp-json\/wp\/v2\/posts\/7740","targetHints":{"allow":["GET"]}}],"collection":[{"href":"https:\/\/www.ulisseland.com\/journal\/wp-json\/wp\/v2\/posts"}],"about":[{"href":"https:\/\/www.ulisseland.com\/journal\/wp-json\/wp\/v2\/types\/post"}],"author":[{"embeddable":true,"href":"https:\/\/www.ulisseland.com\/journal\/wp-json\/wp\/v2\/users\/1"}],"replies":[{"embeddable":true,"href":"https:\/\/www.ulisseland.com\/journal\/wp-json\/wp\/v2\/comments?post=7740"}],"version-history":[{"count":4,"href":"https:\/\/www.ulisseland.com\/journal\/wp-json\/wp\/v2\/posts\/7740\/revisions"}],"predecessor-version":[{"id":7750,"href":"https:\/\/www.ulisseland.com\/journal\/wp-json\/wp\/v2\/posts\/7740\/revisions\/7750"}],"wp:attachment":[{"href":"https:\/\/www.ulisseland.com\/journal\/wp-json\/wp\/v2\/media?parent=7740"}],"wp:term":[{"taxonomy":"category","embeddable":true,"href":"https:\/\/www.ulisseland.com\/journal\/wp-json\/wp\/v2\/categories?post=7740"},{"taxonomy":"post_tag","embeddable":true,"href":"https:\/\/www.ulisseland.com\/journal\/wp-json\/wp\/v2\/tags?post=7740"}],"curies":[{"name":"wp","href":"https:\/\/api.w.org\/{rel}","templated":true}]}}