{"id":7666,"date":"2014-10-27T16:06:14","date_gmt":"2014-10-27T15:06:14","guid":{"rendered":"http:\/\/www.ulisseland.com\/journal\/?p=7666"},"modified":"2014-10-27T16:06:14","modified_gmt":"2014-10-27T15:06:14","slug":"avellino-interessanti-lavori-63-assemblea-unms","status":"publish","type":"post","link":"https:\/\/www.ulisseland.com\/journal\/avellino-interessanti-lavori-63-assemblea-unms\/","title":{"rendered":"AVELLINO &#8211; Interessanti lavori 63^ Assemblea UNMS"},"content":{"rendered":"<p>Ottimamente organizzata dal Ten. Generoso Fiore, Presidente della locale Sezione dell&#8217;Unione Mutilati e Invalidi per Servizio della Pubblica Amministrazione, anche nella sua qualit\u00e0 di Presidente UNMS della Campania, con una larga partecipazione di soci ed autorit\u00e0, si \u00e8 tenuta la 63^ Assemblea UNMS di Avellino. Di seguito pubblichiamo le immagini, il programma e la relativa rassegna stampa.<\/p>\n<table>\n<tbody>\n<tr>\n<td>\n<p><figure id=\"attachment_7678\" aria-describedby=\"caption-attachment-7678\" style=\"width: 240px\" class=\"wp-caption aligncenter\"><a href=\"https:\/\/www.ulisseland.com\/journal\/wp-content\/uploads\/2014\/10\/Lintervento-del-Pres.-Nazionale-reggente-Cav.-Antonino-Mondello.jpg\"><img loading=\"lazy\" decoding=\"async\" class=\" wp-image-7678 \" alt=\"L'intervento del Pres. Nazionale reggente Cav. Antonino Mondello\" src=\"https:\/\/www.ulisseland.com\/journal\/wp-content\/uploads\/2014\/10\/Lintervento-del-Pres.-Nazionale-reggente-Cav.-Antonino-Mondello-300x225.jpg\" width=\"240\" height=\"180\" srcset=\"https:\/\/www.ulisseland.com\/journal\/wp-content\/uploads\/2014\/10\/Lintervento-del-Pres.-Nazionale-reggente-Cav.-Antonino-Mondello-300x225.jpg 300w, https:\/\/www.ulisseland.com\/journal\/wp-content\/uploads\/2014\/10\/Lintervento-del-Pres.-Nazionale-reggente-Cav.-Antonino-Mondello.jpg 733w\" sizes=\"auto, (max-width: 240px) 100vw, 240px\" \/><\/a><figcaption id=\"caption-attachment-7678\" class=\"wp-caption-text\">L&#8217;intervento del Pres. Nazionale reggente Cav. Antonino Mondello<\/figcaption><\/figure><\/td>\n<td>\n<p><figure id=\"attachment_7677\" aria-describedby=\"caption-attachment-7677\" style=\"width: 240px\" class=\"wp-caption aligncenter\"><a href=\"https:\/\/www.ulisseland.com\/journal\/wp-content\/uploads\/2014\/10\/Il-folto-pubblico-presente-in-primo-piano-le-autorit\u00e0-intervenute.jpg\"><img loading=\"lazy\" decoding=\"async\" class=\" wp-image-7677 \" alt=\"Il folto pubblico presente-in primo piano le autorit\u00e0 intervenute\" src=\"https:\/\/www.ulisseland.com\/journal\/wp-content\/uploads\/2014\/10\/Il-folto-pubblico-presente-in-primo-piano-le-autorit\u00e0-intervenute-300x225.jpg\" width=\"240\" height=\"180\" srcset=\"https:\/\/www.ulisseland.com\/journal\/wp-content\/uploads\/2014\/10\/Il-folto-pubblico-presente-in-primo-piano-le-autorit\u00e0-intervenute-300x225.jpg 300w, https:\/\/www.ulisseland.com\/journal\/wp-content\/uploads\/2014\/10\/Il-folto-pubblico-presente-in-primo-piano-le-autorit\u00e0-intervenute.jpg 733w\" sizes=\"auto, (max-width: 240px) 100vw, 240px\" \/><\/a><figcaption id=\"caption-attachment-7677\" class=\"wp-caption-text\">Il folto pubblico presente-in primo piano le autorit\u00e0 intervenute<\/figcaption><\/figure><\/td>\n<td>\n<p><figure id=\"attachment_7676\" aria-describedby=\"caption-attachment-7676\" style=\"width: 240px\" class=\"wp-caption aligncenter\"><a href=\"https:\/\/www.ulisseland.com\/journal\/wp-content\/uploads\/2014\/10\/S.Messa-officiata-da-S.E.-Mons.-Francesco-Marino-in-primo-piano-il-Pres.-reggente-Mondello-e-i-Presidenti-UNMS-delle-cinque-province-campane-.jpg\"><img loading=\"lazy\" decoding=\"async\" class=\" wp-image-7676 \" alt=\"S.Messa officiata da S.E. Mons. Francesco Marino-in primo piano il Pres. reggente Mondello e i Presidenti UNMS delle cinque province campane\" src=\"https:\/\/www.ulisseland.com\/journal\/wp-content\/uploads\/2014\/10\/S.Messa-officiata-da-S.E.-Mons.-Francesco-Marino-in-primo-piano-il-Pres.-reggente-Mondello-e-i-Presidenti-UNMS-delle-cinque-province-campane--300x225.jpg\" width=\"240\" height=\"180\" srcset=\"https:\/\/www.ulisseland.com\/journal\/wp-content\/uploads\/2014\/10\/S.Messa-officiata-da-S.E.-Mons.-Francesco-Marino-in-primo-piano-il-Pres.-reggente-Mondello-e-i-Presidenti-UNMS-delle-cinque-province-campane--300x225.jpg 300w, https:\/\/www.ulisseland.com\/journal\/wp-content\/uploads\/2014\/10\/S.Messa-officiata-da-S.E.-Mons.-Francesco-Marino-in-primo-piano-il-Pres.-reggente-Mondello-e-i-Presidenti-UNMS-delle-cinque-province-campane-.jpg 733w\" sizes=\"auto, (max-width: 240px) 100vw, 240px\" \/><\/a><figcaption id=\"caption-attachment-7676\" class=\"wp-caption-text\">S.Messa officiata da S.E. Mons. Francesco Marino-in primo piano il Pres. reggente Mondello e i Presidenti UNMS delle cinque province campane<\/figcaption><\/figure><\/td>\n<\/tr>\n<tr>\n<td><a href=\"https:\/\/www.ulisseland.com\/journal\/wp-content\/uploads\/2014\/10\/CHI-SIAMO.jpg\"><img loading=\"lazy\" decoding=\"async\" class=\"size-medium wp-image-7668 aligncenter\" style=\"color: #333333; font-family: Georgia, 'Times New Roman', 'Bitstream Charter', Times, serif; font-size: 12.8000001907349px; line-height: 19px;\" alt=\"CHI SIAMO\" src=\"https:\/\/www.ulisseland.com\/journal\/wp-content\/uploads\/2014\/10\/CHI-SIAMO-207x300.jpg\" width=\"207\" height=\"300\" srcset=\"https:\/\/www.ulisseland.com\/journal\/wp-content\/uploads\/2014\/10\/CHI-SIAMO-207x300.jpg 207w, https:\/\/www.ulisseland.com\/journal\/wp-content\/uploads\/2014\/10\/CHI-SIAMO.jpg 562w\" sizes=\"auto, (max-width: 207px) 100vw, 207px\" \/><\/a><\/td>\n<td><a href=\"https:\/\/www.ulisseland.com\/journal\/wp-content\/uploads\/2014\/10\/PROGRAMMA.jpg\"><img loading=\"lazy\" decoding=\"async\" class=\"size-medium wp-image-7667 aligncenter\" style=\"color: #333333; font-family: Georgia, 'Times New Roman', 'Bitstream Charter', Times, serif; font-size: 12.8000001907349px; line-height: 19px;\" alt=\"PROGRAMMA\" src=\"https:\/\/www.ulisseland.com\/journal\/wp-content\/uploads\/2014\/10\/PROGRAMMA-210x300.jpg\" width=\"210\" height=\"300\" srcset=\"https:\/\/www.ulisseland.com\/journal\/wp-content\/uploads\/2014\/10\/PROGRAMMA-210x300.jpg 210w, https:\/\/www.ulisseland.com\/journal\/wp-content\/uploads\/2014\/10\/PROGRAMMA.jpg 578w\" sizes=\"auto, (max-width: 210px) 100vw, 210px\" \/><\/a><\/td>\n<td><a href=\"https:\/\/www.ulisseland.com\/journal\/wp-content\/uploads\/2014\/10\/IL-MATTINO.jpg\"><img loading=\"lazy\" decoding=\"async\" class=\" wp-image-7670 aligncenter\" style=\"color: #333333; font-family: Georgia, 'Times New Roman', 'Bitstream Charter', Times, serif; font-size: 12.8000001907349px; line-height: 19px;\" alt=\"IL MATTINO\" src=\"https:\/\/www.ulisseland.com\/journal\/wp-content\/uploads\/2014\/10\/IL-MATTINO-300x76.jpg\" width=\"240\" height=\"61\" srcset=\"https:\/\/www.ulisseland.com\/journal\/wp-content\/uploads\/2014\/10\/IL-MATTINO-300x76.jpg 300w, https:\/\/www.ulisseland.com\/journal\/wp-content\/uploads\/2014\/10\/IL-MATTINO.jpg 785w\" sizes=\"auto, (max-width: 240px) 100vw, 240px\" \/><\/a><a href=\"https:\/\/www.ulisseland.com\/journal\/wp-content\/uploads\/2014\/10\/IL-MATTINO1.jpg\"><img loading=\"lazy\" decoding=\"async\" class=\" wp-image-7671 aligncenter\" alt=\"IL MATTINO1\" src=\"https:\/\/www.ulisseland.com\/journal\/wp-content\/uploads\/2014\/10\/IL-MATTINO1-300x152.jpg\" width=\"240\" height=\"122\" srcset=\"https:\/\/www.ulisseland.com\/journal\/wp-content\/uploads\/2014\/10\/IL-MATTINO1-300x152.jpg 300w, https:\/\/www.ulisseland.com\/journal\/wp-content\/uploads\/2014\/10\/IL-MATTINO1.jpg 999w\" sizes=\"auto, (max-width: 240px) 100vw, 240px\" \/><\/a><\/td>\n<\/tr>\n<tr>\n<td><a href=\"https:\/\/www.ulisseland.com\/journal\/wp-content\/uploads\/2014\/10\/IL-QUOTIDIANO.jpg\"><img loading=\"lazy\" decoding=\"async\" class=\" wp-image-7672 aligncenter\" alt=\"IL QUOTIDIANO\" src=\"https:\/\/www.ulisseland.com\/journal\/wp-content\/uploads\/2014\/10\/IL-QUOTIDIANO-300x61.jpg\" width=\"240\" height=\"49\" srcset=\"https:\/\/www.ulisseland.com\/journal\/wp-content\/uploads\/2014\/10\/IL-QUOTIDIANO-300x61.jpg 300w, https:\/\/www.ulisseland.com\/journal\/wp-content\/uploads\/2014\/10\/IL-QUOTIDIANO.jpg 702w\" sizes=\"auto, (max-width: 240px) 100vw, 240px\" \/><\/a><a href=\"https:\/\/www.ulisseland.com\/journal\/wp-content\/uploads\/2014\/10\/IL-QUOTIDIANO1.jpg\"><img loading=\"lazy\" decoding=\"async\" class=\" wp-image-7673 aligncenter\" alt=\"IL QUOTIDIANO1\" src=\"https:\/\/www.ulisseland.com\/journal\/wp-content\/uploads\/2014\/10\/IL-QUOTIDIANO1-300x247.jpg\" width=\"240\" height=\"198\" srcset=\"https:\/\/www.ulisseland.com\/journal\/wp-content\/uploads\/2014\/10\/IL-QUOTIDIANO1-300x247.jpg 300w, https:\/\/www.ulisseland.com\/journal\/wp-content\/uploads\/2014\/10\/IL-QUOTIDIANO1.jpg 703w\" sizes=\"auto, (max-width: 240px) 100vw, 240px\" \/><\/a><\/td>\n<td><a href=\"https:\/\/www.ulisseland.com\/journal\/wp-content\/uploads\/2014\/10\/OTTOPAGINE.jpg\"><img loading=\"lazy\" decoding=\"async\" class=\" wp-image-7674 aligncenter\" style=\"font-size: 11.1999998092651px;\" alt=\"OTTOPAGINE\" src=\"https:\/\/www.ulisseland.com\/journal\/wp-content\/uploads\/2014\/10\/OTTOPAGINE-300x69.jpg\" width=\"240\" height=\"55\" srcset=\"https:\/\/www.ulisseland.com\/journal\/wp-content\/uploads\/2014\/10\/OTTOPAGINE-300x69.jpg 300w, https:\/\/www.ulisseland.com\/journal\/wp-content\/uploads\/2014\/10\/OTTOPAGINE.jpg 713w\" sizes=\"auto, (max-width: 240px) 100vw, 240px\" \/><\/a><a href=\"https:\/\/www.ulisseland.com\/journal\/wp-content\/uploads\/2014\/10\/OTTOPAGINE1.jpg\"><img loading=\"lazy\" decoding=\"async\" class=\"size-medium wp-image-7675 aligncenter\" alt=\"OTTOPAGINE1\" src=\"https:\/\/www.ulisseland.com\/journal\/wp-content\/uploads\/2014\/10\/OTTOPAGINE1-174x300.jpg\" width=\"174\" height=\"300\" srcset=\"https:\/\/www.ulisseland.com\/journal\/wp-content\/uploads\/2014\/10\/OTTOPAGINE1-174x300.jpg 174w, https:\/\/www.ulisseland.com\/journal\/wp-content\/uploads\/2014\/10\/OTTOPAGINE1.jpg 370w\" sizes=\"auto, (max-width: 174px) 100vw, 174px\" \/><\/a><\/td>\n<td style=\"text-align: center;\"><a href=\"http:\/\/www.unms.it\"><img loading=\"lazy\" decoding=\"async\" class=\" wp-image-7669 aligncenter\" alt=\"COPERTINA\" src=\"https:\/\/www.ulisseland.com\/journal\/wp-content\/uploads\/2014\/10\/COPERTINA-300x206.jpg\" width=\"240\" height=\"165\" srcset=\"https:\/\/www.ulisseland.com\/journal\/wp-content\/uploads\/2014\/10\/COPERTINA-300x206.jpg 300w, https:\/\/www.ulisseland.com\/journal\/wp-content\/uploads\/2014\/10\/COPERTINA.jpg 793w\" sizes=\"auto, (max-width: 240px) 100vw, 240px\" \/><\/a>Per il sito UNMS.it clicca sopra l&#8217;immagine<\/td>\n<\/tr>\n<\/tbody>\n<\/table>\n<p>&nbsp;<\/p>\n<p>L&#8217;Editore &#8211; Prof. Luigi Cocomello<\/p>\n","protected":false},"excerpt":{"rendered":"<p>Ottimamente organizzata dal Ten. Generoso Fiore, Presidente della locale Sezione dell&#8217;Unione Mutilati e Invalidi per Servizio della Pubblica Amministrazione, anche nella sua qualit\u00e0 di Presidente UNMS della Campania, con una larga partecipazione di soci ed autorit\u00e0, si \u00e8 tenuta la 63^ Assemblea UNMS di Avellino. Di seguito pubblichiamo le immagini, il programma e la relativa<\/p>\n","protected":false},"author":1,"featured_media":0,"comment_status":"open","ping_status":"open","sticky":false,"template":"","format":"standard","meta":{"footnotes":""},"categories":[66,64,71,61,65,67],"tags":[],"class_list":["post-7666","post","type-post","status-publish","format-standard","hentry","category-av","category-ce","category-comunemaranodinapoli","category-comune-di-napoli","category-na","category-sa"],"_links":{"self":[{"href":"https:\/\/www.ulisseland.com\/journal\/wp-json\/wp\/v2\/posts\/7666","targetHints":{"allow":["GET"]}}],"collection":[{"href":"https:\/\/www.ulisseland.com\/journal\/wp-json\/wp\/v2\/posts"}],"about":[{"href":"https:\/\/www.ulisseland.com\/journal\/wp-json\/wp\/v2\/types\/post"}],"author":[{"embeddable":true,"href":"https:\/\/www.ulisseland.com\/journal\/wp-json\/wp\/v2\/users\/1"}],"replies":[{"embeddable":true,"href":"https:\/\/www.ulisseland.com\/journal\/wp-json\/wp\/v2\/comments?post=7666"}],"version-history":[{"count":13,"href":"https:\/\/www.ulisseland.com\/journal\/wp-json\/wp\/v2\/posts\/7666\/revisions"}],"predecessor-version":[{"id":7691,"href":"https:\/\/www.ulisseland.com\/journal\/wp-json\/wp\/v2\/posts\/7666\/revisions\/7691"}],"wp:attachment":[{"href":"https:\/\/www.ulisseland.com\/journal\/wp-json\/wp\/v2\/media?parent=7666"}],"wp:term":[{"taxonomy":"category","embeddable":true,"href":"https:\/\/www.ulisseland.com\/journal\/wp-json\/wp\/v2\/categories?post=7666"},{"taxonomy":"post_tag","embeddable":true,"href":"https:\/\/www.ulisseland.com\/journal\/wp-json\/wp\/v2\/tags?post=7666"}],"curies":[{"name":"wp","href":"https:\/\/api.w.org\/{rel}","templated":true}]}}