{"id":7657,"date":"2014-09-20T18:04:54","date_gmt":"2014-09-20T16:04:54","guid":{"rendered":"http:\/\/www.ulisseland.com\/journal\/?p=7657"},"modified":"2014-09-20T18:12:38","modified_gmt":"2014-09-20T16:12:38","slug":"fondi-il-lago-di-fondi-una-risorsa-economica","status":"publish","type":"post","link":"https:\/\/www.ulisseland.com\/journal\/fondi-il-lago-di-fondi-una-risorsa-economica\/","title":{"rendered":"FONDI &#8211; \u201cIl lago di Fondi una risorsa economica\u201d"},"content":{"rendered":"<p align=\"center\"><b>\u00a0<\/b><\/p>\n<p style=\"text-align: center;\" align=\"center\"><span style=\"font-size: large;\"><b><i>\u201cIl lago di Fondi una risorsa economica\u201d<\/i><\/b><\/span><\/p>\n<figure id=\"attachment_7659\" aria-describedby=\"caption-attachment-7659\" style=\"width: 300px\" class=\"wp-caption alignleft\"><a href=\"https:\/\/www.ulisseland.com\/journal\/wp-content\/uploads\/2014\/09\/alba_lago_di_fondi-300x200.jpg\"><img loading=\"lazy\" decoding=\"async\" class=\"size-full wp-image-7659\" alt=\"IL LAGO DI FONDI\" src=\"https:\/\/www.ulisseland.com\/journal\/wp-content\/uploads\/2014\/09\/alba_lago_di_fondi-300x200.jpg\" width=\"300\" height=\"200\" \/><\/a><figcaption id=\"caption-attachment-7659\" class=\"wp-caption-text\">IL LAGO DI FONDI<\/figcaption><\/figure>\n<p>\u201cIl lago di Fondi: una preziosa risorsa per l\u2019economia locale\u201d, questo il tema di un interessante convegno organizzato dall\u2019Associazione Pescatori per il lago di Fondi, con il patrocinio della Provincia di Latina e del Comune di Monte San Biagio &#8211; Assessorato alle Attivit\u00e0 Produttive, nonch\u00e9 del Parco naturale dei Monti Ausoni e della condotta Slow Food di Terracina. La manifestazione, svoltasi presso la biblioteca comunale di Monte San Biagio, ha visto la partecipazione dei Sindaci del comprensorio, Federico Carnevale (Monte San Biagio) e Salvatore De Meo (Fondi); del consigliere regionale Giuseppe Simeone; dell\u2019ex direttore del Parco dei Monti Ausoni, Giorgio Bidittu; del dirigente dell\u2019Arsial, Paolo Colombari; del responsabile Slow Food Lazio, Tommaso Iacoacci e del presidente della Cooperativa pescatori, Mario Di Ciollo, con i lavori introdotti dall\u2019assessore alle Attivit\u00e0 Produttive del Comune di Monte San Biagio, dott. Arcangelo Di Cola, alla presenza di un folto pubblico di operatori economici, ittici e turistici, pi\u00f9 che mai interessati allo stato di salute ed alle sorti future del lago di Fondi che, oltre a rappresentare un prezioso patrimonio naturalistico-ambientale per l\u2019intero sud pontino, costituisce un insostituibile fattore di sviluppo per l\u2019economia del territorio. Per questo, attorno al lago ed alle sue sponde, come hanno sottolineato in sintonia i sindaci Carnevale e De Meo, stanno fiorendo una serie di iniziative progettuali che, chiaramente, vanno portate avanti in sinergia con tutti i Comuni interessati dalle sue acque e quindi, anche con Terracina, ma soprattutto, nel rispetto delle direttive regionali e dell\u2019ecosistema esistente, che va migliorato e tutelato. \u201cDa sempre, la risorsa principale del lago \u00e8 stata la pesca, hanno aggiunto Carnevale e De Meo, ma, superando vecchie logiche e lotte privatistiche, il lago \u00e8 anche un bene che occorre destinare, per quanto possibile, alla pubblica fruizione e, per questo, stiamo pensando ad uno sviluppo turistico (anche a livello di impianti) e sportivo del bacino che sorge in una posizione ideale, circondata dal verde ed a pochi passi dal mare\u201d. Non a caso, i Comuni di Fondi e Monte San Biagio hanno gi\u00e0 approvato, all\u2019inizio di Agosto, il regolamento per la pesca sportiva e quanto prima, stipuleranno un protocollo per consentire sulle sue acque lo svolgimento degli sport velici. Per far decollare concretamente tali iniziative, per\u00f2, ha sottolineato il consigliere regionale Simeone, di concerto con gli amministratori presenti, \u00e8 prioritaria una rigorosa disciplina del territorio, al di l\u00e0 dei vincoli esistenti e quindi, l\u2019approvazione del \u201cPiano di assetto\u201d che dovr\u00e0 arrivare quanto prima in Regione. Dal tono prevalentemente tecnico gli interventi del dirigente Arsial, Colombari e del direttore Bidittu, il quale ha sottolineato come l\u2019incuria degli anni addietro, unita all\u2019origine salmastra del bacino idrico, ha determinato l\u2019eutrofizzazione delle acque, non solo sui fondali del lago, ma per quasi un terzo della loro profondit\u00e0, causando il rischio estinzione per alcune delle specie ittiche in esso presenti. Su tale punto ha posto giustamente l\u2019accento il presidente della Cooperativa pescatori, Mario Di Ciollo, il quale ha ribadito come \u201cla tradizione peschereccia nel lago di Fondi affonda le sue radici nei secoli scorsi e tutt\u2019oggi, la pesca costituisce l\u2019unica risorsa reddituale per tanti abitanti del circondario che, su quelle acque, detengono un diritto civico codificato da Atti e Testi\u201d. E\u2019 toccato, naturalmente, al responsabile di Slow Food, Iacoacci, evidenziare i pregi del pescato lacustre ed in particolare, della famosa \u201ccalamita\u201d, il saporito cefalo del lago decantato gi\u00e0 nell\u2019800 e che oggi merita di essere rivalutato e, soprattutto, offerto ad un pubblico pi\u00f9 ampio e proposto nei punti vendita attraverso una filiera pi\u00f9 adeguata. Grazie alla sapiente regia dell\u2019assessore alle AA.PP. Arcangelo Di Cola, al convegno ha fatto seguito un concerto del diciassettenne violinista Giovanni Di Ciollo, una vera promessa dell\u2019arte cara ad Euterpe, il quale ha eseguito musiche di J.S. Bach e la manifestazione si \u00e8 quindi conclusa con una degustazione di prodotti tipici del lago di Fondi e del territorio di Monte San Biagio.<\/p>\n<p>&nbsp;<\/p>\n<p>&nbsp;<\/p>\n<p><b><i>\u00a0\u00a0\u00a0\u00a0 Il Direttore Dott.\u00a0 \u00a0\u00a0Sergio\u00a0 Monforte \u00a0<\/i><\/b><b><i><\/i><\/b><\/p>\n","protected":false},"excerpt":{"rendered":"<p>\u00a0 \u201cIl lago di Fondi una risorsa economica\u201d \u201cIl lago di Fondi: una preziosa risorsa per l\u2019economia locale\u201d, questo il tema di un interessante convegno organizzato dall\u2019Associazione Pescatori per il lago di Fondi, con il patrocinio della Provincia di Latina e del Comune di Monte San Biagio &#8211; Assessorato alle Attivit\u00e0 Produttive, nonch\u00e9 del Parco<\/p>\n","protected":false},"author":1,"featured_media":0,"comment_status":"open","ping_status":"open","sticky":false,"template":"","format":"standard","meta":{"footnotes":""},"categories":[13,62],"tags":[],"class_list":["post-7657","post","type-post","status-publish","format-standard","hentry","category-cronaca","category-lt"],"_links":{"self":[{"href":"https:\/\/www.ulisseland.com\/journal\/wp-json\/wp\/v2\/posts\/7657","targetHints":{"allow":["GET"]}}],"collection":[{"href":"https:\/\/www.ulisseland.com\/journal\/wp-json\/wp\/v2\/posts"}],"about":[{"href":"https:\/\/www.ulisseland.com\/journal\/wp-json\/wp\/v2\/types\/post"}],"author":[{"embeddable":true,"href":"https:\/\/www.ulisseland.com\/journal\/wp-json\/wp\/v2\/users\/1"}],"replies":[{"embeddable":true,"href":"https:\/\/www.ulisseland.com\/journal\/wp-json\/wp\/v2\/comments?post=7657"}],"version-history":[{"count":3,"href":"https:\/\/www.ulisseland.com\/journal\/wp-json\/wp\/v2\/posts\/7657\/revisions"}],"predecessor-version":[{"id":7660,"href":"https:\/\/www.ulisseland.com\/journal\/wp-json\/wp\/v2\/posts\/7657\/revisions\/7660"}],"wp:attachment":[{"href":"https:\/\/www.ulisseland.com\/journal\/wp-json\/wp\/v2\/media?parent=7657"}],"wp:term":[{"taxonomy":"category","embeddable":true,"href":"https:\/\/www.ulisseland.com\/journal\/wp-json\/wp\/v2\/categories?post=7657"},{"taxonomy":"post_tag","embeddable":true,"href":"https:\/\/www.ulisseland.com\/journal\/wp-json\/wp\/v2\/tags?post=7657"}],"curies":[{"name":"wp","href":"https:\/\/api.w.org\/{rel}","templated":true}]}}