{"id":7578,"date":"2014-06-30T10:36:29","date_gmt":"2014-06-30T08:36:29","guid":{"rendered":"http:\/\/www.ulisseland.com\/journal\/?p=7578"},"modified":"2015-01-30T06:51:18","modified_gmt":"2015-01-30T05:51:18","slug":"francesco-siciliano-paul-michel-foucault-o-dellesigenza-del-sapere","status":"publish","type":"post","link":"https:\/\/www.ulisseland.com\/journal\/francesco-siciliano-paul-michel-foucault-o-dellesigenza-del-sapere\/","title":{"rendered":"Francesco Siciliano &#8211; Paul Michel Foucault o dell&#8217;esigenza del sapere"},"content":{"rendered":"<p><b>Paul Michel Foucault o dell&#8217;esigenza del sapere<\/b><\/p>\n<p>25-06-2014 &#8211; <a href=\"http:\/\/it.blastingnews.com\/redazione\/feynman\/\">Francesco Siciliano <\/a><\/p>\n<p><b>A trent&#8217;anni dalla morte di Michel Foucault, maestro del pensiero occidentale.<\/b><\/p>\n<p>&nbsp;<\/p>\n<p>Focault &#8211; Histoire de la folie &#8211;<\/p>\n<p>Il 25 giugno del 1984 si spegneva a <b>Parigi<\/b> il filosofo <b>Paul Michel Foucault<\/b>. Nato a Poitiers nel 1926, figlio di un chirurgo, fu pi\u00f9 volte tentato dal suicidio e visse come complesso dramma la propria condizione di omosessualit\u00e0. Fu profondo &#8220;archeologo dei saperi&#8221;, prolifico saggista e unico prosecutore del progetto storico-genealogico, avviato da <b>Friederich Nietzsche<\/b>, d&#8217;indagine storica sul crimine, la follia e il sesso.<a href=\"http:\/\/www.east-inflatables.com\/french\/Buy-Parc-aquatique-g\u00e9ant-gonflable-Aqua-1442.html\">Parc aquatique g\u00e9ant gonflable Aqua<\/a><\/p>\n<p>Insegn\u00f2 in Polonia, Finlandia, Tunisia e Brasile. Nella sua <b>Francia<\/b>, presso il prestigioso <i>College de France<\/i>, ebbe sin dal 1970 la cattedra di <i>Storia dei Sistemi di Pensiero<\/i>. La sua ricerca fu intensa e multiversa: dalle riflessioni fenomenologico-esistenziali, a quelle d&#8217;ispirazione antropologico-strutturaliste &#8211; attinte al &#8220;maestro&#8221; <b>Levi Strauss &#8211;<\/b> ; dall&#8217;epistemologia alla critica letteraria, dalla psicanalisi al <b>marxismo<\/b>.<\/p>\n<p>Scopo della sua inst<\/p>\n<figure id=\"attachment_7575\" aria-describedby=\"caption-attachment-7575\" style=\"width: 224px\" class=\"wp-caption alignright\"><a href=\"https:\/\/www.ulisseland.com\/journal\/wp-content\/uploads\/2014\/06\/foto3.jpg\"><img loading=\"lazy\" decoding=\"async\" class=\"size-medium wp-image-7575\" alt=\"Dott. Francesco Siciliano\" src=\"https:\/\/www.ulisseland.com\/journal\/wp-content\/uploads\/2014\/06\/foto3-224x300.jpg\" width=\"224\" height=\"300\" srcset=\"https:\/\/www.ulisseland.com\/journal\/wp-content\/uploads\/2014\/06\/foto3-224x300.jpg 224w, https:\/\/www.ulisseland.com\/journal\/wp-content\/uploads\/2014\/06\/foto3-764x1024.jpg 764w, https:\/\/www.ulisseland.com\/journal\/wp-content\/uploads\/2014\/06\/foto3.jpg 968w\" sizes=\"auto, (max-width: 224px) 100vw, 224px\" \/><\/a><figcaption id=\"caption-attachment-7575\" class=\"wp-caption-text\">Dott. Francesco Siciliano<\/figcaption><\/figure>\n<p>ancabile attivit\u00e0 di ricerca fu quella d&#8217;un proposito, convergente nel quesito: <b>come si \u00e8 formata la Ragione in Occidente<\/b>? Una densa a<i>ttivit\u00e0 archeologica<\/i> entro il sapere, la sua <b>Arch\u00e9ology du savoir<\/b> del 1969, costitu\u00ec un complesso di suggerimenti metodologici, modellati a generare risposte a quell&#8217;imponente istanza. Foucault procedette a un percorso critico della <i>Ragione occidentale<\/i>, ritenendo per\u00f2 non utilizzabili le procedute gi\u00e0 note nell&#8217;analisi storica comune: esse difatti s&#8217;erano avvalse dei medesimi strumenti concettuali, oggetto delle indagini. I temi di <i>progresso,<\/i> <i>totalit\u00e0<\/i>, <i>continuit\u00e0<\/i> con cui si erano fin al tempo praticata la <i>ragione occidentale<\/i> e la <i>storia delle idee<\/i>, furono per Foucault considerabili quali prodotti <i>diretti<\/i> della ragione tecnico-scientifica, di <i>marca<\/i> seicentesca.<\/p>\n<p>Ma per il suo percorso di <b>verit\u00e0 oggettiva<\/b>, investigare taluni oggetti culturali &#8211; quali la <b>follia<\/b> nel percorso dell&#8217;umanit\u00e0 &#8211; fu necessario considerare la storia della cultura come un insieme di pratiche, costituite da discipline diverse e tra esse irriducibili. In tale ambito, si esercit\u00f2 il suo mestiere di &#8220;archeologo dei saperi&#8221;, attingendo al <b>profondo archivio gnoseologico<\/b> di fatti o dati, depositatisi nel tempo. Nella sua &#8220;Storia della follia&#8221;, e nelle &#8220;Parole e le cose&#8221;, Focault giunse alla conclusione che &#8211; in quanto prodotti della mutazione del sapere &#8211; i diversi codici ordinatori dell&#8217;esperienza umana occidentale fossero del tutto separati, quanto la distanza intercorrente tra le <i>parole<\/i> e le <i>cose<\/i>.<\/p>\n<p>E nel suo &#8220;Le parole e le cose&#8221;, Foucault ravvis\u00f2 un definitivo abbandono di un sistema di pensiero fondato sulla soggettivit\u00e0. Ribad\u00ec di seguito, in <b>Sorvegliare e punire. Nascita della prigione<\/b> del 1975, la nozione di &#8220;sapere senza fondamenti&#8221; e di un concreto meccanismo di <b>sapere-potere<\/b>. Per il filosofo francese fu rinvenibile tra potere e sapere una funzionalit\u00e0 reciproca: &#8220;Ogni atto di sapere \u00e8 un atto di potere&#8221;. Nella sua ultima ricerca, <b>La Volont\u00e9 de savoir<\/b> del 1976, Foucault tent\u00f2 di analizzare il &#8220;dispositivo della sessualit\u00e0&#8221;, con un&#8217;analisi della repressivit\u00e0 che la borghesia in ascesa, sin dall&#8217;epoca vittoriana, avrebbe posto in essere per ridurre il sesso a silenzio e affacciando l&#8217;inedito concetto di bio-politica. Foucault dir\u00e0: \u00abDobbiamo capire che con i nostri desideri, attraverso i nostri desideri, si creano nuove forme di relazione, nuove forme d&#8217;amore, nuove forme di creazione&#8221;. Foucault si spense a Parigi, in conseguenza d&#8217;una patologia causata dall&#8217;AIDS.<\/p>\n<p><i>Un petit hommage \u00e0 la m\u00e9moire d&#8217;un ma\u00eetre de la pens\u00e9e occidentale.<\/i><\/p>\n<p>EDITORIALE di Franco Siciliano<\/p>\n","protected":false},"excerpt":{"rendered":"<p>Paul Michel Foucault o dell&#8217;esigenza del sapere 25-06-2014 &#8211; Francesco Siciliano A trent&#8217;anni dalla morte di Michel Foucault, maestro del pensiero occidentale. &nbsp; Focault &#8211; Histoire de la folie &#8211; Il 25 giugno del 1984 si spegneva a Parigi il filosofo Paul Michel Foucault. Nato a Poitiers nel 1926, figlio di un chirurgo, fu pi\u00f9<\/p>\n","protected":false},"author":1,"featured_media":0,"comment_status":"open","ping_status":"open","sticky":false,"template":"","format":"standard","meta":{"footnotes":""},"categories":[32,14,12],"tags":[],"class_list":["post-7578","post","type-post","status-publish","format-standard","hentry","category-autori","category-comune-di-formia","category-cultura"],"_links":{"self":[{"href":"https:\/\/www.ulisseland.com\/journal\/wp-json\/wp\/v2\/posts\/7578","targetHints":{"allow":["GET"]}}],"collection":[{"href":"https:\/\/www.ulisseland.com\/journal\/wp-json\/wp\/v2\/posts"}],"about":[{"href":"https:\/\/www.ulisseland.com\/journal\/wp-json\/wp\/v2\/types\/post"}],"author":[{"embeddable":true,"href":"https:\/\/www.ulisseland.com\/journal\/wp-json\/wp\/v2\/users\/1"}],"replies":[{"embeddable":true,"href":"https:\/\/www.ulisseland.com\/journal\/wp-json\/wp\/v2\/comments?post=7578"}],"version-history":[{"count":2,"href":"https:\/\/www.ulisseland.com\/journal\/wp-json\/wp\/v2\/posts\/7578\/revisions"}],"predecessor-version":[{"id":7784,"href":"https:\/\/www.ulisseland.com\/journal\/wp-json\/wp\/v2\/posts\/7578\/revisions\/7784"}],"wp:attachment":[{"href":"https:\/\/www.ulisseland.com\/journal\/wp-json\/wp\/v2\/media?parent=7578"}],"wp:term":[{"taxonomy":"category","embeddable":true,"href":"https:\/\/www.ulisseland.com\/journal\/wp-json\/wp\/v2\/categories?post=7578"},{"taxonomy":"post_tag","embeddable":true,"href":"https:\/\/www.ulisseland.com\/journal\/wp-json\/wp\/v2\/tags?post=7578"}],"curies":[{"name":"wp","href":"https:\/\/api.w.org\/{rel}","templated":true}]}}