{"id":7571,"date":"2014-06-25T07:27:50","date_gmt":"2014-06-25T05:27:50","guid":{"rendered":"http:\/\/www.ulisseland.com\/journal\/?p=7571"},"modified":"2014-06-27T17:34:33","modified_gmt":"2014-06-27T15:34:33","slug":"francesco-siciliano-la-memoria-del-presente-capolavori-del-novecento-italiano-ai-musei-civici-di-pesaro","status":"publish","type":"post","link":"https:\/\/www.ulisseland.com\/journal\/francesco-siciliano-la-memoria-del-presente-capolavori-del-novecento-italiano-ai-musei-civici-di-pesaro\/","title":{"rendered":"FRANCESCO SICILIANO &#8211; La Memoria del presente. Capolavori del Novecento italiano&#8217; ai Musei Civici di Pesaro."},"content":{"rendered":"<p><i>&#8216;<\/i><\/p>\n<figure id=\"attachment_7572\" aria-describedby=\"caption-attachment-7572\" style=\"width: 300px\" class=\"wp-caption alignleft\"><a href=\"https:\/\/www.ulisseland.com\/journal\/wp-content\/uploads\/2014\/06\/Immagine-art.-Siciliano.jpg\"><img loading=\"lazy\" decoding=\"async\" class=\"size-full wp-image-7572\" alt=\"De Chirico - &quot;Le Muse inquietanti&quot; \" src=\"https:\/\/www.ulisseland.com\/journal\/wp-content\/uploads\/2014\/06\/Immagine-art.-Siciliano.jpg\" width=\"300\" height=\"132\" \/><\/a><figcaption id=\"caption-attachment-7572\" class=\"wp-caption-text\">De Chirico &#8211; &#8220;Le Muse inquietanti&#8221;<\/figcaption><\/figure>\n<p>Lo storico\u00a0<b>Eric Hobsbawm<\/b>\u00a0fu l&#8217;inventore dell&#8217;inusitata definizione\u00a0<b>Secolo breve<\/b><i>.<\/i>\u00a0Essa occorse al suo genio storiografico per definire il dinamismo, la creativit\u00e0 nonch\u00e9 l&#8217;efferatezza manifestatisi nell&#8217;intervallo temporale solcato dagli eventi storici, dall&#8217;accendersi del\u00a0<b>I conflitto mondiale<\/b>\u00a0fino al disfacimento dell&#8217;Unione Sovietica, nel 1991. Una frazione infinitesima del cammino umano, nel quale si valic\u00f2 ogni limite di civile convivenza, come di raggiunta conoscenza. La fase successiva al\u00a0<b>II conflitto mondiale<\/b>\u00a0rese per\u00f2 possibile solidificare un piano di pax istituzionale europea, di riorganizzazione economica, di ripristino dei percorsi di ricerca scientifica e tecnologica, partecipata tra i Paesi. Hobsbawm narr\u00f2 dunque un secolo di impredicibili mutamenti, di conquiste intellettuali e di genocidi, di eccezionali scoperte e di immani crisi politico-militari, di conflitti regionali e di debacle socio-economiche, di straordinarie intuizioni artistiche e di devastazioni naturali.<\/p>\n<p>&nbsp;<\/p>\n<p>&nbsp;<\/p>\n<p>Giusto in relazione ai tempi che &#8220;cant\u00f2&#8221; Hobsbawm, il 22 giugno del 2014 \u00e8 stata presentata, presso i Musei Civici &#8211; Palazzo Mosca di Pesaro, una splendida mostra dal titolo &#8220;<b>La Memoria del presente. Capolavori del Novecento Italiano&#8221;<\/b>, presente in quella sede fino al prossimo 2 novembre. L&#8217;evento, curato da Stefano Cecchetto, \u00e8 stata promosso dal<b>Comune di Pesaro<\/b>, dalla Fondazione Cassa di risparmio della provincia di Macerata, generosa nel render disponibili numerosi capolavori d&#8217;arte della propria collezione presso Palazzo Ricci, da Popsophia Festival del Contempo<\/p>\n<figure id=\"attachment_7575\" aria-describedby=\"caption-attachment-7575\" style=\"width: 224px\" class=\"wp-caption alignright\"><a href=\"https:\/\/www.ulisseland.com\/journal\/wp-content\/uploads\/2014\/06\/foto3.jpg\"><img loading=\"lazy\" decoding=\"async\" class=\"size-medium wp-image-7575\" alt=\"Dott. Francesco Siciliano\" src=\"https:\/\/www.ulisseland.com\/journal\/wp-content\/uploads\/2014\/06\/foto3-224x300.jpg\" width=\"224\" height=\"300\" srcset=\"https:\/\/www.ulisseland.com\/journal\/wp-content\/uploads\/2014\/06\/foto3-224x300.jpg 224w, https:\/\/www.ulisseland.com\/journal\/wp-content\/uploads\/2014\/06\/foto3-764x1024.jpg 764w, https:\/\/www.ulisseland.com\/journal\/wp-content\/uploads\/2014\/06\/foto3.jpg 968w\" sizes=\"auto, (max-width: 224px) 100vw, 224px\" \/><\/a><figcaption id=\"caption-attachment-7575\" class=\"wp-caption-text\">Dott. Francesco Siciliano<\/figcaption><\/figure>\n<p>eo, dalla Regione Marche, dalla Provincia di Pesaro e Urbino, e con il sostegno della Banca dell&#8217;Adriatico.<\/p>\n<p>Hanno integrato l&#8217;elenco delle opere in mostra numerosi collezionisti privati: il\u00a0<b>Ritratto di signora<\/b>\u00a0di\u00a0<b>Giorgio de Chirico<\/b>, lavori di Filippo De Pisis, di Giuseppe Capogrossi e di Bice Lazzari appaiono accanto alle effigi dal pathos sublimato delle\u00a0<b>Muse<\/b>\u00a0di De Chirico, gi\u00e0 contemporanee nella loro rarefatta sensibilit\u00e0. Il Novecento artistico italiano seppe raccontare l&#8217;oceano tragico e geniale dei suoi tempi, stravolti dalle prime due guerre mondiali della storia umana, ma trovando in essi un topos rielaborativo possibile entro cui interpretarne le vicissitudini.<\/p>\n<p>Una creativit\u00e0 che ripercorse ogni avvicendamento socio-culturale ed economico, dalla prima fase di ricostruzione post-bellica al dramma politico istituzionale degli anni Settanta, fungendo sovente da rotore di mutamenti, riflessioni e orientamenti. Balla e Treccani, il\u00a0<b>Futurismo<\/b>\u00a0e Conti, Depero, Dottori, Prampolini, Tulli sino a Osvaldo Licini e Lucio Fontana, il cui\u00a0<b><i>Concetto spaziale<\/i><\/b><i>\u00a0&#8211;\u00a0<\/i>di sorprendente modernit\u00e0 &#8211; mostr\u00f2 l&#8217;essenziale traccia di un segno solidificata in flessibile figura. E ancora, Afro, Burri, Campigli, Gi\u00f2 Pomodoro, Schifano e Vedova, impegnati in polimorfi affreschi interpretativi di un proprio presente che si mondializzava, a commento di una proto-industrializzazione che urbanizzava di modernit\u00e0 l&#8217;<b>Italia<\/b>.<\/p>\n<p>La mostra affiancher\u00e0 il festival\u00a0<b>Popsophia<\/b>, in programma a Rocca Costanza, dal 2 al 6 luglio, sul tema della &#8220;nostalgia del presente&#8221;; IV edizione di un happening che coniuga efficacemente il teoretico col popolare. Il &#8220;secolo breve&#8221; fu lunghissimo di sofferenze e genialit\u00e0, cultura e regresso. L&#8217;<b>arte italiana<\/b>\u00a0di quegli anni seguit\u00f2 per\u00f2 entro quel solco storico, nell&#8217;intento di tracciare segni e di emozionare, dilatando le pieghe del tempo per depositarvi un\u00a0<b>senso<\/b>.<\/p>\n<p>Redazionale<\/p>\n<p><i><span style=\"font-size: x-large;\"><strong>\u00a0<\/strong><\/span><\/i><\/p>\n","protected":false},"excerpt":{"rendered":"<p>&#8216; Lo storico\u00a0Eric Hobsbawm\u00a0fu l&#8217;inventore dell&#8217;inusitata definizione\u00a0Secolo breve.\u00a0Essa occorse al suo genio storiografico per definire il dinamismo, la creativit\u00e0 nonch\u00e9 l&#8217;efferatezza manifestatisi nell&#8217;intervallo temporale solcato dagli eventi storici, dall&#8217;accendersi del\u00a0I conflitto mondiale\u00a0fino al disfacimento dell&#8217;Unione Sovietica, nel 1991. Una frazione infinitesima del cammino umano, nel quale si valic\u00f2 ogni limite di civile convivenza, come di<\/p>\n","protected":false},"author":1,"featured_media":0,"comment_status":"open","ping_status":"open","sticky":false,"template":"","format":"standard","meta":{"footnotes":""},"categories":[64,14,28,12],"tags":[],"class_list":["post-7571","post","type-post","status-publish","format-standard","hentry","category-ce","category-comune-di-formia","category-comune-di-spigno-saturnia","category-cultura"],"_links":{"self":[{"href":"https:\/\/www.ulisseland.com\/journal\/wp-json\/wp\/v2\/posts\/7571","targetHints":{"allow":["GET"]}}],"collection":[{"href":"https:\/\/www.ulisseland.com\/journal\/wp-json\/wp\/v2\/posts"}],"about":[{"href":"https:\/\/www.ulisseland.com\/journal\/wp-json\/wp\/v2\/types\/post"}],"author":[{"embeddable":true,"href":"https:\/\/www.ulisseland.com\/journal\/wp-json\/wp\/v2\/users\/1"}],"replies":[{"embeddable":true,"href":"https:\/\/www.ulisseland.com\/journal\/wp-json\/wp\/v2\/comments?post=7571"}],"version-history":[{"count":3,"href":"https:\/\/www.ulisseland.com\/journal\/wp-json\/wp\/v2\/posts\/7571\/revisions"}],"predecessor-version":[{"id":7574,"href":"https:\/\/www.ulisseland.com\/journal\/wp-json\/wp\/v2\/posts\/7571\/revisions\/7574"}],"wp:attachment":[{"href":"https:\/\/www.ulisseland.com\/journal\/wp-json\/wp\/v2\/media?parent=7571"}],"wp:term":[{"taxonomy":"category","embeddable":true,"href":"https:\/\/www.ulisseland.com\/journal\/wp-json\/wp\/v2\/categories?post=7571"},{"taxonomy":"post_tag","embeddable":true,"href":"https:\/\/www.ulisseland.com\/journal\/wp-json\/wp\/v2\/tags?post=7571"}],"curies":[{"name":"wp","href":"https:\/\/api.w.org\/{rel}","templated":true}]}}