{"id":732,"date":"2012-03-27T09:30:25","date_gmt":"2012-03-27T09:30:25","guid":{"rendered":"http:\/\/www.ulisseland.com\/journal\/?p=732&#038;lang=it"},"modified":"2012-03-28T11:54:43","modified_gmt":"2012-03-28T11:54:43","slug":"inaugurata-la-nuova-sede-del-centro-sociale-integrato","status":"publish","type":"post","link":"https:\/\/www.ulisseland.com\/journal\/inaugurata-la-nuova-sede-del-centro-sociale-integrato\/","title":{"rendered":"FROSINONE: INAUGURATA LA NUOVA SEDE DEL CENTRO SOCIALE INTEGRATO"},"content":{"rendered":"<p><a href=\"http:\/\/www.comune.frosinone.it\/\"><img loading=\"lazy\" decoding=\"async\" class=\"alignleft size-full wp-image-737\" title=\"output_immagine (1)\" src=\"https:\/\/www.ulisseland.com\/journal\/wp-content\/uploads\/2012\/03\/output_immagine-1.jpg\" alt=\"\" width=\"244\" height=\"164\" \/><\/a>Nella mattinata di gioved\u00ec 15 luglio, alle ore 10, il Sindaco Michele Marini ha inaugurato il nuovo Centro Sociale Integrato.<br \/>\n&#8220;Oggi \u00e8 stata inaugurata l\u2019opera ed \u00e8 subito entrata in funzione &#8211; ha esordito il Sindaco \u2013 Quello del recupero dell\u2019ex inceneritore comunale \u00e8 veramente un lavoro encomiabile. La spesa \u00e8 stata di circa 500.000 euro, divisa a met\u00e0 tra Comune di Frosinone e Regione Lazio. Il sito che si trova in via Armando Fabi, era dismesso da anni. Grazie a questa Amministrazione \u00e8 stato riconvertito in una struttura destinata a Centro Servizi Socio Assistenziali. Dal punto di vista tecnico \u00e8 stata sistemata l\u2019area retrostante e la pavimentazione del piazzale oltre ad una porzione di recinzione esterna. E\u2019 stato completato l\u2019impianto di illuminazione esterna con sistemazione a verde delle zone limitrofe al piazzale&#8221;.<br \/>\nIl Centro Diurno \u00e8 un servizio gi\u00e0 attivo attualmente presso una ex struttura scolastica conosciuta come Casino Marzi. Il servizio \u00e8 gestito da una cooperativa sociale ed accoglier\u00e0 trenta disabili adulti oltre ad attivit\u00e0 per minori. La struttura che \u00e8 a carico del Servizio Sociale Comunale \u00e8 uno spazio di circa 350 metri quadri nel quale, grazie a pareti attrezzate, troveranno spazio una zona cucina, una mensa e tre laboratori per attivit\u00e0 socio \u2013 educative e terapeutiche.<br \/>\nGli orari rimarranno simili a quelli attuali, ovvero: 8 \u2013 18, dal luned\u00ec al venerd\u00ec.<br \/>\nSempre negli spazi della struttura dell\u2019ex inceneritore comunale verr\u00e0 realizzata una Casa famiglia per minori psichici, gi\u00e0 finanziata da fondi regionali e una Struttura residenziale per disabili per una accoglienza temporanea.<br \/>\nDetta struttura per minori verr\u00e0 gestita dalla Asl mentre quella residenziale per disabili completer\u00e0 il servizio anche notturno per i disabili del Centro diurno.<a href=\"http:\/\/www.comune.frosinone.it\/\"><img loading=\"lazy\" decoding=\"async\" class=\"alignright  wp-image-738\" title=\"DIGITAL CAMERA\" src=\"https:\/\/www.ulisseland.com\/journal\/wp-content\/uploads\/2012\/03\/consegna-del-Centroi.jpg\" alt=\"\" width=\"230\" height=\"173\" \/><\/a><br \/>\n&#8220;Oggi \u2013 ha dichiarato l\u2019assessore ai Lavori Pubblici Sergio Paris \u2013 \u00e8 stata inaugurata una struttura importante per la comunit\u00e0. Nei giorni scorsi il Centro Sociale Integrato \u00e8 stato arredato e attrezzato per far s\u00ec che le attivit\u00e0 prendessero il via immediatamente. Sono in corso e verranno completati nei prossimi giorni anche i lavori di sistemazione degli spazi di verde attrezzato esterni. Cos\u00ec da rendere possibili anche le attivit\u00e0 all\u2019aperto. Una delle strutture fondamentali dedicata ai servizi da rendere ai cittadini di Frosinone che ha visto da parte mia e di tutta la struttura, in perfetta sintonia con l\u2019Associazione dei genitori dei ragazzi del Centro Sociale Integrato ed in primis con il presidente dell\u2019Associazione Daniele Marini&#8221;.<br \/>\n&#8220;Siamo arrivati finalmente alla fine di un percorso \u2013 ha detto l\u2019assessore ai Servizi Sociali Massimo Calicchia \u2013 alla fine della prima fase di quella che pu\u00f2 essere definita la Cittadella del Sociale. Il nostro Centro Sociale Integrato, va ricordato \u2013 sottolinea con orgoglio l\u2019assessore \u2013 ha preso parte al Torneo Regionale di Calcio a 5. Ci ha visti vittoriosi nel 2009 e secondi classificati quest\u2019anno. Da oggi quindi il CSI avr\u00e0 un sito dignitoso ed idoneo negli spazi e nella posizione a soddisfare le diverse esigenze quotidiane&#8221;.<\/p>\n<hr \/>\n<p><span style=\"font-size: medium;\">CRONOLOGIA:<\/span><\/p>\n<p><a href=\"http:\/\/www.comune.frosinone.it\/\"><img loading=\"lazy\" decoding=\"async\" class=\"alignleft  wp-image-739\" title=\"Gli spazi del CSI 1\" src=\"https:\/\/www.ulisseland.com\/journal\/wp-content\/uploads\/2012\/03\/Gli-spazi-del-CSI-1-e1332840058321.jpg\" alt=\"\" width=\"209\" height=\"139\" \/><\/a>E\u2019 stato consegnato sabato 3 luglio 2010 il nuovo Centro Servizi Sociali e Socio Educativi.<\/p>\n<p>L\u2019opera il 15 luglio entrer\u00e0 in funzione \u2013 ha esordito il Sindaco Michele Marini \u2013 Quello del recupero dell\u2019ex inceneritore comunale \u00e8 stato un lavoro encomiabile realizzato da questa Amministrazione. La spesa \u00e8 stata di circa 500.000 euro, divisa a met\u00e0 tra Comune di Frosinone e Regione Lazio. Il sito di via Armando Fabi, dismesso da anni, \u00e8 stato riconvertito in una struttura destinata a Centro Servizi Socio Assistenziali. Dal punto di vista tecnico \u00e8 stata sistemata l\u2019area retrostante e la pavimentazione del piazzale oltre ad una porzione di recinzione esterna. E\u2019 stato completato l\u2019impianto di illuminazione esterna con sistemazione a verde delle zone limitrofe al piazzale.<\/p>\n<p>Il Centro Diurno \u00e8 un servizio gi\u00e0 attivo attualmente presso una ex struttura scolastica conosciuta come Casino Marzi. Il servizio \u00e8 gestito da una cooperativa sociale ed accoglier\u00e0 trenta disabili adulti oltre ad attivit\u00e0 per minori. La struttura che \u00e8 a carico del Servizio Sociale Comunale \u00e8 uno spazio di circa 350 metri quadri nel quale, grazie a pareti attrezzate, troveranno spazio una zona cucina, una mensa e tre laboratori per attivit\u00e0 socio \u2013 educative e terapeutiche.<\/p>\n<p>Gli orari rimarranno simili a quelli attuali, ovvero: 8 \u2013 18, dal luned\u00ec al venerd\u00ec.<\/p>\n<p>Sempre negli spazi della struttura dell\u2019ex inceneritore comunale verr\u00e0 realizzata una Casa famiglia per minori psichici, gi\u00e0 finanziata da fondi regionali e una Struttura residenziale per disabili per una accoglienza temporanea.<\/p>\n<p>Detta struttura per minori verr\u00e0 gestita dalla Asl mentre quella residenziale per disabili completer\u00e0 il servizio anche notturno per i disabili del Centro diurno.<\/p>\n<p>Oggi \u2013 ha dichiarato l\u2019assessore ai Lavori Pubblici Sergio Paris &#8211; si consegna l\u2019immobile del Centro Sociale Integrato. Da questo momento potr\u00e0 essere arredato e attrezzato per far s\u00ec che le attivit\u00e0 da qui a pochi giorni potranno effettivamente iniziare.<\/p>\n<p>Sono in corso e verranno completati nei prossimi giorni anche i lavori di sistemazione degli spazi di verde attrezzato esterni. Cos\u00ec da rendere possibili anche le attivit\u00e0 all\u2019aperto. Una delle strutture fondamentali dedicata ai servizi da rendere ai cittadini di Frosinone che ha visto da parte mia e di tutta la struttura, in perfetta sintonia con l\u2019Associazione dei genitori dei ragazzi del Centro Sociale Integrato ed in primis con il presidente dell\u2019Associazione Daniele Marini.<a href=\"http:\/\/www.comune.frosinone.it\/\"><img loading=\"lazy\" decoding=\"async\" class=\"alignright\" title=\"Inaugurazione CSI - 2\" src=\"https:\/\/www.ulisseland.com\/journal\/wp-content\/uploads\/2012\/03\/Inaugurazione-CSI-2-e1332840081434.jpg\" alt=\"\" width=\"214\" height=\"143\" \/><\/a><a href=\"http:\/\/www.comune.frosinone.it\/\"><br \/>\n<\/a><\/p>\n<p>Siamo arrivati finalmente alla fine di un percorso \u2013 ha detto l\u2019assessore ai Servizi Sociali Massimo Calicchia \u2013 alla fine della prima fase di quella che pu\u00f2 essere definita la Cittadella del Sociale. Il nostro Centro Sociale Integrato, da ricordare il Torneo regionale di Calcio a 5 che ci ha visti vittoriosi nel 2009 e secondi classificati quest\u2019anno, avr\u00e0 un sito dignitoso ed idoneo negli spazi e nella posizione a soddisfare le diverse esigenze quotidiane.<\/p>\n<hr \/>\n<p><span style=\"font-size: medium;\">RECUPERO EX INCENERITORE VIA FABI<\/span><br \/>\nRistrutturazione a struttura da destinare a centro Servizi Sociali e Socio-educativi.<\/p>\n<p>La proposta progettuale dei lavori di recupero dell\u2019ex inceneritore comunale di via Fabi prevede il recupero di nuovi ambienti da destinare ad attivit\u00e0 Socio-assistenziali ed Educative.<br \/>\nIl complesso risulta interessato da opere edilizie in fase di ultimazione che consentir\u00e0, a breve, il trasferimento del Centro Sociale Integrato per disabili e minori, dall\u2019attuale locale in affitto, sito in via Sodine, alla nuova struttura specificatamente realizzata per accogliere il servizio Socio-educativo per disabili e minori multiproblematici.<br \/>\nE\u2019 inoltre in atto la progettazione relativa al finanziamento di \u20ac 245.000,00, concesso dalla Regione Lazio, per la realizzazione di una Casa Famiglia per minori con problemi psichici, nonch\u00e9 la sistemazione parziale delle aree a servizio del complesso edilizio, mediante la realizzazione di parcheggi, sistemazione del viale di accesso, delimitazione degli spazi a verde e recinzione dell\u2019intera area.<br \/>\nL\u2019originario complesso edilizio dell\u2019ex inceneritore, di propriet\u00e0 comunale, \u00e8 composto da un corpo di fabbrica a forma di \u201cL\u201d e da un piccolo fabbricato ad un piano. Risulta a servizio degli edifici una vasta area di pertinenza della complessiva superficie di mq 6450 circa.<br \/>\nI due edifici risultano costruiti agli inizi degli anni Sessanta al fine di assicurare lo smaltimento dei rifiuti urbani della citt\u00e0. L\u2019edificio principale \u00e8 caratterizzato da due corpi di fabbrica di cui uno pi\u00f9 elevato (con altezza di circa 13, 15 metri e dimensioni planimetriche ml. 6,80 x ml. 35,90 e l\u2019atra di altezza pari a ml. 6,80 e dimensioni planimetriche ml. 21,20 x ml. 17,60); i due volumi sono intersecati fra loro.<br \/>\nL\u2019immobile staccato, dove originariamente erano situati gli uffici, \u00e8 di forma quadrata con un lato di ml. 10&#215;10 circa ed altezza esterna di ml. 4,50.<br \/>\nL\u2019edificio principale presenta copertura piana e strutture in cemento armato con solai composti da travetti in c.a. e laterizi, mentre la tamponatura \u00e8 in blocchetti di calcestruzzo.<br \/>\nIl fabbricato staccato risulta realizzato in muratura e copertura a tetto. Consegnato al Comune nel 1976, dopo un breve periodo di funzionamento \u00e8 stata sospesa l\u2019attivit\u00e0 di smaltimento per problematiche legate all\u2019emissione dei fumi. Nel corso degli anni sono state intraprese delle iniziative finalizzate all\u2019adeguamento dell\u2019impianto ma senza ottenere i risultati sperati e la struttura \u00e8 stata definitivamente abbandonata.<br \/>\nIl complesso edilizio, prima dell\u2019inizio del recupero da parte dell\u2019Amministrazione, \u00e8 risultato in uno stato di degrado molto evidente ed occupato da macchinari in disuso residui della precedente destinazione e di altri materiali immagazzinati durante tutto il predetto periodo.<br \/>\nLa proposta progettuale del completamento del recupero dell\u2019ex inceneritore comunale, scaturisce principalmente dalla necessit\u00e0 di recuperare l\u2019intero complesso edilizio, da prevedersi con diversi interventi, finalizzati a dotare l\u2019Amministrazione comunale, ed in particolare il Settore Servizi Sociali e Assistenza alla Persona, di idonei locali per lo svolgimento, oltre che del Centro Sociale Integrato e della Casa Famiglia per minori, di un centro servizi socio assistenziali per la famiglia composto da due distinti interventi denominati rispettivamente Mediazione Familiare e Affidamenti Familiari, nonch\u00e9, di una struttura residenziale per disabili, per l\u2019accoglienza temporanea anche notturna, quale servizio di sollievo alle famiglie.<br \/>\nL\u2019intervento per il recupero del complesso edilizio ex inceneritore comunale \u00e8 previsto nella programmazione triennale delle opere pubbliche da realizzarsi nel periodo 2007-2009 di cui alla deliberazione del Consiglio Comunale n.13 del 27 aprile 2007.<br \/>\nL\u2019intervento cercher\u00e0 di mantenere inalterate le caratteristiche architettoniche del complesso, evidenziando alcuni elementi che costituiscono la memoria storica dell\u2019immobile.<\/p>\n<div><span style=\"font-size: x-small;\">mer 07 lug, 2010 2:00 am<\/span><\/div>\n<div><\/div>\n<p><a href=\"http:\/\/www.virtualcity3d.it\/index.aspx?city=frosinone&amp;comune=frosinone.db\"><img loading=\"lazy\" decoding=\"async\" class=\"alignleft size-full wp-image-725\" title=\"Frosinone_86x86\" src=\"https:\/\/www.ulisseland.com\/journal\/wp-content\/uploads\/2012\/03\/Frosinone_86x86.png\" alt=\"\" width=\"86\" height=\"86\" srcset=\"https:\/\/www.ulisseland.com\/journal\/wp-content\/uploads\/2012\/03\/Frosinone_86x86.png 86w, https:\/\/www.ulisseland.com\/journal\/wp-content\/uploads\/2012\/03\/Frosinone_86x86-50x50.png 50w\" sizes=\"auto, (max-width: 86px) 100vw, 86px\" \/><\/a><\/p>\n","protected":false},"excerpt":{"rendered":"<p>Nella mattinata di gioved\u00ec 15 luglio, alle ore 10, il Sindaco Michele Marini ha inaugurato il nuovo Centro Sociale Integrato. &#8220;Oggi \u00e8 stata inaugurata l\u2019opera ed \u00e8 subito entrata in funzione &#8211; ha esordito il Sindaco \u2013 Quello del recupero dell\u2019ex inceneritore comunale \u00e8 veramente un lavoro encomiabile. La spesa \u00e8 stata di circa 500.000<\/p>\n","protected":false},"author":1,"featured_media":0,"comment_status":"open","ping_status":"open","sticky":false,"template":"","format":"standard","meta":{"footnotes":""},"categories":[15,11],"tags":[],"class_list":["post-732","post","type-post","status-publish","format-standard","hentry","category-comune-di-frosinone","category-enti"],"_links":{"self":[{"href":"https:\/\/www.ulisseland.com\/journal\/wp-json\/wp\/v2\/posts\/732","targetHints":{"allow":["GET"]}}],"collection":[{"href":"https:\/\/www.ulisseland.com\/journal\/wp-json\/wp\/v2\/posts"}],"about":[{"href":"https:\/\/www.ulisseland.com\/journal\/wp-json\/wp\/v2\/types\/post"}],"author":[{"embeddable":true,"href":"https:\/\/www.ulisseland.com\/journal\/wp-json\/wp\/v2\/users\/1"}],"replies":[{"embeddable":true,"href":"https:\/\/www.ulisseland.com\/journal\/wp-json\/wp\/v2\/comments?post=732"}],"version-history":[{"count":20,"href":"https:\/\/www.ulisseland.com\/journal\/wp-json\/wp\/v2\/posts\/732\/revisions"}],"predecessor-version":[{"id":753,"href":"https:\/\/www.ulisseland.com\/journal\/wp-json\/wp\/v2\/posts\/732\/revisions\/753"}],"wp:attachment":[{"href":"https:\/\/www.ulisseland.com\/journal\/wp-json\/wp\/v2\/media?parent=732"}],"wp:term":[{"taxonomy":"category","embeddable":true,"href":"https:\/\/www.ulisseland.com\/journal\/wp-json\/wp\/v2\/categories?post=732"},{"taxonomy":"post_tag","embeddable":true,"href":"https:\/\/www.ulisseland.com\/journal\/wp-json\/wp\/v2\/tags?post=732"}],"curies":[{"name":"wp","href":"https:\/\/api.w.org\/{rel}","templated":true}]}}