{"id":708,"date":"2012-03-27T08:58:22","date_gmt":"2012-03-27T08:58:22","guid":{"rendered":"http:\/\/www.ulisseland.com\/journal\/?p=708&#038;lang=it"},"modified":"2012-03-27T09:04:25","modified_gmt":"2012-03-27T09:04:25","slug":"formia-iniziati-i-lavori-di-riqualificazione-di-piazza-mattej","status":"publish","type":"post","link":"https:\/\/www.ulisseland.com\/journal\/formia-iniziati-i-lavori-di-riqualificazione-di-piazza-mattej\/","title":{"rendered":"FORMIA: INIZIATI I LAVORI DI RIQUALIFICAZIONE DI PIAZZA MATTEJ"},"content":{"rendered":"<p><a href=\"https:\/\/www.ulisseland.com\/journal\/wp-content\/uploads\/2012\/03\/DSC_1205-e1332838527357.jpg\"><img loading=\"lazy\" decoding=\"async\" class=\"alignleft size-full wp-image-712\" title=\"Piazza Mattej\" src=\"https:\/\/www.ulisseland.com\/journal\/wp-content\/uploads\/2012\/03\/DSC_1205-e1332838527357.jpg\" alt=\"\" width=\"329\" height=\"215\" \/><\/a>Sono iniziati, a Formia, i lavori di manutenzione, riqualificazione e messa in sicurezza di Piazza Mattej. Si tratta di un intervento di restyling sull\u2019intera struttura, finalizzato a migliorare ed ottimizzare la fruibilit\u00e0 dell\u2019area. Con l\u2019occasione si proceder\u00e0 anche a sistemare e mettere in sicurezza un tratto della rete pedonale dei marciapiedi di via Vitruvio, esattamente da via dei Carmelitani all\u2019altezza del ponte Tallini. Questi lavori, il cui importo \u00e8 quantificato in circa ventimila euro, contribuiranno ad elevare il livello ambientale e di arredo della citt\u00e0 alla vigilia delle festivit\u00e0 di Pasqua.<br \/>\nRiordinare gli spazi pubblici e le infrastrutture pedonali significa anche riqualificare tutti gli esercizi commerciali che insistono sul centro di Formia.<br \/>\nUn bigliettino da visita per tutti i cittadini e gli operatori produttivi per rendere pi\u00f9 accogliente e vivibile questa parte di citt\u00e0. Anche la frazione di Penitro sar\u00e0 al centro di lavori di pulizia e sistemazione di un\u2019area di circa 30 mila mq. di propriet\u00e0 comunale. L\u2019intervento di bonifica mira a valorizzare la zona periferica ed il verde consentendo una fruibilit\u00e0 pubblica e di accoglienza ai residenti del posto. L\u2019importo per la manutenzione e sistemazione dei luoghi \u00e8 di 6.000 euro.<br \/>\nEntrambi gli interventi pubblici sono programmati per elevare la qualit\u00e0 ed il livello di accoglienza e sicurezza dei posti. Un riordino degli spazi e di conservazione del verde in funzione delle esigenze e dei bisogni dei cittadini. \u201cL\u2019amministrazione comunale, sottolinea il sindaco Michele Forte, \u00e8 impegnata a curare il tessuto urbano con interventi sui parchi e le aree pubbliche, pulizia delle erbe, potatura degli alberi, bonifica del degrado, sistemazione degli impianti luce ed installazione di nuove panchine. Un\u2019attenzione su tutte le criticit\u00e0 urbane per rendere sempre pi\u00f9 funzionale il vivere sociale delle persone, l\u2019intrattenimento e le varie forme aggregative di passeggio e svago\u201d.<\/p>\n<p>Direttore<br \/>\nSergio Monforte<\/p>\n<p><a href=\"http:\/\/www.virtualcity3d.it\/index.aspx?lon=13.601210332571&amp;lat=41.253737328914&amp;comune=formia.db\"><img loading=\"lazy\" decoding=\"async\" class=\"alignleft size-full wp-image-718\" title=\"Formia Virtual City 3D\" src=\"https:\/\/www.ulisseland.com\/journal\/wp-content\/uploads\/2012\/03\/Formia_86x86.png\" alt=\"\" width=\"86\" height=\"86\" srcset=\"https:\/\/www.ulisseland.com\/journal\/wp-content\/uploads\/2012\/03\/Formia_86x86.png 86w, https:\/\/www.ulisseland.com\/journal\/wp-content\/uploads\/2012\/03\/Formia_86x86-50x50.png 50w\" sizes=\"auto, (max-width: 86px) 100vw, 86px\" \/><\/a><\/p>\n","protected":false},"excerpt":{"rendered":"<p>Sono iniziati, a Formia, i lavori di manutenzione, riqualificazione e messa in sicurezza di Piazza Mattej. Si tratta di un intervento di restyling sull\u2019intera struttura, finalizzato a migliorare ed ottimizzare la fruibilit\u00e0 dell\u2019area. Con l\u2019occasione si proceder\u00e0 anche a sistemare e mettere in sicurezza un tratto della rete pedonale dei marciapiedi di via Vitruvio, esattamente<\/p>\n","protected":false},"author":1,"featured_media":0,"comment_status":"open","ping_status":"open","sticky":false,"template":"","format":"standard","meta":{"footnotes":""},"categories":[14,11],"tags":[],"class_list":["post-708","post","type-post","status-publish","format-standard","hentry","category-comune-di-formia","category-enti"],"_links":{"self":[{"href":"https:\/\/www.ulisseland.com\/journal\/wp-json\/wp\/v2\/posts\/708","targetHints":{"allow":["GET"]}}],"collection":[{"href":"https:\/\/www.ulisseland.com\/journal\/wp-json\/wp\/v2\/posts"}],"about":[{"href":"https:\/\/www.ulisseland.com\/journal\/wp-json\/wp\/v2\/types\/post"}],"author":[{"embeddable":true,"href":"https:\/\/www.ulisseland.com\/journal\/wp-json\/wp\/v2\/users\/1"}],"replies":[{"embeddable":true,"href":"https:\/\/www.ulisseland.com\/journal\/wp-json\/wp\/v2\/comments?post=708"}],"version-history":[{"count":10,"href":"https:\/\/www.ulisseland.com\/journal\/wp-json\/wp\/v2\/posts\/708\/revisions"}],"predecessor-version":[{"id":720,"href":"https:\/\/www.ulisseland.com\/journal\/wp-json\/wp\/v2\/posts\/708\/revisions\/720"}],"wp:attachment":[{"href":"https:\/\/www.ulisseland.com\/journal\/wp-json\/wp\/v2\/media?parent=708"}],"wp:term":[{"taxonomy":"category","embeddable":true,"href":"https:\/\/www.ulisseland.com\/journal\/wp-json\/wp\/v2\/categories?post=708"},{"taxonomy":"post_tag","embeddable":true,"href":"https:\/\/www.ulisseland.com\/journal\/wp-json\/wp\/v2\/tags?post=708"}],"curies":[{"name":"wp","href":"https:\/\/api.w.org\/{rel}","templated":true}]}}