{"id":7037,"date":"2014-04-01T15:31:46","date_gmt":"2014-04-01T13:31:46","guid":{"rendered":"http:\/\/www.ulisseland.com\/journal\/?p=7037"},"modified":"2014-04-01T15:31:46","modified_gmt":"2014-04-01T13:31:46","slug":"soussegaeta-yacht-med-festival-2014-24-avril-01-mai-2014-gaeta-italie","status":"publish","type":"post","link":"https:\/\/www.ulisseland.com\/journal\/soussegaeta-yacht-med-festival-2014-24-avril-01-mai-2014-gaeta-italie\/","title":{"rendered":"SOUSSE\/GAETA &#8211; YACHT MED FESTIVAL 2014 24 Avril \u2013 01 Mai 2014 GAETA, ITALIE"},"content":{"rendered":"<p align=\"center\"><b>YACHT MED FESTIVAL 2014<br \/>\n<\/b><b>24 Avril \u2013 01 Mai 2014<br \/>\nGAETA, ITALIE<\/b><\/p>\n<p align=\"center\"><b>\u00a0<\/b><\/p>\n<p>Nous avons le plaisir de Vous informer que la Chambre Tuniso Italienne de Commerce et d\u2019Industrie\u00a0en collaboration avec la Chambre de Commerce de Latina, organise une <b><i>d\u00e9l\u00e9gation d\u2019op\u00e9rateurs tunisiens<\/i><\/b> afin de participer \u00e0 la septi\u00e8me \u00e9dition du <b>Yacht Med Festival<\/b>, la <i><span style=\"text-decoration: underline;\">Foire International de l\u2019Economie de la Mer <\/span><\/i>qui se tiendra du <b>24 Avril jusqu\u2019au 1\u00b0 Mai 2014 <\/b>\u00e0 GAETA, (ITALIE).<\/p>\n<p>Le <b>Yacht Med Festival 2013<\/b> en chiffre:<\/p>\n<p><b>219.300 \u00a0\u00a0<\/b><i>Visiteurs\u00a0<\/i><br \/>\n<b>28.300 \u00a0\u00a0\u00a0<\/b><i>Op\u00e9rateurs impliqu\u00e9s<br \/>\n<\/i><b>40.000<\/b> \u00a0\u00a0\u00a0m<sup>2 <\/sup><i>Superficie d\u2019exposition<br \/>\n<\/i><b>16 millions d\u2019euro<\/b> de <i>Chiffre d\u2019affaire<\/i><i><br \/>\n<\/i><b>39.400.000 <\/b><i>Readership<\/i> pour les quotidiens, p\u00e9riodiques, information on-line, radio et t\u00e9l\u00e9vision<\/p>\n<p>Compte tenu de l\u2019importance de cet \u00e9v\u00e9nement Euro-M\u00e9diterran\u00e9en, la Chambre Tuniso-Italienne de Commerce et d\u2019Industrie compte vivement soutenir <b>la pr\u00e9sence tunisienne<\/b> \u00e0 travers les diff\u00e9rents volets d\u2019activit\u00e9s ci pr\u00e9sents\u00a0:<\/p>\n<p>&nbsp;<\/p>\n<table border=\"1\" cellspacing=\"0\" cellpadding=\"0\">\n<tbody>\n<tr>\n<td valign=\"top\" width=\"284\">\n<ul>\n<li>La Navigation<\/li>\n<li>Ports Commerciaux et de Plaisance<\/li>\n<li>La Logistique et les Transports<\/li>\n<li>La P\u00eache<\/li>\n<li>L&#8217;\u00e9ducation<\/li>\n<li>L&#8217;Innovation<\/li>\n<li>\u00a0L\u2019\u00c9ditorial<\/li>\n<li>La Musique<\/li>\n<li>L\u2019Agro-Alimentaire<\/li>\n<li>L&#8217;Artisanat<\/li>\n<li>L&#8217;Art<\/li>\n<li>La Culture<\/li>\n<li>Le Tourisme<\/li>\n<li>Le Sport<\/li>\n<\/ul>\n<\/td>\n<td valign=\"top\" width=\"288\"><\/td>\n<\/tr>\n<\/tbody>\n<\/table>\n<p>&nbsp;<\/p>\n<p>Le <b>Yacht Med Festival 2014<\/b>, une plateforme valorisant le march\u00e9 m\u00e9diterran\u00e9en du secteur de l\u2019\u00e9conomie de la mer sera l\u2019\u00e9v\u00e9nement par excellence pour <b>solliciter des opportunit\u00e9s d&#8217;affaires<\/b> concr\u00e8tes et des <b>partenariats<\/b> avec des op\u00e9rateurs italiens, <b>faciliter le processus d&#8217;interaction<\/b> et <b>le d\u00e9veloppement de projets communs<\/b>, <b>promouvoir le <i>Made in Tunisia<\/i><\/b> \u00e0 la lumi\u00e8re des accords bilat\u00e9raux d&#8217;\u00e9change avec l&#8217;Italie.<\/p>\n<p>A l\u2019occasion de cette foire, la CTICI en collaboration avec la Chambre de Commerce de Latina et la FIPA Milan va organiser une <b><i>Conf\u00e9rence<\/i><\/b> en faveur de la Tunisie portant sur le th\u00e8me \u00ab\u00a0<b>M\u00e9diterran\u00e9e\u00a0: une mer d\u2019opportunit\u00e9s entre l\u2019Italie et la Nouvelle Tunisie\u00a0<\/b>\u00bb. La Conf\u00e9rence se tiendra <b>le 27 Avril 2014<\/b> <b>\u00e0 11h<\/b> aupr\u00e8s de l\u2019Area Forum.<\/p>\n<p>&nbsp;<\/p>\n<p>La CTICI proc\u00e8dera \u00e0 une <b>s\u00e9lection sur dossier des op\u00e9rateurs<\/b> (soci\u00e9t\u00e9s ou personnes physique) en ligne avec les secteurs d\u2019interventions susmentionn\u00e9s.<\/p>\n<p>Afin de donner suite aux exigences des op\u00e9rateurs et pour assurer une organisation optimale des ressources impliqu\u00e9es, la CTICI met \u00e0 disposition toute une <b>s\u00e9rie de Services<\/b>.<\/p>\n<p><b>Services Offerts<\/b><b><\/b><\/p>\n<p>\u00fc\u00a0 Mise \u00e0 disposition d\u2019un <i>stand <\/i>dans l\u2019espace d\u2019exposition\u00a0;<\/p>\n<p>\u00fc\u00a0 Service de r\u00e9servation du s\u00e9jour dans des h\u00f4tels conventionn\u00e9s\u00a0;<\/p>\n<p>\u00fc\u00a0 Service de r\u00e9servation Vol Rome\/Tunis\/Rome;<\/p>\n<p>\u00fc\u00a0 Organisation, accompagnement des exposants et assistance g\u00e9n\u00e9rale du d\u00e9l\u00e9gu\u00e9 de la CTICI\u00a0;<\/p>\n<p>\u00fc\u00a0 Insertion du logo de l\u2019entreprise sur les affiches expos\u00e9es et en pleine visibilit\u00e9;<\/p>\n<p>\u00fc\u00a0 Service de traduction.<\/p>\n<p><b>Frais de participation\u00a0:<\/b><b><\/b><\/p>\n<p>\u00fc\u00a0 <i>Les frais de participation s\u2019\u00e9l\u00e8vent \u00e0 <b>800 TND<\/b>, avec une remise de <b>20%<\/b> pour les associ\u00e9s de la CTICI\u00a0;<\/i><\/p>\n<p>\u00fc\u00a0 <i>Les entreprises d\u00e9sirant \u00eatre repr\u00e9sent\u00e9es par la CTICI avec un desk personnalis\u00e9 et la promotion tout au cours de la foire de la soci\u00e9t\u00e9 en question de la part de la CTICI, devront r\u00e9gler <b>2000 TND<\/b> de frais de repr\u00e9sentation, avec une remise de <b>20%<\/b> pour les associ\u00e9s.<\/i><\/p>\n<p><b>Sont \u00e0 la charge des participants les couts suivants<\/b>\u00a0:<\/p>\n<p>\u00fc\u00a0 Billet d\u2019avion A\/R aux tarifs pr\u00e9f\u00e9rentiels de la CTICI<\/p>\n<p>\u00fc\u00a0 Transfert<b><span style=\"text-decoration: underline;\"> a\u00e9roport\/h\u00f4tel\/a\u00e9roport\u00a0<\/span><\/b><\/p>\n<p>\u00fc\u00a0 Frais d\u2019h\u00e9bergement<\/p>\n<p><b><span style=\"text-decoration: underline;\">Pour plus de renseignements<\/span><\/b>\u00a0:<\/p>\n<p align=\"center\">\n<p>Visitez le site web de l\u2019\u00e9v\u00e9nement <a href=\"http:\/\/www.yachtmedfestival.com\"><b>www.yachtmedfestival.com<\/b><\/a><\/p>\n<p>Et bien contacter la CTICI\u00a0: <b>Mohamed Ayari: <\/b><a href=\"mailto:mohamed.ayari@ctici.org.tn\"><b>mohamed.ayari@ctici.org.tn<\/b><\/a> (71\u00a0239\u00a0123<\/p>\n","protected":false},"excerpt":{"rendered":"<p>YACHT MED FESTIVAL 2014 24 Avril \u2013 01 Mai 2014 GAETA, ITALIE \u00a0 Nous avons le plaisir de Vous informer que la Chambre Tuniso Italienne de Commerce et d\u2019Industrie\u00a0en collaboration avec la Chambre de Commerce de Latina, organise une d\u00e9l\u00e9gation d\u2019op\u00e9rateurs tunisiens afin de participer \u00e0 la septi\u00e8me \u00e9dition du Yacht Med Festival, la Foire<\/p>\n","protected":false},"author":1,"featured_media":0,"comment_status":"open","ping_status":"open","sticky":false,"template":"","format":"standard","meta":{"footnotes":""},"categories":[14,20,13,40,70],"tags":[],"class_list":["post-7037","post","type-post","status-publish","format-standard","hentry","category-comune-di-formia","category-comune-di-gaeta","category-cronaca","category-sousse-tunisia","category-tunisia"],"_links":{"self":[{"href":"https:\/\/www.ulisseland.com\/journal\/wp-json\/wp\/v2\/posts\/7037","targetHints":{"allow":["GET"]}}],"collection":[{"href":"https:\/\/www.ulisseland.com\/journal\/wp-json\/wp\/v2\/posts"}],"about":[{"href":"https:\/\/www.ulisseland.com\/journal\/wp-json\/wp\/v2\/types\/post"}],"author":[{"embeddable":true,"href":"https:\/\/www.ulisseland.com\/journal\/wp-json\/wp\/v2\/users\/1"}],"replies":[{"embeddable":true,"href":"https:\/\/www.ulisseland.com\/journal\/wp-json\/wp\/v2\/comments?post=7037"}],"version-history":[{"count":1,"href":"https:\/\/www.ulisseland.com\/journal\/wp-json\/wp\/v2\/posts\/7037\/revisions"}],"predecessor-version":[{"id":7038,"href":"https:\/\/www.ulisseland.com\/journal\/wp-json\/wp\/v2\/posts\/7037\/revisions\/7038"}],"wp:attachment":[{"href":"https:\/\/www.ulisseland.com\/journal\/wp-json\/wp\/v2\/media?parent=7037"}],"wp:term":[{"taxonomy":"category","embeddable":true,"href":"https:\/\/www.ulisseland.com\/journal\/wp-json\/wp\/v2\/categories?post=7037"},{"taxonomy":"post_tag","embeddable":true,"href":"https:\/\/www.ulisseland.com\/journal\/wp-json\/wp\/v2\/tags?post=7037"}],"curies":[{"name":"wp","href":"https:\/\/api.w.org\/{rel}","templated":true}]}}