{"id":7000,"date":"2014-03-23T09:50:33","date_gmt":"2014-03-23T08:50:33","guid":{"rendered":"http:\/\/www.ulisseland.com\/journal\/?p=7000"},"modified":"2014-03-23T09:50:33","modified_gmt":"2014-03-23T08:50:33","slug":"formia-il-consiglio-comunale-delibera-la-cittadinanza-onoraria-a-pietro-ingrao","status":"publish","type":"post","link":"https:\/\/www.ulisseland.com\/journal\/formia-il-consiglio-comunale-delibera-la-cittadinanza-onoraria-a-pietro-ingrao\/","title":{"rendered":"FORMIA: Il Consiglio Comunale delibera  la Cittadinanza Onoraria a Pietro Ingrao"},"content":{"rendered":"<p>L\u2019intervento del Sindaco Bartolomeo:<figure id=\"attachment_7001\" aria-describedby=\"caption-attachment-7001\" style=\"width: 150px\" class=\"wp-caption alignleft\"><a href=\"https:\/\/www.ulisseland.com\/journal\/wp-content\/uploads\/2014\/03\/intervento-sindaco-Bartolomeo.jpg\"><img loading=\"lazy\" decoding=\"async\" src=\"https:\/\/www.ulisseland.com\/journal\/wp-content\/uploads\/2014\/03\/intervento-sindaco-Bartolomeo-150x150.jpg\" alt=\"Intervento del Sindaco Bartolomeo\" width=\"150\" height=\"150\" class=\"size-thumbnail wp-image-7001\" srcset=\"https:\/\/www.ulisseland.com\/journal\/wp-content\/uploads\/2014\/03\/intervento-sindaco-Bartolomeo-150x150.jpg 150w, https:\/\/www.ulisseland.com\/journal\/wp-content\/uploads\/2014\/03\/intervento-sindaco-Bartolomeo-50x50.jpg 50w\" sizes=\"auto, (max-width: 150px) 100vw, 150px\" \/><\/a><figcaption id=\"caption-attachment-7001\" class=\"wp-caption-text\">Intervento del Sindaco Bartolomeo<\/figcaption><\/figure><br \/>\nRingrazio tutti i presenti, i nostri ospiti, il sindaco di Lenola, le autorit\u00e0 civili e militari presenti, i presidi del nostro storico liceo classico. Un ringraziamento particolare ai figli di Ingrao, Bruna e Guido, in rappresentanza del padre. Prima del consiglio, mi hanno detto che non appena saputo del consiglio, lui ha detto: \u201cVengo anche io\u201d. Nonostante 10 anni fa abbia nella sua enorme modestia voluto dire che la cittadinanza onoraria non \u00e8 importante ma \u00e8 importante la testimonianza che vi porto della passione che ho, creod che sarebbe con noi con grande gioia. Ringrazio un amico comune, mio e di Pietro, Marrigo Rosato, che attraverso il suo impegno costante e della sua organizzazione, la Confcommercio, si sta molto spendendo per fare in modo che questa provincia, insieme ai comuni di formia, lenola, fondi, roccagorga e gaeta, partecipino a questo arco di festeggiamenti. Dissi allora le stesse parole che direi oggi. Vorrei solo aggiungere una riflessione di carattere pi\u00f9 attuale. <figure id=\"attachment_7002\" aria-describedby=\"caption-attachment-7002\" style=\"width: 300px\" class=\"wp-caption alignright\"><a href=\"https:\/\/www.ulisseland.com\/journal\/wp-content\/uploads\/2014\/03\/Consiglio-comunale-Ingrao.jpg\"><img loading=\"lazy\" decoding=\"async\" src=\"https:\/\/www.ulisseland.com\/journal\/wp-content\/uploads\/2014\/03\/Consiglio-comunale-Ingrao-300x200.jpg\" alt=\"Consiglio comunale per Ingrao\" width=\"300\" height=\"200\" class=\"size-medium wp-image-7002\" srcset=\"https:\/\/www.ulisseland.com\/journal\/wp-content\/uploads\/2014\/03\/Consiglio-comunale-Ingrao-300x200.jpg 300w, https:\/\/www.ulisseland.com\/journal\/wp-content\/uploads\/2014\/03\/Consiglio-comunale-Ingrao.jpg 900w\" sizes=\"auto, (max-width: 300px) 100vw, 300px\" \/><\/a><figcaption id=\"caption-attachment-7002\" class=\"wp-caption-text\">Consiglio comunale per Ingrao<\/figcaption><\/figure><br \/>\nPietro \u00e8 arrivato alla soglia del secolo. E\u2019 un testimone straordinario del \u2018900. Un secolo drammatico, scandito da due guerre mondiali. Quando descriveva i colori della citt\u00e0, le atmosfere, la spiaggia di Vindicio, parlava di Gianola, sono luoghi amati anche oggi da tutti noi. In quelle straordinarie immagini degli anni \u201920 e 30 io pensavo con una certa angoscia cosa si sarebbe scatenato in quella citt\u00e0 di l\u00ec a qualche anno. Quelle immagini di serenit\u00e0 e di pace che trasmettevano quei giardini che finivano a mare, le nostre coste. Le atmosfere, i cieli tersi di questa citt\u00e0. Di l\u00ec a qualche anno la citt\u00e0 sarebbe stata investita da una distruzione pazzesca. Gli eccidi della costarella, di Santa Maria la Noce, i bombardamenti di Piazza Risorgimento, la morte di giovani formiani. Vorrei che questo ricordo fosse sottolienato da noi presenti. Noi siamo in una sala intitolata a Ernesto Ribaud, un giovane che stava organizzando gruppi di resistenza all\u2019oppresione nazista. Fu ucciso nella galleria tra Formia e Gaeta. APPLAUSO. E&#8217; stato un testimone silenzioso. Aveva poco pi\u00f9 di 20 anni. Quest\u2019anno ricorre il 70esimo anniversario della liberazione dall\u2019occupazione nazifascista. Non \u00e8 un cas, \u00e8 un\u2019occasione bella che la cittadinanza a Pietro Ingrao venga nello stesso anno dei 70 anni di liberazione. Quelle idee, quelle intuizioni nate qui nelle stanze di questo palazzo e che hanno poi cos\u00ec fortemente condizionato la sua esistenza sono state le stesse idee che hanno portato il popolo italiano a riprendersi la libert\u00e0 che gli era stata legata. Formia \u00e8 grata ad Ingrao dell\u2019affetto. Noi non dimentichiamo questo suo sentimento. Ho avuto modo di ascoltarlo personalmente. Ricordo una bella serata a casa di Vittorio Foa. Pietro venne con la moglie Laura. Trascorse quasi l\u2019intera serata a parlare di Formia e dell asua giovinezza a Formia. Qui nacque un grande percorso di un\u2019esistenza incredibile che continua ancora. Termino: altri 100 anni caro Pietro di questa vita, grazie per tutto quello che ci hai dato. Per questo chiedo al Consiglio Comunale di votare la cittadinanza onoraria ad Ingrao<br \/>\nIl ricordo di Pietro Ingrao:<br \/>\nHo abitato al primo piano di questo palazzo. Conobbi Formia alla fine degli anni \u201920. Io studiavo a Santa Maria Capua Vetere. Ci trasferimmo a Formia. Mia nonna era molto anziana. Era una donna coraggiosa che aveva sposato un garibaldino. Mio padre da Santa Maria volle avvicinarsi a Lenola per essere pi\u00f9 pronto a soccorrere la mamma se fosse stata a rischio o in pericolo.Vengo qui negli anni \u201920 quando mio padre si era gi\u00e0 insediato come segretario di questo comune.<br \/>\nRicordo la continua presenza del mare. Sul davanzale del Comune, guardavo il mare. Ricordo gli amici. Facevamo lunghe passeggiate, sia andando verso Itri, la strada della tomba di Cicerone, sia andando verso Scauri e il promontorio di Gianola. Allora non c\u2019era nessuno, c\u2019era qualche albero e silenzio. Si facevano dei bagni stupendi. C\u2019era un fiumicello. Fare un bagno in quel fiumicello e poi sdraiarsi sulla spiaggia.. Era stupendo. Ricordo degli inverni smaltati, un sereno straordinario, via Vitruvio quasi vuota, adagiarsi sulla villa comunale, scendere fino a Mola, era una cosa che mi dava una grandissima emozione. <figure id=\"attachment_7003\" aria-describedby=\"caption-attachment-7003\" style=\"width: 300px\" class=\"wp-caption alignleft\"><a href=\"https:\/\/www.ulisseland.com\/journal\/wp-content\/uploads\/2014\/03\/consegna-pergamena-ai-figli-di-Ingrao.jpg\"><img loading=\"lazy\" decoding=\"async\" src=\"https:\/\/www.ulisseland.com\/journal\/wp-content\/uploads\/2014\/03\/consegna-pergamena-ai-figli-di-Ingrao-300x200.jpg\" alt=\"Consegna della pergamena ai figli\" width=\"300\" height=\"200\" class=\"size-medium wp-image-7003\" srcset=\"https:\/\/www.ulisseland.com\/journal\/wp-content\/uploads\/2014\/03\/consegna-pergamena-ai-figli-di-Ingrao-300x200.jpg 300w, https:\/\/www.ulisseland.com\/journal\/wp-content\/uploads\/2014\/03\/consegna-pergamena-ai-figli-di-Ingrao.jpg 871w\" sizes=\"auto, (max-width: 300px) 100vw, 300px\" \/><\/a><figcaption id=\"caption-attachment-7003\" class=\"wp-caption-text\">Consegna della pergamena ai figli<\/figcaption><\/figure><br \/>\nMi piaceva il cinematografo, la letteratura (Leopardi, D\u2019Annunzio). Avevo scoperto qui per conto mio la letteratura degli anni venti, le riviste fiorentine (Solaria), il gruppo cattolico di Firenze del Frontespizio e poi la rivista Circoli di Adriano Grande. Conobbi poi Ungaretti, Montale, Barbaro, i poeti fiorentini. Venni crescendo in una cultura molto legata alla poesia. Mi dispiaceva che a scuola ci si limitava a Manzoni e Carducci. Ebbi coraggio e fui aiutato da amici e coetanei che andavano a scuola con me.<br \/>\nI primi germi dell\u2019antifascismo li ho incontrati nel liceo formiano che non posso dimenticare. Vorrei che la citt\u00e0 di Formia custodisse il ricordo di queste cose. C\u2019erano due professori di filosofia che furono uccisi alle Fosse Ardeatine. Uno era Pio Albertelli. Parlava di Platone e Socrate, poi si fermava e ricominciava la lezione, con una grande autenticit\u00e0. Con lui ho fatto tante volte la passeggiata in via Vitruvio. E\u2019 dalla bocca di Albertelli che ho sentito per la prima volta il nome di Lenin. Scoprivo cos\u00ec il \u2018900. L\u2019altro professore di formazione ancora pi\u00f9 forte era Gioacchino Gesmundo. Era crociano e anarchico, una mescolanza curiosa. Lui ci mise un libro di testo l\u2019estetica di Croce, una cosa di grande audacia. Croce era nemico del Partito. Ci accompagnava in queste passeggiate con grande schiettezza faceva la sua predicazione antifascista. Ricordo anche un\u2019altra insegnante, Rita Alessi. Ci insegnava storia. Ci faceva lezioni anche di italiano. E\u2019 con lei che ho scoperto Dante.<br \/>\nSono stati anni in cui si \u00e8 mescolato la dolcezza dell\u2019adolescenza. Guardavamo il mare dalla villa comunale, oppure il lido della Mola dove c\u2019erano le barche dei pescatori, l\u2019insenatura che sta sotto villa Rubino, sembrava separata dal resto. Formia era bellissima nei mesi che si avvicinavano alla primavera.<br \/>\nRicordo i bagni di Vindicio che era diverso rispetto a quello di Serapo. Vindicio era la calma assoluta, facevamo i tuffi. Era ad un punto tale che la campagna, gli agrumeti si mischiavano con l\u2019azzurro del mare. Non era un mare blu, era azzurro. Leggevamo il giornale, la terza pagina. L\u00ec ho conosciuto la letteratura dell\u2019Europa. Venne poi la crisi del \u201936, la Spagna invasa da fascisti e nazisti. Speravo di diventare un cineasta. Avevamo stretto amicizia con Luchino Visconti, incontrato ad Ischia. Era sorta amicizia e collaborazione, preziosa per noi non solo perch\u00e9 il cinema ci piaceva tanto ma anche perch\u00e9 rappresentava un nuovo linguaggio moderno.<br \/>\nQuesta citt\u00e0 mi ricorda i pomeriggio silenziosi, quel mare che sembrava amico, sembrava chiamarmi, calmo, raramente tumultuoso. In questi luoghi e in questo Liceo, qui ho cominciato a conoscere l\u2019Europa. Questo liceo aveva tanti difetti ma inizi\u00f2 ad aprirmi gli occhi sul continente, sulla tragedia che poi coinvolse il continente e il mondo intero. Fosse solo questo, basterebbe a stringere un legame che non si pu\u00f2 assolutamente cancellare. Io facevo queste scale ogni mattina. Mi alzavo la mattina correndo per arrivare in tempo a scuola.<br \/>\nNon dimentico mai gli errori dell\u2019Unione Sovietica e di Lenin e Stalin. Quanto \u00e8 prezioso quel seme, quel germe che ho conosciuto qui a Formia. Mi ha preparato alla parte pi\u00f9 bella della storia italiana, quella della Resistenza che port\u00f2 alla morte quei due professori che a scuola mi avevano aperto le porte della politica.<br \/>\nIl Liceo \u00e8 stato luogo di formazione, tappa nella mia vita, costruzione di una fede civile. <\/p>\n<p>Il Direttore Dott. Sergio Monforte<\/p>\n","protected":false},"excerpt":{"rendered":"<p>L\u2019intervento del Sindaco Bartolomeo: Ringrazio tutti i presenti, i nostri ospiti, il sindaco di Lenola, le autorit\u00e0 civili e militari presenti, i presidi del nostro storico liceo classico. Un ringraziamento particolare ai figli di Ingrao, Bruna e Guido, in rappresentanza del padre. Prima del consiglio, mi hanno detto che non appena saputo del consiglio, lui<\/p>\n","protected":false},"author":1,"featured_media":0,"comment_status":"open","ping_status":"open","sticky":false,"template":"","format":"standard","meta":{"footnotes":""},"categories":[1],"tags":[],"class_list":["post-7000","post","type-post","status-publish","format-standard","hentry","category-senza-categoria"],"_links":{"self":[{"href":"https:\/\/www.ulisseland.com\/journal\/wp-json\/wp\/v2\/posts\/7000","targetHints":{"allow":["GET"]}}],"collection":[{"href":"https:\/\/www.ulisseland.com\/journal\/wp-json\/wp\/v2\/posts"}],"about":[{"href":"https:\/\/www.ulisseland.com\/journal\/wp-json\/wp\/v2\/types\/post"}],"author":[{"embeddable":true,"href":"https:\/\/www.ulisseland.com\/journal\/wp-json\/wp\/v2\/users\/1"}],"replies":[{"embeddable":true,"href":"https:\/\/www.ulisseland.com\/journal\/wp-json\/wp\/v2\/comments?post=7000"}],"version-history":[{"count":1,"href":"https:\/\/www.ulisseland.com\/journal\/wp-json\/wp\/v2\/posts\/7000\/revisions"}],"predecessor-version":[{"id":7004,"href":"https:\/\/www.ulisseland.com\/journal\/wp-json\/wp\/v2\/posts\/7000\/revisions\/7004"}],"wp:attachment":[{"href":"https:\/\/www.ulisseland.com\/journal\/wp-json\/wp\/v2\/media?parent=7000"}],"wp:term":[{"taxonomy":"category","embeddable":true,"href":"https:\/\/www.ulisseland.com\/journal\/wp-json\/wp\/v2\/categories?post=7000"},{"taxonomy":"post_tag","embeddable":true,"href":"https:\/\/www.ulisseland.com\/journal\/wp-json\/wp\/v2\/tags?post=7000"}],"curies":[{"name":"wp","href":"https:\/\/api.w.org\/{rel}","templated":true}]}}