{"id":6989,"date":"2014-03-23T09:30:53","date_gmt":"2014-03-23T08:30:53","guid":{"rendered":"http:\/\/www.ulisseland.com\/journal\/?p=6989"},"modified":"2014-03-23T09:30:53","modified_gmt":"2014-03-23T08:30:53","slug":"ponza-le-bellezze-dellarcipelago-ponziano-alla-mitt-di-mosca","status":"publish","type":"post","link":"https:\/\/www.ulisseland.com\/journal\/ponza-le-bellezze-dellarcipelago-ponziano-alla-mitt-di-mosca\/","title":{"rendered":"PONZA: Le bellezze dell\u2019arcipelago ponziano alla Mitt di Mosca"},"content":{"rendered":"<p><figure id=\"attachment_6990\" aria-describedby=\"caption-attachment-6990\" style=\"width: 300px\" class=\"wp-caption alignright\"><a href=\"https:\/\/www.ulisseland.com\/journal\/wp-content\/uploads\/2014\/03\/Ponza-Le-Forna.jpg\"><img loading=\"lazy\" decoding=\"async\" src=\"https:\/\/www.ulisseland.com\/journal\/wp-content\/uploads\/2014\/03\/Ponza-Le-Forna-300x225.jpg\" alt=\"Ponza Le Forna\" width=\"300\" height=\"225\" class=\"size-medium wp-image-6990\" srcset=\"https:\/\/www.ulisseland.com\/journal\/wp-content\/uploads\/2014\/03\/Ponza-Le-Forna-300x225.jpg 300w, https:\/\/www.ulisseland.com\/journal\/wp-content\/uploads\/2014\/03\/Ponza-Le-Forna.jpg 660w\" sizes=\"auto, (max-width: 300px) 100vw, 300px\" \/><\/a><figcaption id=\"caption-attachment-6990\" class=\"wp-caption-text\">Ponza Le Forna<\/figcaption><\/figure><figure id=\"attachment_6991\" aria-describedby=\"caption-attachment-6991\" style=\"width: 300px\" class=\"wp-caption alignright\"><a href=\"https:\/\/www.ulisseland.com\/journal\/wp-content\/uploads\/2014\/03\/Ponza-panorama.png\"><img loading=\"lazy\" decoding=\"async\" src=\"https:\/\/www.ulisseland.com\/journal\/wp-content\/uploads\/2014\/03\/Ponza-panorama-300x184.png\" alt=\"Ponza Porto panorama\" width=\"300\" height=\"184\" class=\"size-medium wp-image-6991\" srcset=\"https:\/\/www.ulisseland.com\/journal\/wp-content\/uploads\/2014\/03\/Ponza-panorama-300x184.png 300w, https:\/\/www.ulisseland.com\/journal\/wp-content\/uploads\/2014\/03\/Ponza-panorama.png 658w\" sizes=\"auto, (max-width: 300px) 100vw, 300px\" \/><\/a><figcaption id=\"caption-attachment-6991\" class=\"wp-caption-text\">Ponza Porto panorama<\/figcaption><\/figure><br \/>\nIl delegato al turismo del Comune di Ponza Maurizio Musella presenter\u00e0 l&#8217;isola di Ponza alla stampa russa in una conferenza stampa, che si terr\u00e0 in occasione della fiera internazionale del turismo MITT di Mosca, presso lo stand ITALIA e si rivolger\u00e0 ad un un gruppo selezionato di giornalisti e tour operator russi.<br \/>\nOltre al delegato al turismo del Comune di Ponza, interverranno alla conferenza stampa anche la Dott.ssa  Flaminia Santarelli, direttrice dell&#8217;Agenzia Regionale del Turismo del Lazio ed il Dott. Domenico Di Salvo, direttore dell&#8217;Enit di Mosca, che far\u00e0 gli onori di casa<br \/>\nIl delegato al turismo, mentre verranno trasmessi video e fotografie dell&#8217;isola, illustrer\u00e0 gli innumerevoli motivi per recarsi in vacanza a Ponza, evidenziando come si tratti di un&#8217;isola ideale, rispondente a ogni esigenza del turista straniero.<br \/>\nPonza e il suo arcipelago  rappresentano un valore aggiunto per la natura ed il rispetto del turismo sostenibile  che ne fanno un luogo ideale per le famiglie, i single, i giovani e i meno giovani, per gli amanti dei divertimenti notturni e quelli della tranquillit\u00e0, della vela e della subacquea, della storia e delle tradizioni e non da ultimo anche per gli amanti della buona cucina.<br \/>\nAnche in Italia, in occasione della BIT di Milano, Ponza ha scaturito un forte interesse sia dei visitatori che degli operatori nazionali ed internazionali.<br \/>\n La conferenza di Mosca rientra in una specifica campagna di promozione, effettuata dall&#8217;Associazione Isole Ponziane, con il supporto della Comunit\u00e0 Arcipelago delle Isole Ponziane, per il posizionamento del brand Ponza<br \/>\nL&#8217;arcipelago ponziano, grazie a questa campagna, viene promosso ormai da dieci anni sui mercati nord-europei, registrando un considerevole flusso di turisti stranieri. Con il Mitt di Mosca si intende attrarre anche l&#8217;interesse dei mercati extra-europei.<\/p>\n<p>Il Direttore Dr. Sergio Monforte<\/p>\n","protected":false},"excerpt":{"rendered":"<p>Il delegato al turismo del Comune di Ponza Maurizio Musella presenter\u00e0 l&#8217;isola di Ponza alla stampa russa in una conferenza stampa, che si terr\u00e0 in occasione della fiera internazionale del turismo MITT di Mosca, presso lo stand ITALIA e si rivolger\u00e0 ad un un gruppo selezionato di giornalisti e tour operator russi. Oltre al delegato<\/p>\n","protected":false},"author":1,"featured_media":0,"comment_status":"open","ping_status":"open","sticky":false,"template":"","format":"standard","meta":{"footnotes":""},"categories":[18,13,11],"tags":[],"class_list":["post-6989","post","type-post","status-publish","format-standard","hentry","category-comune-di-ponza","category-cronaca","category-enti"],"_links":{"self":[{"href":"https:\/\/www.ulisseland.com\/journal\/wp-json\/wp\/v2\/posts\/6989","targetHints":{"allow":["GET"]}}],"collection":[{"href":"https:\/\/www.ulisseland.com\/journal\/wp-json\/wp\/v2\/posts"}],"about":[{"href":"https:\/\/www.ulisseland.com\/journal\/wp-json\/wp\/v2\/types\/post"}],"author":[{"embeddable":true,"href":"https:\/\/www.ulisseland.com\/journal\/wp-json\/wp\/v2\/users\/1"}],"replies":[{"embeddable":true,"href":"https:\/\/www.ulisseland.com\/journal\/wp-json\/wp\/v2\/comments?post=6989"}],"version-history":[{"count":1,"href":"https:\/\/www.ulisseland.com\/journal\/wp-json\/wp\/v2\/posts\/6989\/revisions"}],"predecessor-version":[{"id":6992,"href":"https:\/\/www.ulisseland.com\/journal\/wp-json\/wp\/v2\/posts\/6989\/revisions\/6992"}],"wp:attachment":[{"href":"https:\/\/www.ulisseland.com\/journal\/wp-json\/wp\/v2\/media?parent=6989"}],"wp:term":[{"taxonomy":"category","embeddable":true,"href":"https:\/\/www.ulisseland.com\/journal\/wp-json\/wp\/v2\/categories?post=6989"},{"taxonomy":"post_tag","embeddable":true,"href":"https:\/\/www.ulisseland.com\/journal\/wp-json\/wp\/v2\/tags?post=6989"}],"curies":[{"name":"wp","href":"https:\/\/api.w.org\/{rel}","templated":true}]}}