{"id":6977,"date":"2014-03-23T09:08:48","date_gmt":"2014-03-23T08:08:48","guid":{"rendered":"http:\/\/www.ulisseland.com\/journal\/?p=6977"},"modified":"2014-03-23T09:10:31","modified_gmt":"2014-03-23T08:10:31","slug":"gaeta-al-via-la-riqualificazione-di-villa-traniello","status":"publish","type":"post","link":"https:\/\/www.ulisseland.com\/journal\/gaeta-al-via-la-riqualificazione-di-villa-traniello\/","title":{"rendered":"GAETA: al via la riqualificazione di villa Traniello"},"content":{"rendered":"<figure id=\"attachment_6978\" aria-describedby=\"caption-attachment-6978\" style=\"width: 300px\" class=\"wp-caption alignright\"><a href=\"https:\/\/www.ulisseland.com\/journal\/wp-content\/uploads\/2014\/03\/villa_traniello_gaeta.jpg\"><img loading=\"lazy\" decoding=\"async\" src=\"https:\/\/www.ulisseland.com\/journal\/wp-content\/uploads\/2014\/03\/villa_traniello_gaeta-300x225.jpg\" alt=\"Villa Traniello - Gaeta\" width=\"300\" height=\"225\" class=\"size-medium wp-image-6978\" srcset=\"https:\/\/www.ulisseland.com\/journal\/wp-content\/uploads\/2014\/03\/villa_traniello_gaeta-300x225.jpg 300w, https:\/\/www.ulisseland.com\/journal\/wp-content\/uploads\/2014\/03\/villa_traniello_gaeta.jpg 504w\" sizes=\"auto, (max-width: 300px) 100vw, 300px\" \/><\/a><figcaption id=\"caption-attachment-6978\" class=\"wp-caption-text\">Villa Traniello &#8211; Gaeta<\/figcaption><\/figure>\n<p>Continua la serie di interventi per riqualificare alcune zone degradate della citt\u00e0 di Gaeta. In settimana, si \u00e8 aperto il cantiere a Piazza Traniello dove saranno effettuati lavori di adeguamento normativo, di riqualificazione e manutenzione del verde alla villetta comunale che sar\u00e0 anche protetta da una recinzione per motivi di sicurezza e di tutela del patrimonio pubblico. Un intervento tanto atteso e fortemente voluto dal sindaco Cosmo Mitrano che si sta adoperando, con la sua amministrazione, per cambiare volto alla citt\u00e0 attraverso opere di riqualificazione che contribuiscano a rilanciare l&#8217;economia cittadina ed a migliorare la vivibilit\u00e0.<br \/>\n\u00abLa riqualificazione di Villa Traniello &#8211; afferma il sindaco Mitrano &#8211; dar\u00e0 un forte impulso alla rivitalizzazione del quartiere medievale, che riveste una importanza fondamentale per la citt\u00e0 non solo sul piano urbanistico, ma anche sul piano del valore artistico-monumentale, storico, ambientale, commerciale, turistico e di aggregazione sociale\u00bb. E aggiunge che \u00absu progetto elaborato dagli uffici tecnici comunali, sono stati impegnati 425.000 euro per la realizzazione dell&#8217;opera che rappresenta un importante polo di attrazione per i cittadini ed i visitatori\u00bb.<br \/>\n\u00c8 dal 1969 che non si effettuano significatiti lavori di manutenzione straordinaria nella Villa che prende il nome dal generale gaetano Vincenzo Traniello il quale ha voluto che fosse realizzato proprio in quello spazio antistante il mare a lui dedicato il pi\u00f9 importante monumento ai caduti della intera citt\u00e0 risalente al 1928 e intorno al quale \u00e8 nata Villa Traniello. Dunque, la rinomata Villa Traniello ritorner\u00e0 agli antichi splendori e riaprir\u00e0 i battenti al pubblico entro l&#8217;estate prossima.<br \/>\nL&#8217;assessore ai Lavori pubblici Cristian Leccese annuncia che nel restyling \u00e8 prevista un&#8217;area dedicata ai bambini: \u00abposizionata non pi\u00f9 tra le aiuole, ma inserita nello spazio fronte mare attualmente cementato, l\u2019area giochi sar\u00e0 adeguatamente attrezzata per il divertimento dei pi\u00f9 piccoli e sar\u00e0 dotata di pavimentazione antitrauma e di nuovi giochi\u00bb. Inoltre, conclude Leccese \u00absar\u00e0 installato anche a Villa Traniello un sistema di videosorveglianza, valido deterrente per scongiurare atti di vandalismo urbano\u00bb.<br \/>\nIl Direttore Dott. Sergio Monforte<\/p>\n","protected":false},"excerpt":{"rendered":"<p>Continua la serie di interventi per riqualificare alcune zone degradate della citt\u00e0 di Gaeta. In settimana, si \u00e8 aperto il cantiere a Piazza Traniello dove saranno effettuati lavori di adeguamento normativo, di riqualificazione e manutenzione del verde alla villetta comunale che sar\u00e0 anche protetta da una recinzione per motivi di sicurezza e di tutela del<\/p>\n","protected":false},"author":1,"featured_media":0,"comment_status":"open","ping_status":"open","sticky":false,"template":"","format":"standard","meta":{"footnotes":""},"categories":[20,13],"tags":[],"class_list":["post-6977","post","type-post","status-publish","format-standard","hentry","category-comune-di-gaeta","category-cronaca"],"_links":{"self":[{"href":"https:\/\/www.ulisseland.com\/journal\/wp-json\/wp\/v2\/posts\/6977","targetHints":{"allow":["GET"]}}],"collection":[{"href":"https:\/\/www.ulisseland.com\/journal\/wp-json\/wp\/v2\/posts"}],"about":[{"href":"https:\/\/www.ulisseland.com\/journal\/wp-json\/wp\/v2\/types\/post"}],"author":[{"embeddable":true,"href":"https:\/\/www.ulisseland.com\/journal\/wp-json\/wp\/v2\/users\/1"}],"replies":[{"embeddable":true,"href":"https:\/\/www.ulisseland.com\/journal\/wp-json\/wp\/v2\/comments?post=6977"}],"version-history":[{"count":2,"href":"https:\/\/www.ulisseland.com\/journal\/wp-json\/wp\/v2\/posts\/6977\/revisions"}],"predecessor-version":[{"id":6980,"href":"https:\/\/www.ulisseland.com\/journal\/wp-json\/wp\/v2\/posts\/6977\/revisions\/6980"}],"wp:attachment":[{"href":"https:\/\/www.ulisseland.com\/journal\/wp-json\/wp\/v2\/media?parent=6977"}],"wp:term":[{"taxonomy":"category","embeddable":true,"href":"https:\/\/www.ulisseland.com\/journal\/wp-json\/wp\/v2\/categories?post=6977"},{"taxonomy":"post_tag","embeddable":true,"href":"https:\/\/www.ulisseland.com\/journal\/wp-json\/wp\/v2\/tags?post=6977"}],"curies":[{"name":"wp","href":"https:\/\/api.w.org\/{rel}","templated":true}]}}