{"id":6878,"date":"2014-02-25T19:01:21","date_gmt":"2014-02-25T18:01:21","guid":{"rendered":"http:\/\/www.ulisseland.com\/journal\/?p=6878"},"modified":"2014-03-28T06:50:26","modified_gmt":"2014-03-28T05:50:26","slug":"6878","status":"publish","type":"post","link":"https:\/\/www.ulisseland.com\/journal\/6878\/","title":{"rendered":"ROMA &#8211; In ricordo  di Massimo Rosati, professore di Sociologia presso l\u2019Universit\u00e0 di Tor Vergata a Roma"},"content":{"rendered":"<p>Per un recente amico<\/p>\n<figure id=\"attachment_6884\" aria-describedby=\"caption-attachment-6884\" style=\"width: 586px\" class=\"wp-caption aligncenter\"><a href=\"https:\/\/www.ulisseland.com\/journal\/wp-content\/uploads\/2014\/02\/Prof-elodia-rossi.jpg\"><img loading=\"lazy\" decoding=\"async\" class=\"size-large wp-image-6884\" alt=\"Massimo Rosati, professore di Sociologia presso l\u2019Universit\u00e0 di Tor Vergata a Roma\" src=\"https:\/\/www.ulisseland.com\/journal\/wp-content\/uploads\/2014\/02\/Prof-elodia-rossi-1024x768.jpg\" width=\"586\" height=\"439\" srcset=\"https:\/\/www.ulisseland.com\/journal\/wp-content\/uploads\/2014\/02\/Prof-elodia-rossi-1024x768.jpg 1024w, https:\/\/www.ulisseland.com\/journal\/wp-content\/uploads\/2014\/02\/Prof-elodia-rossi-300x225.jpg 300w, https:\/\/www.ulisseland.com\/journal\/wp-content\/uploads\/2014\/02\/Prof-elodia-rossi.jpg 1600w\" sizes=\"auto, (max-width: 586px) 100vw, 586px\" \/><\/a><figcaption id=\"caption-attachment-6884\" class=\"wp-caption-text\">Massimo Rosati, professore di Sociologia presso l\u2019Universit\u00e0 di Tor Vergata a Roma<\/figcaption><\/figure>\n<p>In ricordo di Massimo Rosati, professore di Sociologia presso l\u2019Universit\u00e0 di Tor Vergata a Roma<\/p>\n<p>Caro Massimo,<br \/>\nnon ti parlo di futilit\u00e0 di vita, di attimi fuggenti, n\u00e9 di tante altre cose di cui si sa gi\u00e0 molto. N\u00e9 ti parlo a lungodei tuoi immensi meriti di accademico: anche di questo si sa.<br \/>\nVoglio parlarti di loro, delle tue donne. E per farlo, ti racconto una breve storia che nella prima parte conosci molto bene.<br \/>\nIl principio: un cagnolino di soli tre mesi, anzi una cagnolina, tutta bianca e di nome Bianca<a href=\"http:\/\/www.jumpingcastleonsale.com.au\/inflatable-games-c-6.html\">bungee run for sale<\/a>.<br \/>\nIl dopo: un trillo di campanello e mi affacciai. Voi tre: tu, Barbara ed Anna: da me per conoscere Bianca. Ebbi una percezione istantanea: che bella famiglia! Di Barbara notai immediatamente il sorriso, docile, come soltanto chi \u00e8 buono possiede. Di Anna, che dire? Una ragazza giovanissima, bellissima, assai composta. Come quasi mai accade per chi ha la sua ancora tenera et\u00e0. E di te: oltre il cappello che, visto dall\u2019alto, ti copriva il volto, quando sollevasti la testa notai lo sguardo intenso, intelligente, di chi \u00e8 sostenuto dalla scienza e, quindi, da un fervido e perpetuo desiderio di conoscenza.<br \/>\nMai come in quel caso fui contenta, soddisfatta, di affidare un cagnolino con la certezza che sarebbe stato amato. E cos\u00ec \u00e8 avvenuto: Bianca \u00e8 partita con voi, la seconda volta che veniste, per la nuova casa. E Bianca \u00e8 amata.<br \/>\nTutto andava per il meglio. Vi venni a trovare, di l\u00ec a poco. Sono stata benissimo: abbiamo conversato, abbiamo accompagnato Bianca al parco. Devo anche dire che eri un cuoco eccezionale. Tutto molto sereno, tutto che lasciava prospettare nuovi incontri, nuovi confronti, una pi\u00f9 approfondita conoscenza e grande rispetto.<br \/>\nPoi, il trillo del telefono. Risposi. Era Barbara. Mai avrei sospettato una notizia cos\u00ec. Mai l\u2019avrei sospettato. Massimo non c\u2019\u00e8 pi\u00f9. Una specie di doccia fredda, un sussulto. Incredulit\u00e0. Aveva solo 44 anni. Massimo non c\u2019\u00e8 pi\u00f9. E come pu\u00f2 essere, come pu\u00f2 essere accaduto? Barbara al lavoro, Anna a scuola. Solo Bianca lo sa. Bianca era con lui, potesse parlare!<br \/>\nIo credo, io spero, che la presenza di Bianca ti abbia distratto in quel tragico momento e ti abbia aiutato a percepire meno, se mai ne hai avuto il tempo, quello che stava per accadere.<br \/>\nMassimo, mi dispiace moltissimo sapere che una mente cos\u00ec straordinaria, fervida, intelligente, non possa pi\u00f9 regalare a questo mondo sapienza, riflessioni, insegnamenti, dedizione. Ma, Foscolo insegna, il tuo talento alegger\u00e0 per sempre nelle aule della tua Universit\u00e0. Ho letto, sai, le lettere dei tuoi studenti. Ho letto le attenzioni, meste, che ti rivolge il mondo scientifico. E come sempre, c\u2019\u00e8 chi \u00e8 pi\u00f9 acuto, pi\u00f9 espressivo, chi meno; per\u00f2 il coro, nell\u2019insieme, lascia trasparire l\u2019intensit\u00e0 di quello che tu, con la tua libera mente, hai trasmesso alle loro vite. Ho letto. E ho meditato, prima di scrivere queste poche parole. No, non sono io che posso aggiungere altro: molto \u00e8 stato detto. Sicuramente molto ancora verr\u00e0 detto.<br \/>\nAscolta, la vita \u00e8 strana. Ti avevo appena conosciuto, avevo appena conosciuto Barbara ed Anna e, poi, il disastro. E\u2019 inconcepibile, talmente inverosimile, che francamente \u00e8 anche per questo che ho aspettato prima di parlarti. Troppo giovane per morire. Troppo profondo per non essere ancora qui. Ma, sai com\u2019\u00e8 che dice la canzone delle belle cose che vivono un giorno solo? Gi\u00e0, come le rose.<br \/>\nDimenticavo. Ti starai chiedendo perch\u00e9 mi rivolgo a te, adesso e direttamente. Ti rispondo subito. Mi rivolgo a te perch\u00e9, intimamente e laicamente, sto evocando le basi, le fondamenta della scienza. Quella scienza che tu amavi tanto.<br \/>\nSe \u00e8 vero che nulla si crea e nulla si distrugge, allora tu ci sei. E se \u00e8 vero che tutto si trasforma, allora tu ci sei. E se uno dei padri della scienza si \u00e8 fermato su questi concetti, provandoli, dimostrandoli, significa che tu sei qui. Forse ora sei tornato a far parte di quegli elementi che tanto la scienza quanto la filosofia pongono alla base dell\u2019ordine dell\u2019Universo. Forse ora sei terra, forse acqua, aria o fuoco, o forse tutto questo insieme, ma ci sei.Qualunque cosa tu sia, ora sei energia della Natura.<br \/>\nPermettimi dunque di rivolgerti una preghiera. Libera, come il tuo pensiero: intelligente e laico. Per questo, profondamente libero.<br \/>\nMassimo, se oggi sei aria, soffia come brezza e raffresca le calde serate d\u2019estate per Barbara ed Anna. E fa che respirando, sentano ancora il tuo potente alito vitale, a conforto del dolore che \u00e8 nei loro cuori.<br \/>\nSe sei acqua, dissetale quando hanno sete. E scorri nei campi, quando li attraversano, lasciando che il dolce rumore dei rivoli richiami, per loro, la tua voce.<br \/>\nSe sei fuoco, ardi, per riscaldarle quando hanno freddo. E lascia che le decise sfumature d\u2019arancio della fiamma che sale, richiamino la tua forza di padre e compagno di vita.<br \/>\nSe sei terra, accogli i loro passi e fa che siano leggeri, senza fatica, senza dolore.<br \/>\nQuella forza che avevi dentro e che muoveva il tuo essere vitale, c\u2019\u00e8. Fa che le donne della tua vita, Barbara ed Anna, la vedano, la sentano, la vivano per sempre. In qualsiasi modo tu voglia.<br \/>\nUn altro caro amico, anch\u2019egli sparito, anch\u2019egli intelligente e laico, acuto letterato, una volta mi disse: vedrai che, col tempo, il dolore si trasformer\u00e0 in ricordo soave, perch\u00e9 soave \u00e8 il ricordo di una madre buona. Allora moriva mia madre.<br \/>\nAllo stesso modo e rubando queste parole, voglio dire alla piccola Anna: Ti capisco, sai. Capisco cosa vuol dire perdere presto il padre. \u00c8 un sentimento che la vita ha riservato anche a me. Per\u00f2, vedrai che, col tempo, il dolore si trasformer\u00e0 in ricordo soave, perch\u00e9 soave \u00e8 il ricordo di un padre buono. E vedrai che cos\u00ec il tuo futuro sar\u00e0 sereno e le tue scelte saranno sempre guidate dalla mamma e da quel pap\u00e0 che oggi \u00e8 acqua, o aria, o fuoco, o terra, o tutto questo insieme. E tu crescerai, piccola Anna, gi\u00e0 un pochino donna, felice d\u2019essere nata in una famiglia magnifica.<br \/>\nCiao, Massimo.<br \/>\nElodia Rossi<\/p>\n","protected":false},"excerpt":{"rendered":"<p>Per un recente amico In ricordo di Massimo Rosati, professore di Sociologia presso l\u2019Universit\u00e0 di Tor Vergata a Roma Caro Massimo, non ti parlo di futilit\u00e0 di vita, di attimi fuggenti, n\u00e9 di tante altre cose di cui si sa gi\u00e0 molto. N\u00e9 ti parlo a lungodei tuoi immensi meriti di accademico: anche di questo<\/p>\n","protected":false},"author":1,"featured_media":0,"comment_status":"open","ping_status":"open","sticky":false,"template":"","format":"standard","meta":{"footnotes":""},"categories":[37,10,69,1],"tags":[],"class_list":["post-6878","post","type-post","status-publish","format-standard","hentry","category-comune-di-ss-cosma-e-damiano","category-editoriale","category-rm","category-senza-categoria"],"_links":{"self":[{"href":"https:\/\/www.ulisseland.com\/journal\/wp-json\/wp\/v2\/posts\/6878","targetHints":{"allow":["GET"]}}],"collection":[{"href":"https:\/\/www.ulisseland.com\/journal\/wp-json\/wp\/v2\/posts"}],"about":[{"href":"https:\/\/www.ulisseland.com\/journal\/wp-json\/wp\/v2\/types\/post"}],"author":[{"embeddable":true,"href":"https:\/\/www.ulisseland.com\/journal\/wp-json\/wp\/v2\/users\/1"}],"replies":[{"embeddable":true,"href":"https:\/\/www.ulisseland.com\/journal\/wp-json\/wp\/v2\/comments?post=6878"}],"version-history":[{"count":9,"href":"https:\/\/www.ulisseland.com\/journal\/wp-json\/wp\/v2\/posts\/6878\/revisions"}],"predecessor-version":[{"id":6883,"href":"https:\/\/www.ulisseland.com\/journal\/wp-json\/wp\/v2\/posts\/6878\/revisions\/6883"}],"wp:attachment":[{"href":"https:\/\/www.ulisseland.com\/journal\/wp-json\/wp\/v2\/media?parent=6878"}],"wp:term":[{"taxonomy":"category","embeddable":true,"href":"https:\/\/www.ulisseland.com\/journal\/wp-json\/wp\/v2\/categories?post=6878"},{"taxonomy":"post_tag","embeddable":true,"href":"https:\/\/www.ulisseland.com\/journal\/wp-json\/wp\/v2\/tags?post=6878"}],"curies":[{"name":"wp","href":"https:\/\/api.w.org\/{rel}","templated":true}]}}