{"id":6868,"date":"2014-02-22T19:34:30","date_gmt":"2014-02-22T18:34:30","guid":{"rendered":"http:\/\/www.ulisseland.com\/journal\/?p=6868"},"modified":"2014-02-22T19:34:30","modified_gmt":"2014-02-22T18:34:30","slug":"formia-il-torpedino-comunicato-stampa","status":"publish","type":"post","link":"https:\/\/www.ulisseland.com\/journal\/formia-il-torpedino-comunicato-stampa\/","title":{"rendered":"FORMIA \u2013 IL TORPEDINO -COMUNICATO    STAMPA"},"content":{"rendered":"<figure id=\"attachment_6869\" aria-describedby=\"caption-attachment-6869\" style=\"width: 150px\" class=\"wp-caption alignright\"><a href=\"https:\/\/www.ulisseland.com\/journal\/wp-content\/uploads\/2014\/02\/Torpedino2.jpg\"><img loading=\"lazy\" decoding=\"async\" src=\"https:\/\/www.ulisseland.com\/journal\/wp-content\/uploads\/2014\/02\/Torpedino2-150x150.jpg\" alt=\"POMODORO - Il Torpedino\" width=\"150\" height=\"150\" class=\"size-thumbnail wp-image-6869\" srcset=\"https:\/\/www.ulisseland.com\/journal\/wp-content\/uploads\/2014\/02\/Torpedino2-150x150.jpg 150w, https:\/\/www.ulisseland.com\/journal\/wp-content\/uploads\/2014\/02\/Torpedino2-50x50.jpg 50w\" sizes=\"auto, (max-width: 150px) 100vw, 150px\" \/><\/a><figcaption id=\"caption-attachment-6869\" class=\"wp-caption-text\">POMODORO &#8211; Il Torpedino<\/figcaption><\/figure>\n<p><a href=\"https:\/\/www.ulisseland.com\/journal\/wp-content\/uploads\/2014\/02\/Torpedino1.jpg\"><img loading=\"lazy\" decoding=\"async\" src=\"https:\/\/www.ulisseland.com\/journal\/wp-content\/uploads\/2014\/02\/Torpedino1-225x300.jpg\" alt=\"Torpedino1\" width=\"225\" height=\"300\" class=\"alignright size-medium wp-image-6870\" srcset=\"https:\/\/www.ulisseland.com\/journal\/wp-content\/uploads\/2014\/02\/Torpedino1-225x300.jpg 225w, https:\/\/www.ulisseland.com\/journal\/wp-content\/uploads\/2014\/02\/Torpedino1.jpg 429w\" sizes=\"auto, (max-width: 225px) 100vw, 225px\" \/><\/a><br \/>\nAlle gi\u00e0 note eccellenze agroalimentari del sud pontino si \u00e8 aggiunto, da poco tempo, un altro prodotto: il \u201cTorpedino\u201d, un pomodoro di piccola taglia, di forma allungata, non geneticamente modificato, appartenente alla categoria dei mini San Marzano e caratterizzato da un sapore intenso, ma delicato, con decise note aromatiche ed un equilibrato rapporto fra dolcezza ed acidit\u00e0.<br \/>\nIl Torpedino, a livello di sperimentazione e coltivazione, nasce in Sicilia nel 2007, precisamente ad Ispica nel ragusano e dal 2011 viene prodotto dagli agricoltori della piana di Fondi-Sperlonga, i quali, entusiasti delle sue qualit\u00e0, hanno aderito al progetto della societ\u00e0 fondana \u201cMafalda Srl.\u201d, delegandole le attivit\u00e0 di coordinamento, confezionamento e commercializzazione.<br \/>\nProprio all\u2019insegna del Torpedino, nella serata di venerd\u00ec 28 Febbraio, presso il ristorante Chinappi di Formia (in via Lavanga), aderente al \u201cCircolo della Buona Tavola\u201d, avr\u00e0 luogo una cena con un singolare men\u00f9-degustazione incentrato su questo pomodoro di ultima generazione e sulle sue particolari propriet\u00e0 nutritive.<br \/>\nSar\u00e0 certamente una serata di alta gastronomia, consona, del resto, alla \u201cFamiglia Chinappi\u201d, che vedr\u00e0 coniugati gusto, salute e cultura ed infatti, oltre alla possibilit\u00e0 di poter degustare il Torpedino sia a crudo, che a cotto ed in combinazione con altri ingredienti tipici della tradizionale cucina formiana, nel corso dell\u2019incontro, il prof. Angelo Nocca intratterr\u00e0 i graditi ospiti illustrando le sue molteplici qualit\u00e0 salutistiche.<\/p>\n<p>Men\u00f9 di Gala  &#8211;  \u20ac. 40,00 for person<\/p>\n<p>Benvenuto con spicchi di pizza al Torpedino rosso di Fondi con ciliegina di bufala e Torpedino fritto con olive di Gaeta all`origano; <\/p>\n<p>Mazzancolle di Formia al vapore con confettura di Torpedino verde<br \/>\nabbinato al Pinot Bianco di Cormons; <\/p>\n<p>Filetto di ricciola in crosta di taralli e Torpedino rosso con terrina di patate gialla e viola; <\/p>\n<p>Spaghetto-one &#8220;Gentile&#8221; al Torpedino rosso; <\/p>\n<p>Spaghetto nero di &#8220;Verrigni&#8221; con calamaretto e Torpedino verde<br \/>\nabbinato al Friulano &#8220;Cormons&#8221;; <\/p>\n<p>Tiramis\u00f9 all`arancia bionda di Fondi.<br \/>\nIl Direttore Dott. Sergio Monforte<\/p>\n","protected":false},"excerpt":{"rendered":"<p>Alle gi\u00e0 note eccellenze agroalimentari del sud pontino si \u00e8 aggiunto, da poco tempo, un altro prodotto: il \u201cTorpedino\u201d, un pomodoro di piccola taglia, di forma allungata, non geneticamente modificato, appartenente alla categoria dei mini San Marzano e caratterizzato da un sapore intenso, ma delicato, con decise note aromatiche ed un equilibrato rapporto fra dolcezza<\/p>\n","protected":false},"author":1,"featured_media":0,"comment_status":"open","ping_status":"open","sticky":false,"template":"","format":"standard","meta":{"footnotes":""},"categories":[14],"tags":[],"class_list":["post-6868","post","type-post","status-publish","format-standard","hentry","category-comune-di-formia"],"_links":{"self":[{"href":"https:\/\/www.ulisseland.com\/journal\/wp-json\/wp\/v2\/posts\/6868","targetHints":{"allow":["GET"]}}],"collection":[{"href":"https:\/\/www.ulisseland.com\/journal\/wp-json\/wp\/v2\/posts"}],"about":[{"href":"https:\/\/www.ulisseland.com\/journal\/wp-json\/wp\/v2\/types\/post"}],"author":[{"embeddable":true,"href":"https:\/\/www.ulisseland.com\/journal\/wp-json\/wp\/v2\/users\/1"}],"replies":[{"embeddable":true,"href":"https:\/\/www.ulisseland.com\/journal\/wp-json\/wp\/v2\/comments?post=6868"}],"version-history":[{"count":1,"href":"https:\/\/www.ulisseland.com\/journal\/wp-json\/wp\/v2\/posts\/6868\/revisions"}],"predecessor-version":[{"id":6871,"href":"https:\/\/www.ulisseland.com\/journal\/wp-json\/wp\/v2\/posts\/6868\/revisions\/6871"}],"wp:attachment":[{"href":"https:\/\/www.ulisseland.com\/journal\/wp-json\/wp\/v2\/media?parent=6868"}],"wp:term":[{"taxonomy":"category","embeddable":true,"href":"https:\/\/www.ulisseland.com\/journal\/wp-json\/wp\/v2\/categories?post=6868"},{"taxonomy":"post_tag","embeddable":true,"href":"https:\/\/www.ulisseland.com\/journal\/wp-json\/wp\/v2\/tags?post=6868"}],"curies":[{"name":"wp","href":"https:\/\/api.w.org\/{rel}","templated":true}]}}