{"id":6863,"date":"2014-02-22T19:28:33","date_gmt":"2014-02-22T18:28:33","guid":{"rendered":"http:\/\/www.ulisseland.com\/journal\/?p=6863"},"modified":"2014-02-22T19:28:33","modified_gmt":"2014-02-22T18:28:33","slug":"formia-al-caposele-il-centro-federale-velico-ed-un-parco-archeologico","status":"publish","type":"post","link":"https:\/\/www.ulisseland.com\/journal\/formia-al-caposele-il-centro-federale-velico-ed-un-parco-archeologico\/","title":{"rendered":"FORMIA: Al Caposele il Centro Federale Velico  ed un parco archeologico"},"content":{"rendered":"<p><figure id=\"attachment_6864\" aria-describedby=\"caption-attachment-6864\" style=\"width: 225px\" class=\"wp-caption alignright\"><a href=\"https:\/\/www.ulisseland.com\/journal\/wp-content\/uploads\/2014\/02\/Assessore-Giuseppe-Masiello.jpg\"><img loading=\"lazy\" decoding=\"async\" src=\"https:\/\/www.ulisseland.com\/journal\/wp-content\/uploads\/2014\/02\/Assessore-Giuseppe-Masiello-225x300.jpg\" alt=\"Assessore Giuseppe Masiello\" width=\"225\" height=\"300\" class=\"size-medium wp-image-6864\" srcset=\"https:\/\/www.ulisseland.com\/journal\/wp-content\/uploads\/2014\/02\/Assessore-Giuseppe-Masiello-225x300.jpg 225w, https:\/\/www.ulisseland.com\/journal\/wp-content\/uploads\/2014\/02\/Assessore-Giuseppe-Masiello.jpg 612w\" sizes=\"auto, (max-width: 225px) 100vw, 225px\" \/><\/a><figcaption id=\"caption-attachment-6864\" class=\"wp-caption-text\">Assessore Giuseppe Masiello<\/figcaption><\/figure><br \/>\n I lavori di scavo non sono ancora conclusi ma una cosa \u00e8 chiara da tempo: l\u2019area dei Criptoportici di Caposele nasconde un patrimonio archeologico di straordinario valore. Sul fianco dello scavo sorge l\u2019ex campo da tennis che \u00e8 di propriet\u00e0 del Comune. Nello scorso aprile il terreno \u00e8 stato dato in gestione alla Federazione Italiana Vela, in esecuzione del protocollo d\u2019intesa firmato nel 2010. L\u00ec sarebbe dovuto sorgere il nuovo centro federale. Le scoperte degli ultimi mesi hanno per\u00f2 cambiato gli scenari. Vista la prospettiva di allargare lo scavo all\u2019ex campo da tennis e fare dell\u2019area un vero e proprio parco archeologico collegato agli altri resti romani rinvenuti a ridosso dell\u2019ex distretto sanitario, l\u2019amministrazione comunale ha infatti optato per una nuova localizzazione.<a href=\"https:\/\/www.ulisseland.com\/journal\/wp-content\/uploads\/2014\/02\/scavo-pi\u00f9-ex-campo-da-tennis-e-piazzale-parcheggio-sullo-sfondo.jpg\"><img loading=\"lazy\" decoding=\"async\" src=\"https:\/\/www.ulisseland.com\/journal\/wp-content\/uploads\/2014\/02\/scavo-pi\u00f9-ex-campo-da-tennis-e-piazzale-parcheggio-sullo-sfondo-300x168.jpg\" alt=\"scavo pi\u00f9 ex campo da tennis e piazzale parcheggio sullo sfondo\" width=\"300\" height=\"168\" class=\"alignright size-medium wp-image-6866\" srcset=\"https:\/\/www.ulisseland.com\/journal\/wp-content\/uploads\/2014\/02\/scavo-pi\u00f9-ex-campo-da-tennis-e-piazzale-parcheggio-sullo-sfondo-300x168.jpg 300w, https:\/\/www.ulisseland.com\/journal\/wp-content\/uploads\/2014\/02\/scavo-pi\u00f9-ex-campo-da-tennis-e-piazzale-parcheggio-sullo-sfondo-1024x575.jpg 1024w\" sizes=\"auto, (max-width: 300px) 100vw, 300px\" \/><\/a><\/p>\n<p><figure id=\"attachment_6865\" aria-describedby=\"caption-attachment-6865\" style=\"width: 300px\" class=\"wp-caption alignright\"><a href=\"https:\/\/www.ulisseland.com\/journal\/wp-content\/uploads\/2014\/02\/scavo-caposele.jpg\"><img loading=\"lazy\" decoding=\"async\" src=\"https:\/\/www.ulisseland.com\/journal\/wp-content\/uploads\/2014\/02\/scavo-caposele-300x168.jpg\" alt=\"Scavo Caposele\" width=\"300\" height=\"168\" class=\"size-medium wp-image-6865\" srcset=\"https:\/\/www.ulisseland.com\/journal\/wp-content\/uploads\/2014\/02\/scavo-caposele-300x168.jpg 300w, https:\/\/www.ulisseland.com\/journal\/wp-content\/uploads\/2014\/02\/scavo-caposele-1024x575.jpg 1024w\" sizes=\"auto, (max-width: 300px) 100vw, 300px\" \/><\/a><figcaption id=\"caption-attachment-6865\" class=\"wp-caption-text\">Scavo Caposele<\/figcaption><\/figure><br \/>\nLa decisione \u00e8 nella delibera votata questa mattina dalla giunta comunale su proposta del settore Urbanistica. Il centro Fiv si sposter\u00e0 di poche decine di metri e andr\u00e0 ad occupare una porzione del parcheggio di Caposele. 715 metri quadri, lato porticciolo, con struttura amovibile a carico della Federazione Italiana Vela e specchio d\u2019acqua in concessione, contiguo allo scalo d\u2019alaggio del porticciolo.<br \/>\n\u201cSi tratta di un programma sperimentale &#8211; sottolinea l\u2019assessore all\u2019Urbanistica Giuseppe Masiello -. La Fiv produrr\u00e0 la documentazione tecnica relativa al manufatto da installare e il Comune penser\u00e0 a predisporre gli atti necessari affinch\u00e9 il progetto definitivo venga sottoposto al voto del Consiglio Comunale. La Vela \u00e8 una risorsa per Formia e la nuova localizzazione risponde appieno alle esigenze logistiche e sportive del centro federale. Annuncio anzi che siamo in procinto di stipulare un nuovo protocollo d\u2019intesa per insediare a Formia il centro federale nazionale di preparazione pre-olimpica della vela. Il sito dell\u2019ex campo da tennis sar\u00e0 invece sottoposto a scavo. Siamo convinti, d\u2019intesa con la Soprintendenza, che l\u2019area ci restituir\u00e0 nuove e clamorose scoperte archeologiche che andranno ad aggiungersi alle tante altre che insistono sull\u2019area di Caposele. Questo \u00e8 il tesoro di Formia \u2013 conclude \u2013 e noi vogliamo tutelarlo fino in fondo\u201d. <\/p>\n<p>Il Direttore Dott. Sergio Monforte<\/p>\n","protected":false},"excerpt":{"rendered":"<p>I lavori di scavo non sono ancora conclusi ma una cosa \u00e8 chiara da tempo: l\u2019area dei Criptoportici di Caposele nasconde un patrimonio archeologico di straordinario valore. Sul fianco dello scavo sorge l\u2019ex campo da tennis che \u00e8 di propriet\u00e0 del Comune. Nello scorso aprile il terreno \u00e8 stato dato in gestione alla Federazione Italiana<\/p>\n","protected":false},"author":1,"featured_media":0,"comment_status":"open","ping_status":"open","sticky":false,"template":"","format":"standard","meta":{"footnotes":""},"categories":[14],"tags":[],"class_list":["post-6863","post","type-post","status-publish","format-standard","hentry","category-comune-di-formia"],"_links":{"self":[{"href":"https:\/\/www.ulisseland.com\/journal\/wp-json\/wp\/v2\/posts\/6863","targetHints":{"allow":["GET"]}}],"collection":[{"href":"https:\/\/www.ulisseland.com\/journal\/wp-json\/wp\/v2\/posts"}],"about":[{"href":"https:\/\/www.ulisseland.com\/journal\/wp-json\/wp\/v2\/types\/post"}],"author":[{"embeddable":true,"href":"https:\/\/www.ulisseland.com\/journal\/wp-json\/wp\/v2\/users\/1"}],"replies":[{"embeddable":true,"href":"https:\/\/www.ulisseland.com\/journal\/wp-json\/wp\/v2\/comments?post=6863"}],"version-history":[{"count":1,"href":"https:\/\/www.ulisseland.com\/journal\/wp-json\/wp\/v2\/posts\/6863\/revisions"}],"predecessor-version":[{"id":6867,"href":"https:\/\/www.ulisseland.com\/journal\/wp-json\/wp\/v2\/posts\/6863\/revisions\/6867"}],"wp:attachment":[{"href":"https:\/\/www.ulisseland.com\/journal\/wp-json\/wp\/v2\/media?parent=6863"}],"wp:term":[{"taxonomy":"category","embeddable":true,"href":"https:\/\/www.ulisseland.com\/journal\/wp-json\/wp\/v2\/categories?post=6863"},{"taxonomy":"post_tag","embeddable":true,"href":"https:\/\/www.ulisseland.com\/journal\/wp-json\/wp\/v2\/tags?post=6863"}],"curies":[{"name":"wp","href":"https:\/\/api.w.org\/{rel}","templated":true}]}}