{"id":6859,"date":"2014-02-21T14:03:10","date_gmt":"2014-02-21T13:03:10","guid":{"rendered":"http:\/\/www.ulisseland.com\/journal\/?p=6859"},"modified":"2014-02-21T14:03:10","modified_gmt":"2014-02-21T13:03:10","slug":"formia-le-critiche-di-francesco-carta-al-sistema-di-soccorso-sanitario","status":"publish","type":"post","link":"https:\/\/www.ulisseland.com\/journal\/formia-le-critiche-di-francesco-carta-al-sistema-di-soccorso-sanitario\/","title":{"rendered":"FORMIA: Le critiche di Francesco Carta al sistema di soccorso sanitario"},"content":{"rendered":"<p><figure id=\"attachment_6860\" aria-describedby=\"caption-attachment-6860\" style=\"width: 300px\" class=\"wp-caption alignright\"><a href=\"https:\/\/www.ulisseland.com\/journal\/wp-content\/uploads\/2014\/02\/ambulanza-118-m.jpg\"><img loading=\"lazy\" decoding=\"async\" src=\"https:\/\/www.ulisseland.com\/journal\/wp-content\/uploads\/2014\/02\/ambulanza-118-m-300x199.jpg\" alt=\"mbulanza 118\" width=\"300\" height=\"199\" class=\"size-medium wp-image-6860\" srcset=\"https:\/\/www.ulisseland.com\/journal\/wp-content\/uploads\/2014\/02\/ambulanza-118-m-300x199.jpg 300w, https:\/\/www.ulisseland.com\/journal\/wp-content\/uploads\/2014\/02\/ambulanza-118-m.jpg 1000w\" sizes=\"auto, (max-width: 300px) 100vw, 300px\" \/><\/a><figcaption id=\"caption-attachment-6860\" class=\"wp-caption-text\">mbulanza 118<\/figcaption><\/figure>Il modello di soccorso del  118 non va bene.  Da 19 ambulanze con medico a bordo siamo passati a 5 auto mediche cosiddette perch\u00e9 dotate di medico che, a secondo del codice di chiamata,  intervengono sul territorio. Una di queste auto \u00e8 dislocata all\u2019ospedale di Formia per il sud della provincia, le altre sono cos\u00ec ripartite: una a Terracina, un\u2019altra a Priverno, una a Latina scalo ed una a Cisterna. Se giunge una chiamata al 118, l\u2019operatore,  sulla base della richiesta del soccorso, decide se inviare la macchina col medico a bordo, in grado di prestare le prime cure, oppure un\u2019 ambulanza con un infermiere ed un \u201csoccorritore\u201d.<br \/>\nSi tratta di un modello  in cui  si possono produrre ampie smagliature come puntualmente accade. Domenica  scorsa, in tarda serata, \u00e8 stata attivata l\u2019ambulanza senza medico a bordo per prestare soccorso  ad un anziano residente ad Itri. L\u2019ambulanza giunge ad Itri ed il personale di bordo si attiva immediatamente  per  trasferire il paziente all\u2019ospedale di Formia. Ma all\u2019altezza della tomba di Cicerone, l\u2019ambulanza si ferma per attendere il medico proveniente dall\u2019ospedale di Formia. Lo chiamano paradossalmente \u201crendez  vous\u201d ma   laddove lo applicano si tratta di ben altra cosa. Nel frattempo si perdono minuti preziosi. Sopraggiunge finalmente il medico e l\u2019ambulanza riparte verso l\u2019ospedale  dove arriva in tempi  brevi. Purtroppo il paziente non ce la fa e noi raccogliamo lo sfogo dei familiari i quali, molto serenamente, ci  chiedono di adoperarci  per  impedire che questi ritardi non accadano pi\u00f9.<figure id=\"attachment_6861\" aria-describedby=\"caption-attachment-6861\" style=\"width: 198px\" class=\"wp-caption alignright\"><a href=\"https:\/\/www.ulisseland.com\/journal\/wp-content\/uploads\/2014\/02\/Francesco-Carta.jpg\"><img loading=\"lazy\" decoding=\"async\" src=\"https:\/\/www.ulisseland.com\/journal\/wp-content\/uploads\/2014\/02\/Francesco-Carta-198x300.jpg\" alt=\"Francesco Carta\" width=\"198\" height=\"300\" class=\"size-medium wp-image-6861\" srcset=\"https:\/\/www.ulisseland.com\/journal\/wp-content\/uploads\/2014\/02\/Francesco-Carta-198x300.jpg 198w, https:\/\/www.ulisseland.com\/journal\/wp-content\/uploads\/2014\/02\/Francesco-Carta.jpg 400w\" sizes=\"auto, (max-width: 198px) 100vw, 198px\" \/><\/a><figcaption id=\"caption-attachment-6861\" class=\"wp-caption-text\">Francesco Carta<\/figcaption><\/figure><br \/>\nIl modello di soccorso, come dicevamo, non  pu\u00f2 funzionare cos\u00ec. In Francia \u00e8 sempre il medico che giunge per primo  ad assistere il paziente per cui \u00e8 stata attivata la chiamata ed \u00e8 lui che decide se chiamare l\u2019ambulanza. Anche in Italia ci sono regioni che hanno adottato quel sistema ma in una provincia come la nostra,  cos\u00ec complessa  sotto il profilo geografico e morfologico,  tutto ci\u00f2 non funziona soprattutto se a raggiungere il paziente \u00e8 un ambulanza non medicalizzata. L\u2019ARES 118 dovrebbe organizzare il soccorso in modo organico, riappropriandosi appieno delle funzioni per le quali \u00e8 stato creato  e non ridursi ad organizzare appalti di  segmenti della catena del soccorso  il cui  costo  \u00e8 passato da circa 7 milioni ai 10 attuali con appalti diffusi che vanno dalle auto agli elicotteri. Sono sorte associazioni temporanee d\u2019impresa per cui  l\u2019auto medica di Terracina \u00e8 gestita da \u201cCroce Amica\u201d, quelle di Formia e Latina Scalo  dalla ditta \u201cFormia Soccorso\u201d mentre quelle di Priverno e Cisterna sono gestite dall\u2019ARES. Troppa confusione e non aderenza del modello al territorio da servire. Urgono robuste correzioni  perch\u00e9 tra poco giungeranno la primavera e l\u2019estate che renderanno la situazione ancor pi\u00f9 problematica.<br \/>\nIl Direttore Dott. Sergio Monforte<\/p>\n","protected":false},"excerpt":{"rendered":"<p>Il modello di soccorso del 118 non va bene. Da 19 ambulanze con medico a bordo siamo passati a 5 auto mediche cosiddette perch\u00e9 dotate di medico che, a secondo del codice di chiamata, intervengono sul territorio. Una di queste auto \u00e8 dislocata all\u2019ospedale di Formia per il sud della provincia, le altre sono cos\u00ec<\/p>\n","protected":false},"author":1,"featured_media":0,"comment_status":"open","ping_status":"open","sticky":false,"template":"","format":"standard","meta":{"footnotes":""},"categories":[14],"tags":[],"class_list":["post-6859","post","type-post","status-publish","format-standard","hentry","category-comune-di-formia"],"_links":{"self":[{"href":"https:\/\/www.ulisseland.com\/journal\/wp-json\/wp\/v2\/posts\/6859","targetHints":{"allow":["GET"]}}],"collection":[{"href":"https:\/\/www.ulisseland.com\/journal\/wp-json\/wp\/v2\/posts"}],"about":[{"href":"https:\/\/www.ulisseland.com\/journal\/wp-json\/wp\/v2\/types\/post"}],"author":[{"embeddable":true,"href":"https:\/\/www.ulisseland.com\/journal\/wp-json\/wp\/v2\/users\/1"}],"replies":[{"embeddable":true,"href":"https:\/\/www.ulisseland.com\/journal\/wp-json\/wp\/v2\/comments?post=6859"}],"version-history":[{"count":1,"href":"https:\/\/www.ulisseland.com\/journal\/wp-json\/wp\/v2\/posts\/6859\/revisions"}],"predecessor-version":[{"id":6862,"href":"https:\/\/www.ulisseland.com\/journal\/wp-json\/wp\/v2\/posts\/6859\/revisions\/6862"}],"wp:attachment":[{"href":"https:\/\/www.ulisseland.com\/journal\/wp-json\/wp\/v2\/media?parent=6859"}],"wp:term":[{"taxonomy":"category","embeddable":true,"href":"https:\/\/www.ulisseland.com\/journal\/wp-json\/wp\/v2\/categories?post=6859"},{"taxonomy":"post_tag","embeddable":true,"href":"https:\/\/www.ulisseland.com\/journal\/wp-json\/wp\/v2\/tags?post=6859"}],"curies":[{"name":"wp","href":"https:\/\/api.w.org\/{rel}","templated":true}]}}