{"id":6807,"date":"2014-02-06T14:39:36","date_gmt":"2014-02-06T13:39:36","guid":{"rendered":"http:\/\/www.ulisseland.com\/journal\/?p=6807"},"modified":"2014-02-12T17:44:53","modified_gmt":"2014-02-12T16:44:53","slug":"roma-il-senato-approva-la-legge-sulla-terra-dei-fuochi","status":"publish","type":"post","link":"https:\/\/www.ulisseland.com\/journal\/roma-il-senato-approva-la-legge-sulla-terra-dei-fuochi\/","title":{"rendered":"ROMA \u2013 IL SENATO approva la Legge sulla \u201cTERRA DEI FUOCHI\u201d (Il Testo della Legge)"},"content":{"rendered":"<p><a href=\"http:\/\/www.normattiva.it\/uri-res\/N2Ls?urn:nir:stato:decreto-legge:2013-12-10;136!vig=\">http:\/\/www.normattiva.it\/uri-res\/N2Ls?urn:nir:stato:decreto-legge:2013-12-10;136!vig=<\/a><\/p>\n<figure id=\"attachment_6808\" aria-describedby=\"caption-attachment-6808\" style=\"width: 220px\" class=\"wp-caption alignleft\"><a href=\"https:\/\/www.ulisseland.com\/journal\/wp-content\/uploads\/2014\/02\/SENATO.jpg\"><img loading=\"lazy\" decoding=\"async\" class=\"size-full wp-image-6808\" alt=\"L'Aula del Senato\" src=\"https:\/\/www.ulisseland.com\/journal\/wp-content\/uploads\/2014\/02\/SENATO.jpg\" width=\"220\" height=\"146\" \/><\/a><figcaption id=\"caption-attachment-6808\" class=\"wp-caption-text\">L&#8217;Aula del Senato<\/figcaption><\/figure>\n<p>Il Senato ha approvato il decreto sulle emergenze ambientali ed industriali; ora \u00e8 legge. Il provvedimento, che sarebbe scaduto l&#8217;8 febbraio, dispone su \u201cTerra dei fuochi\u201d e Ilva.<br \/>\nIl Senato non ha apportato modifiche al testo approvato dalla Camera dei Deputati.<br \/>\nIl provvedimento \u00e8 stato approvato in Senato con 174 voti favorevoli, 58 contrari e 12 astenuti. Il M5S ha votato NO, cos\u00ec come Lega nord. SEL si \u00e8 astenuta. Tutti gli altri gruppi hanno votato a favore.<br \/>\nQuesta Legge \u00e8 per\u00f2 solo l\u2019inizio di un processo lungo e complesso per la bonifica del territorio campano coinvolto. Un aspetto importante del provvedimento \u00e8 quello relativo allo screening sanitario che riguarda i cittadini campani interessati che potranno verificare gratuitamente il loro stato di salute.<\/p>\n<p>&nbsp;<\/p>\n<figure id=\"attachment_6809\" aria-describedby=\"caption-attachment-6809\" style=\"width: 287px\" class=\"wp-caption alignleft\"><a href=\"https:\/\/www.ulisseland.com\/journal\/wp-content\/uploads\/2014\/02\/Non-pi\u00f9-morte-ma-vita.jpg\"><img loading=\"lazy\" decoding=\"async\" class=\"size-full wp-image-6809\" alt=\"Manifestazione in Campania\" src=\"https:\/\/www.ulisseland.com\/journal\/wp-content\/uploads\/2014\/02\/Non-pi\u00f9-morte-ma-vita.jpg\" width=\"287\" height=\"175\" \/><\/a><figcaption id=\"caption-attachment-6809\" class=\"wp-caption-text\">Manifestazione in Campania<\/figcaption><\/figure>\n<p>Ma il territorio ha ora urgente bisogno di un rilancio economico che stenta a ripartire dopo le mortificazioni subite da campagne di stampa che hanno ridotto tutti i potenziali fattori di sviluppo.<\/p>\n<figure id=\"attachment_6810\" aria-describedby=\"caption-attachment-6810\" style=\"width: 189px\" class=\"wp-caption alignright\"><a href=\"https:\/\/www.ulisseland.com\/journal\/wp-content\/uploads\/2014\/02\/Prof.-Michele-Zannini.jpg\"><img loading=\"lazy\" decoding=\"async\" class=\"size-full wp-image-6810\" alt=\"Il Presidente Nazionale di ACLITERRA Prof. Michele Zannini\" src=\"https:\/\/www.ulisseland.com\/journal\/wp-content\/uploads\/2014\/02\/Prof.-Michele-Zannini.jpg\" width=\"189\" height=\"266\" \/><\/a><figcaption id=\"caption-attachment-6810\" class=\"wp-caption-text\">Il Presidente Nazionale di ACLITERRA<br \/>Prof. Michele Zannini<\/figcaption><\/figure>\n<p>Il Presidente Nazionale di ACLITERRA, Prof. Michele Zannini, in un recentissimo incontro ci ha preannunziato una serie di iniziative in difesa e a sostegno dell\u2019agricoltura campana, che sta pagando un prezzo altissimo proprio per questa campagna di stampa che si \u00e8 sviluppata sul tema \u201cterra dei fuochi\u201d<\/p>\n<p>E\u2019 molto importante, a questo punto riflettere su questa importante affermazione:<\/p>\n<p><strong>\u201cPu\u00f2 darsi.. che non siate responsabili per la situazione in cui vi trovate, ma lo diventerete se non fate nulla per cambiarla.\u201d (Martin Luther King)<\/strong><\/p>\n<figure id=\"attachment_6829\" aria-describedby=\"caption-attachment-6829\" style=\"width: 217px\" class=\"wp-caption aligncenter\"><a href=\"http:\/\/www.normattiva.it\/uri-res\/N2Ls?urn:nir:stato:decreto-legge:2013-12-10;136!vig=\"><img loading=\"lazy\" decoding=\"async\" class=\"size-full wp-image-6829 \" alt=\"CLICCA QUI' PER IL TESTO DELLA LEGGE\" src=\"https:\/\/www.ulisseland.com\/journal\/wp-content\/uploads\/2014\/02\/logo_parlamento.jpg\" width=\"217\" height=\"44\" \/><\/a><figcaption id=\"caption-attachment-6829\" class=\"wp-caption-text\"><a href=\"http:\/\/www.normattiva.it\/uri-res\/N2Ls?urn:nir:stato:decreto-legge:2013-12-10;136!vig=\">CLICCA QUI&#8217; PER IL TESTO DELLA LEGGE<\/a><\/figcaption><\/figure>\n<p>Redazionale<\/p>\n","protected":false},"excerpt":{"rendered":"<p>http:\/\/www.normattiva.it\/uri-res\/N2Ls?urn:nir:stato:decreto-legge:2013-12-10;136!vig= Il Senato ha approvato il decreto sulle emergenze ambientali ed industriali; ora \u00e8 legge. Il provvedimento, che sarebbe scaduto l&#8217;8 febbraio, dispone su \u201cTerra dei fuochi\u201d e Ilva. Il Senato non ha apportato modifiche al testo approvato dalla Camera dei Deputati. Il provvedimento \u00e8 stato approvato in Senato con 174 voti favorevoli, 58 contrari<\/p>\n","protected":false},"author":1,"featured_media":0,"comment_status":"open","ping_status":"open","sticky":false,"template":"","format":"standard","meta":{"footnotes":""},"categories":[64,71,65],"tags":[],"class_list":["post-6807","post","type-post","status-publish","format-standard","hentry","category-ce","category-comunemaranodinapoli","category-na"],"_links":{"self":[{"href":"https:\/\/www.ulisseland.com\/journal\/wp-json\/wp\/v2\/posts\/6807","targetHints":{"allow":["GET"]}}],"collection":[{"href":"https:\/\/www.ulisseland.com\/journal\/wp-json\/wp\/v2\/posts"}],"about":[{"href":"https:\/\/www.ulisseland.com\/journal\/wp-json\/wp\/v2\/types\/post"}],"author":[{"embeddable":true,"href":"https:\/\/www.ulisseland.com\/journal\/wp-json\/wp\/v2\/users\/1"}],"replies":[{"embeddable":true,"href":"https:\/\/www.ulisseland.com\/journal\/wp-json\/wp\/v2\/comments?post=6807"}],"version-history":[{"count":12,"href":"https:\/\/www.ulisseland.com\/journal\/wp-json\/wp\/v2\/posts\/6807\/revisions"}],"predecessor-version":[{"id":6812,"href":"https:\/\/www.ulisseland.com\/journal\/wp-json\/wp\/v2\/posts\/6807\/revisions\/6812"}],"wp:attachment":[{"href":"https:\/\/www.ulisseland.com\/journal\/wp-json\/wp\/v2\/media?parent=6807"}],"wp:term":[{"taxonomy":"category","embeddable":true,"href":"https:\/\/www.ulisseland.com\/journal\/wp-json\/wp\/v2\/categories?post=6807"},{"taxonomy":"post_tag","embeddable":true,"href":"https:\/\/www.ulisseland.com\/journal\/wp-json\/wp\/v2\/tags?post=6807"}],"curies":[{"name":"wp","href":"https:\/\/api.w.org\/{rel}","templated":true}]}}