{"id":6771,"date":"2014-02-04T18:05:01","date_gmt":"2014-02-04T17:05:01","guid":{"rendered":"http:\/\/www.ulisseland.com\/journal\/?p=6771"},"modified":"2014-02-11T10:17:51","modified_gmt":"2014-02-11T09:17:51","slug":"marano-di-napoli-aktis-parte-2","status":"publish","type":"post","link":"https:\/\/www.ulisseland.com\/journal\/marano-di-napoli-aktis-parte-2\/","title":{"rendered":"Marano di Napoli \u2013 AKTIS \u2013 parte 2^"},"content":{"rendered":"<p style=\"text-align: center;\" align=\"center\"><b>Tumore della prostata <\/b><b>(dal sito dell\u2019Ospedale San Raffaele di Milano)<\/b><\/p>\n<p style=\"text-align: center;\" align=\"center\"><b>Nota: dove hanno effettuato la formazione i fisico-medici dell\u2019AKTIS<\/b><b><\/b><\/p>\n<p><b>EPIDEMIOLOGIA<\/b><\/p>\n<p>La neoplasia prostatica \u00e8 attualmente la neoplasia solida maligna pi\u00f9 frequente nell\u2019uomo, costituisce circa il 15% di tutte le neoplasie maschili ed \u00e8 la seconda causa di morte per tumore nell\u2019uomo, dopo la neoplasia polmonare. La fascia di et\u00e0 pi\u00f9 colpita sono gli uomini al di sopra dei 65 anni, con un picco di incidenza tra i 72 ed i 74 anni; resta invece un tumore molto raro prima dei 45 anni. Il fattore primario di rischio per lo sviluppo del tumore della prostata \u00e8 l\u2019et\u00e0; inoltre vi sono altri fattori importanti come la familiarit\u00e0, la dieta (sembrano essere fattori protettivi un elevato apporto di vitamina E, di licopene e di acidi grassi omega-3), la razza (quella afroamericana \u00e8 a maggior rischio di tumore) e lo stile di vita. Riguardo alla familiarit\u00e0, il rischio di sviluppare tale patologia \u00e8 raddoppiato se tra i familiari di primo grado ci sono stati 1 o 2 casi di carcinoma prostatico, ed \u00e8 quintuplicato, fino ad arrivare ad eccedere di 11 volte il rischio standard, se in famiglia ci sono 3 o pi\u00f9 casi.<\/p>\n<p><b>DIAGNOSI<\/b><\/p>\n<p>Il tumore della prostata \u00e8 una malattia asintomatica nella maggior parte dei casi e la sua diagnosi \u00e8 pi\u00f9 frequentemente incidentale. Per tale motivo ha assunto ormai una certa rilevanza lo screening per neoplasia prostatica basato sulla misurazione del P.S.A. (l\u2019Antigene Prostatico Specifico, misurato nel sangue) e sull\u2019esplorazione rettale (procedura minimamente invasiva che consente di valutare le dimensioni, la forma e la consistenza della prostata). Attualmente non esistono in Italia dei protocolli di screening approvati, tuttavia le pi\u00f9 recenti linee guida suggeriscono una misurazione del PSA a partire dai 40 anni, sulla quale basare poi la tempistica dei successivi controlli. Il valore del PSA va quindi interpretato individualmente sulla base della storia clinica e familiare dell\u2019individuo, non esistendo un reale valore di \u201cnormalit\u00e0\u201d. Un valore elevato di PSA non \u00e8 tuttavia sufficiente alla diagnosi di neoplasia prostatica in quanto esistono molteplici condizioni diverse dal tumore che causano un\u2019alterazione del PSA; per tale ragione \u00e8 necessario sottoporsi ad esami diagnostici pi\u00f9 invasivi, il principale dei quali \u00e8.la biopsia prostatica trans-rettale sotto guida ecografica. Con essa si ottengono campioni di tessuto della prostata tramite i quali \u00e8 possibile determinare la presenza di cellule tumorali all\u2019interno della ghiandola.<\/p>\n<p style=\"text-align: center;\" align=\"center\"><b><span style=\"text-decoration: underline;\">TRATTAMENTO RADIOTERAPICO<\/span><\/b><\/p>\n<p style=\"text-align: center;\" align=\"center\">PRESSO L\u2019AKTIS DI MARANO DI NAPOLI<\/p>\n<p style=\"text-align: center;\" align=\"center\"><b><span style=\"text-decoration: underline;\">Acceleratore Trilogy: simulazione d\u2019impiego<\/span><\/b><\/p>\n<p style=\"text-align: center;\"><object width=\"480\" height=\"394\" data=\"http:\/\/www.umtvs.tv\/misc\/flash\/VidiScript_player.swf\" type=\"application\/x-shockwave-flash\"><param name=\"movie\" value=\"http:\/\/www.umtvs.tv\/misc\/flash\/VidiScript_player.swf\" \/><param name=\"allowfullscreen\" value=\"true\" \/><param name=\"allowscriptaccess\" value=\"always\" \/><param name=\"flashvars\" value=\"conf=http:\/\/www.umtvs.tv\/data\/accelerarotretrilogy.xml&#038;guide=http:\/\/www.umtvs.tv\/data\/accelerarotretrilogyguide.xml&#038;banner=http:\/\/www.umtvs.tv\/data\/accelerarotretrilogybanner.xml&#038;commercial=http:\/\/www.umtvs.tv\/data\/accelerarotretrilogycommercial.xml\" \/><\/object><\/p>\n<p style=\"text-align: center;\" align=\"center\"><b><span style=\"text-decoration: underline;\">Illustrazione Tecnica Fisico &#8211; Medica &#8211; Radioterapica, metodo VMAT\u00a0<\/span><\/b><\/p>\n<p style=\"text-align: center;\"><<object width=\"480\" height=\"394\" data=\"http:\/\/www.umtvs.tv\/misc\/flash\/VidiScript_player.swf\" type=\"application\/x-shockwave-flash\"><param name=\"movie\" value=\"http:\/\/www.umtvs.tv\/misc\/flash\/VidiScript_player.swf\" \/><param name=\"allowfullscreen\" value=\"true\" \/><param name=\"allowscriptaccess\" value=\"always\" \/><param name=\"flashvars\" value=\"conf=http:\/\/www.umtvs.tv\/data\/tecnicavmat.xml&#038;guide=http:\/\/www.umtvs.tv\/data\/tecnicavmatguide.xml&#038;banner=http:\/\/www.umtvs.tv\/data\/tecnicavmatbanner.xml&#038;commercial=http:\/\/www.umtvs.tv\/data\/tecnicavmatcommercial.xml\" \/><\/object><\/p>\n<p style=\"text-align: center;\" align=\"center\">Servizio Video realizzato con la collaborazione.<\/p>\n<p style=\"text-align: center;\" align=\"center\">Dott. Nicola De Rosa \u2013 Oncologo Radioterapista<\/p>\n<p style=\"text-align: center;\" align=\"center\">Dott.ssa Viviana Carillo \u2013 Fisico \u2013 Medico<\/p>\n<p style=\"text-align: center;\" align=\"center\">Dott. Pietro Castellone \u2013 Fisico Medico<\/p>\n<p style=\"text-align: center;\" align=\"center\">Riprese Video: Sig. Augusto Stampalia Ass. di Laboratorio<\/p>\n<p style=\"text-align: center;\" align=\"center\">FOTOGALLERY<\/p>\n<p style=\"text-align: center;\" align=\"center\"><span style=\"text-align: justify;\">[good-old-gallery fx=&#8221;scrollHorz&#8221; pager=&#8221;false&#8221; navigation=&#8221;true&#8221;]<\/span><\/p>\n<p style=\"text-align: left;\" align=\"center\">Editoriale del Prof. Luigi Cocomello<\/p>\n","protected":false},"excerpt":{"rendered":"<p>Tumore della prostata (dal sito dell\u2019Ospedale San Raffaele di Milano) Nota: dove hanno effettuato la formazione i fisico-medici dell\u2019AKTIS EPIDEMIOLOGIA La neoplasia prostatica \u00e8 attualmente la neoplasia solida maligna pi\u00f9 frequente nell\u2019uomo, costituisce circa il 15% di tutte le neoplasie maschili ed \u00e8 la seconda causa di morte per tumore nell\u2019uomo, dopo la neoplasia polmonare.<\/p>\n","protected":false},"author":1,"featured_media":0,"comment_status":"open","ping_status":"open","sticky":false,"template":"","format":"standard","meta":{"footnotes":""},"categories":[71,10,65,22],"tags":[],"class_list":["post-6771","post","type-post","status-publish","format-standard","hentry","category-comunemaranodinapoli","category-editoriale","category-na","category-sanita"],"_links":{"self":[{"href":"https:\/\/www.ulisseland.com\/journal\/wp-json\/wp\/v2\/posts\/6771","targetHints":{"allow":["GET"]}}],"collection":[{"href":"https:\/\/www.ulisseland.com\/journal\/wp-json\/wp\/v2\/posts"}],"about":[{"href":"https:\/\/www.ulisseland.com\/journal\/wp-json\/wp\/v2\/types\/post"}],"author":[{"embeddable":true,"href":"https:\/\/www.ulisseland.com\/journal\/wp-json\/wp\/v2\/users\/1"}],"replies":[{"embeddable":true,"href":"https:\/\/www.ulisseland.com\/journal\/wp-json\/wp\/v2\/comments?post=6771"}],"version-history":[{"count":14,"href":"https:\/\/www.ulisseland.com\/journal\/wp-json\/wp\/v2\/posts\/6771\/revisions"}],"predecessor-version":[{"id":6819,"href":"https:\/\/www.ulisseland.com\/journal\/wp-json\/wp\/v2\/posts\/6771\/revisions\/6819"}],"wp:attachment":[{"href":"https:\/\/www.ulisseland.com\/journal\/wp-json\/wp\/v2\/media?parent=6771"}],"wp:term":[{"taxonomy":"category","embeddable":true,"href":"https:\/\/www.ulisseland.com\/journal\/wp-json\/wp\/v2\/categories?post=6771"},{"taxonomy":"post_tag","embeddable":true,"href":"https:\/\/www.ulisseland.com\/journal\/wp-json\/wp\/v2\/tags?post=6771"}],"curies":[{"name":"wp","href":"https:\/\/api.w.org\/{rel}","templated":true}]}}