{"id":6702,"date":"2014-01-13T11:04:30","date_gmt":"2014-01-13T10:04:30","guid":{"rendered":"http:\/\/www.ulisseland.com\/journal\/?p=6702"},"modified":"2014-01-21T14:37:06","modified_gmt":"2014-01-21T13:37:06","slug":"sousse-tunisia-tfp","status":"publish","type":"post","link":"https:\/\/www.ulisseland.com\/journal\/sousse-tunisia-tfp\/","title":{"rendered":"Sousse (Tunisia) &#8211; TFP &#8211; Formazione Professionale &#8211; Documentazione"},"content":{"rendered":"<p><a href=\"https:\/\/www.ulisseland.com\/journal\/wp-content\/uploads\/2013\/12\/auguri-format.png\"><img loading=\"lazy\" decoding=\"async\" class=\"aligncenter size-full wp-image-6687\" alt=\"auguri format\" src=\"https:\/\/www.ulisseland.com\/journal\/wp-content\/uploads\/2013\/12\/auguri-format.png\" width=\"253\" height=\"76\" \/><\/a><\/p>\n<p>&nbsp;<\/p>\n<p style=\"text-align: center;\"><a style=\"text-decoration: underline; font-family: 'Helvetica Neue', Helvetica, Arial, 'Nimbus Sans L', sans-serif; font-size: 12px; line-height: 20px; text-align: justify;\" href=\"https:\/\/www.ulisseland.com\/journal\/wp-content\/uploads\/2014\/01\/IMG_0713.jpg\"><img loading=\"lazy\" decoding=\"async\" class=\"aligncenter  wp-image-6709\" alt=\"IMG_0713\" src=\"https:\/\/www.ulisseland.com\/journal\/wp-content\/uploads\/2014\/01\/IMG_0713.jpg\" width=\"506\" height=\"380\" srcset=\"https:\/\/www.ulisseland.com\/journal\/wp-content\/uploads\/2014\/01\/IMG_0713.jpg 2048w, https:\/\/www.ulisseland.com\/journal\/wp-content\/uploads\/2014\/01\/IMG_0713-300x225.jpg 300w, https:\/\/www.ulisseland.com\/journal\/wp-content\/uploads\/2014\/01\/IMG_0713-1024x768.jpg 1024w\" sizes=\"auto, (max-width: 506px) 100vw, 506px\" \/><\/a><\/p>\n<p style=\"text-align: left;\">Il 31 Gennaio 2014 \u00e8 il termine per la presentazione della domanda alla CNFCPP per beneficiare delle imposte anticipate sulla formazione professionale TFP per l&#8217;anno 2014.<\/p>\n<p style=\"text-align: left;\">Le 31 Janvier 2014 est la date limite pour d\u00e9pose la demande a la CNFCPP \u00a0afin de b\u00e9n\u00e9ficier de l&#8217;avance sur la taxe de la formation professionnelle TFP \u00a0pour l\u2019ann\u00e9e 2014.<\/p>\n<p style=\"text-align: left;\">Scarica la documentazione informativa e i moduli necessari per presentare la domanda entro la data sopraindicata.<\/p>\n<p style=\"text-align: left;\">T\u00e9l\u00e9charger les documents d&#8217;information et les formulaires n\u00e9cessaires pour pr\u00e9senter une demande avant la date limite.<\/p>\n<p><a href=\"https:\/\/www.ulisseland.com\/journal\/wp-content\/uploads\/2014\/01\/catalogue-2014.pdf\">Catalogue 2014<\/a><\/p>\n<p><a href=\"https:\/\/www.ulisseland.com\/journal\/wp-content\/uploads\/2014\/01\/Declaration-avance-TFP.pdf\">Declaration avance TFP<\/a><\/p>\n<p><a href=\"https:\/\/www.ulisseland.com\/journal\/wp-content\/uploads\/2014\/01\/formulaire.pdf\">Formulaire<\/a><\/p>\n<p><a href=\"https:\/\/www.ulisseland.com\/journal\/wp-content\/uploads\/2014\/01\/Presentaton-FORMAT.pdf\">Presentaton FORMAT<\/a><\/p>\n<p><a href=\"https:\/\/www.ulisseland.com\/journal\/wp-content\/uploads\/2014\/01\/Presentaton-Gruppo-Tre-Bit-et-Formatec.pdf\">Presentaton Gruppo Tre Bit et Forma-tec<\/a><\/p>\n","protected":false},"excerpt":{"rendered":"<p>&nbsp; Il 31 Gennaio 2014 \u00e8 il termine per la presentazione della domanda alla CNFCPP per beneficiare delle imposte anticipate sulla formazione professionale TFP per l&#8217;anno 2014. Le 31 Janvier 2014 est la date limite pour d\u00e9pose la demande a la CNFCPP \u00a0afin de b\u00e9n\u00e9ficier de l&#8217;avance sur la taxe de la formation professionnelle TFP<\/p>\n","protected":false},"author":1,"featured_media":0,"comment_status":"open","ping_status":"open","sticky":false,"template":"","format":"standard","meta":{"footnotes":""},"categories":[10,40],"tags":[],"class_list":["post-6702","post","type-post","status-publish","format-standard","hentry","category-editoriale","category-sousse-tunisia"],"_links":{"self":[{"href":"https:\/\/www.ulisseland.com\/journal\/wp-json\/wp\/v2\/posts\/6702","targetHints":{"allow":["GET"]}}],"collection":[{"href":"https:\/\/www.ulisseland.com\/journal\/wp-json\/wp\/v2\/posts"}],"about":[{"href":"https:\/\/www.ulisseland.com\/journal\/wp-json\/wp\/v2\/types\/post"}],"author":[{"embeddable":true,"href":"https:\/\/www.ulisseland.com\/journal\/wp-json\/wp\/v2\/users\/1"}],"replies":[{"embeddable":true,"href":"https:\/\/www.ulisseland.com\/journal\/wp-json\/wp\/v2\/comments?post=6702"}],"version-history":[{"count":14,"href":"https:\/\/www.ulisseland.com\/journal\/wp-json\/wp\/v2\/posts\/6702\/revisions"}],"predecessor-version":[{"id":6708,"href":"https:\/\/www.ulisseland.com\/journal\/wp-json\/wp\/v2\/posts\/6702\/revisions\/6708"}],"wp:attachment":[{"href":"https:\/\/www.ulisseland.com\/journal\/wp-json\/wp\/v2\/media?parent=6702"}],"wp:term":[{"taxonomy":"category","embeddable":true,"href":"https:\/\/www.ulisseland.com\/journal\/wp-json\/wp\/v2\/categories?post=6702"},{"taxonomy":"post_tag","embeddable":true,"href":"https:\/\/www.ulisseland.com\/journal\/wp-json\/wp\/v2\/tags?post=6702"}],"curies":[{"name":"wp","href":"https:\/\/api.w.org\/{rel}","templated":true}]}}