{"id":6671,"date":"2013-12-02T20:56:56","date_gmt":"2013-12-02T19:56:56","guid":{"rendered":"http:\/\/www.ulisseland.com\/journal\/?p=6671"},"modified":"2013-12-02T21:13:55","modified_gmt":"2013-12-02T20:13:55","slug":"gaeta-comunicato-stampa-consorzio-industriale-sud-pontino","status":"publish","type":"post","link":"https:\/\/www.ulisseland.com\/journal\/gaeta-comunicato-stampa-consorzio-industriale-sud-pontino\/","title":{"rendered":"GAETA &#8211; Comunicato stampa Consorzio Industriale Sud Pontino"},"content":{"rendered":"<p>COMUNICATO  STAMPA CONSORZIO INDUSTRIALE<\/p>\n<p><figure id=\"attachment_4662\" aria-describedby=\"caption-attachment-4662\" style=\"width: 280px\" class=\"wp-caption alignleft\"><a href=\"https:\/\/www.ulisseland.com\/journal\/wp-content\/uploads\/2012\/08\/presidente-consorzio-sviluppo-industriale-sud-pontino-avv1-s-forte.jpg\"><img loading=\"lazy\" decoding=\"async\" src=\"https:\/\/www.ulisseland.com\/journal\/wp-content\/uploads\/2012\/08\/presidente-consorzio-sviluppo-industriale-sud-pontino-avv1-s-forte-280x300.jpg\" alt=\"Avv. Salvatore Forte Presidente COSIND\" width=\"280\" height=\"300\" class=\"size-medium wp-image-4662\" srcset=\"https:\/\/www.ulisseland.com\/journal\/wp-content\/uploads\/2012\/08\/presidente-consorzio-sviluppo-industriale-sud-pontino-avv1-s-forte-280x300.jpg 280w, https:\/\/www.ulisseland.com\/journal\/wp-content\/uploads\/2012\/08\/presidente-consorzio-sviluppo-industriale-sud-pontino-avv1-s-forte-600x641.jpg 600w, https:\/\/www.ulisseland.com\/journal\/wp-content\/uploads\/2012\/08\/presidente-consorzio-sviluppo-industriale-sud-pontino-avv1-s-forte.jpg 748w\" sizes=\"auto, (max-width: 280px) 100vw, 280px\" \/><\/a><figcaption id=\"caption-attachment-4662\" class=\"wp-caption-text\">Avv. Salvatore Forte Presidente COSIND<\/figcaption><\/figure>Si \u00e8 conclusa, questa mattina, con un soddisfacente e positivo accordo, grazie soprattutto alla disponibilit\u00e0 del Presidente del Consorzio per lo Sviluppo Industriale del Sudpontino, Avv. Salvatore Forte, la querelle in atto tra il Cosind stesso ed il Consorzio Autotrasportatori del Golfo di Gaeta, rappresentato dal presidente pro tempore, Pasquale Sinapi, relativamente alla concessione di un\u2019area di sosta riservata agli operatori che, con i propri autoarticolati, svolgono servizi connessi alla portualit\u00e0, ai sensi dell\u2019ex art.68 del Codice della Navigazione.<br \/>\nIl precedente accordo che avrebbe dovuto disciplinare la materia era infatti scaduto da tempo, oltretutto, senza che l\u2019Autorit\u00e0 Portuale di Civitavecchia-Fiumicino-Gaeta avesse mai ottemperato ad alcuno degli impegni assunti e sottoscritti, nel dicembre 2005, con il Consorzio Industriale.<br \/>\nCon tale atto, risalente a ben otto anni fa, il Consorzio Industriale metteva a disposizione dell\u2019Autorit\u00e0 Portuale e quindi, degli autotrasportatori del C.A.G.G., un\u2019area di 12.000 metri quadri, su cui l\u2019Autorit\u00e0 Portuale si era impegnata ad effettuare specifiche opere di adeguamento, per una migliore funzionalit\u00e0, oltre a sostenerne, al 50% con il Cosind, le spese di gestione e guardiania.<br \/>\nL\u2019autorit\u00e0 Portuale si era altres\u00ec impegnata ad acquisire, sempre tramite il Consorzio, un\u2019area identica, ad un prezzo stabilito dall\u2019Agenzia Provinciale del Territorio.<br \/>\nMa tutto ci\u00f2, da parte dell\u2019Autorit\u00e0 Portuale, non \u00e8 mai avvenuto e nessun impegno \u00e8 stato rispettato.<br \/>\nPer cui, ora, scaduto l\u2019accordo e di fronte alla necessit\u00e0 di un utilizzo diverso dei predetti 12.000 mq., in conformit\u00e0 all\u2019attuale pianificazione urbanistica, si \u00e8 reso necessario individuare un\u2019area alternativa da destinare agli autotrasportatori portuali.<br \/>\nIn base al nuovo protocollo firmato questa mattina, il Consorzio Industriale, in accordo con l\u2019Autorit\u00e0 Portuale ed il C.A.G.G., si impegna a reperire un\u2019area alternativa di 15.000 metri quadri ed a finanziare l\u2019iniziativa con i corrispettivi dovuti dall\u2019Autorit\u00e0 Portuale per gli oneri relativi agli anni precedenti e mai versati.<br \/>\nIl Consorzio Industriale ed il Consorzio Autotrasportatori del Golfo hanno altres\u00ec sollecitato l\u2019amministrazione comunale di Gaeta, affinch\u00e8 il proprio rappresentante in seno al Comitato Portuale di Civitavecchia presenti specifica richiesta di inserire l\u2019argomento \u201csosta autotrasportatori ex art.68 C.N.\u201d all\u2019ordine del giorno della prima riunione utile del Comitato Portuale, sensibilizzando, nel contempo, sul problema, l\u2019Amministrazione provinciale e la Camera di Commercio di Latina.<br \/>\nPiena soddisfazione per il nuovo protocollo \u00e8 stata espressa dal presidente del C.A.G.G. Pasquale Sinapi e dal Presidente del Cosind, Avv. Salvatore Forte, il quale, in considerazione della grave emergenza in atto e su specifica richiesta degli autotrasportatori, ha concesso una proroga a che gli autoarticolati del C.A.G.G. possano sostare nelle aree consortili fino al 31 dicembre prossimo.<\/p>\n<p>Riceviamo e pubblichiamo:<br \/>\nIl Direttore Dott. Sergio Monforte<\/p>\n","protected":false},"excerpt":{"rendered":"<p>COMUNICATO STAMPA CONSORZIO INDUSTRIALE Si \u00e8 conclusa, questa mattina, con un soddisfacente e positivo accordo, grazie soprattutto alla disponibilit\u00e0 del Presidente del Consorzio per lo Sviluppo Industriale del Sudpontino, Avv. Salvatore Forte, la querelle in atto tra il Cosind stesso ed il Consorzio Autotrasportatori del Golfo di Gaeta, rappresentato dal presidente pro tempore, Pasquale Sinapi,<\/p>\n","protected":false},"author":1,"featured_media":0,"comment_status":"open","ping_status":"open","sticky":false,"template":"","format":"standard","meta":{"footnotes":""},"categories":[39,14,50,27,24,28,37,13,11],"tags":[],"class_list":["post-6671","post","type-post","status-publish","format-standard","hentry","category-comune-di-castelforte","category-comune-di-formia","category-comune-di-itri","category-comune-di-minturno","category-comunedisperlonga","category-comune-di-spigno-saturnia","category-comune-di-ss-cosma-e-damiano","category-cronaca","category-enti"],"_links":{"self":[{"href":"https:\/\/www.ulisseland.com\/journal\/wp-json\/wp\/v2\/posts\/6671","targetHints":{"allow":["GET"]}}],"collection":[{"href":"https:\/\/www.ulisseland.com\/journal\/wp-json\/wp\/v2\/posts"}],"about":[{"href":"https:\/\/www.ulisseland.com\/journal\/wp-json\/wp\/v2\/types\/post"}],"author":[{"embeddable":true,"href":"https:\/\/www.ulisseland.com\/journal\/wp-json\/wp\/v2\/users\/1"}],"replies":[{"embeddable":true,"href":"https:\/\/www.ulisseland.com\/journal\/wp-json\/wp\/v2\/comments?post=6671"}],"version-history":[{"count":2,"href":"https:\/\/www.ulisseland.com\/journal\/wp-json\/wp\/v2\/posts\/6671\/revisions"}],"predecessor-version":[{"id":6674,"href":"https:\/\/www.ulisseland.com\/journal\/wp-json\/wp\/v2\/posts\/6671\/revisions\/6674"}],"wp:attachment":[{"href":"https:\/\/www.ulisseland.com\/journal\/wp-json\/wp\/v2\/media?parent=6671"}],"wp:term":[{"taxonomy":"category","embeddable":true,"href":"https:\/\/www.ulisseland.com\/journal\/wp-json\/wp\/v2\/categories?post=6671"},{"taxonomy":"post_tag","embeddable":true,"href":"https:\/\/www.ulisseland.com\/journal\/wp-json\/wp\/v2\/tags?post=6671"}],"curies":[{"name":"wp","href":"https:\/\/api.w.org\/{rel}","templated":true}]}}