{"id":6659,"date":"2013-11-24T10:13:25","date_gmt":"2013-11-24T09:13:25","guid":{"rendered":"http:\/\/www.ulisseland.com\/journal\/?p=6659"},"modified":"2013-11-24T10:13:25","modified_gmt":"2013-11-24T09:13:25","slug":"formia-presentato-il-progetto-il-bosco-di-cosimo","status":"publish","type":"post","link":"https:\/\/www.ulisseland.com\/journal\/formia-presentato-il-progetto-il-bosco-di-cosimo\/","title":{"rendered":"FORMIA: Presentato il progetto \u201cIl Bosco di Cosimo\u201d"},"content":{"rendered":"<p><figure id=\"attachment_6660\" aria-describedby=\"caption-attachment-6660\" style=\"width: 586px\" class=\"wp-caption alignleft\"><a href=\"https:\/\/www.ulisseland.com\/journal\/wp-content\/uploads\/2013\/11\/1-FESTA-DELLALBERO.jpg\"><img loading=\"lazy\" decoding=\"async\" src=\"https:\/\/www.ulisseland.com\/journal\/wp-content\/uploads\/2013\/11\/1-FESTA-DELLALBERO-1024x575.jpg\" alt=\"Formia: Festa dell&#039;albero\" width=\"586\" height=\"329\" class=\"size-large wp-image-6660\" srcset=\"https:\/\/www.ulisseland.com\/journal\/wp-content\/uploads\/2013\/11\/1-FESTA-DELLALBERO-1024x575.jpg 1024w, https:\/\/www.ulisseland.com\/journal\/wp-content\/uploads\/2013\/11\/1-FESTA-DELLALBERO-300x168.jpg 300w\" sizes=\"auto, (max-width: 586px) 100vw, 586px\" \/><\/a><figcaption id=\"caption-attachment-6660\" class=\"wp-caption-text\">Formia: Festa dell&#8217;albero<\/figcaption><\/figure><br \/>\n Ha preso ufficialmente il via il progetto \u201cIl Bosco di Cosimo\u201d che mira in cinque anni alla piantumazione in citt\u00e0 di 1826 alberi. L\u2019idea \u00e8 stata presentata in una Sala Ribaud del Comune trasformata in un bosco e gremita di bambini, accorsi per celebrare la Giornata Nazionale della Festa dell\u2019Albero. Dopo l\u2019intervento del sindaco Sandro Bartolomeo e dell\u2019assessore alla Cultura, Tutela del Patrimonio Ambientale e Naturalistico Maria Rita Manzo, presente anche il presidente del Consiglio Comunale Maurizio Tallerini, \u00e8 stato proiettato il video \u201cL\u2019uomo che piantava gli alberi\u201d di Jean Giono. Alle 10.30, laboratorio didattico \u201cCosimo sono io\u201d, un percorso di educazione ambientale che ha visto protagonisti gli alunni di alcune scuole elementari di Formia, ispirato al Barone Rampante di Italo Calvino, antesignano della cultura ecologista e ambientalista. Attivit\u00e0 didattiche e artistiche per una introduzione creativa alla conoscenza degli alberi e delle tematiche di tutela dell&#8217;ambiente. Dalle 11.30 alle 13 \u201cIl Bosco di Cosimo\u201d ha messo la radici in citt\u00e0, con la piantumazione dei primi tre alberi da parte dei ragazzi: un leccio, un carpino, un acero (zona antistante il Porto di Formia). Nei prossimi giorni il Sindaco doner\u00e0 un albero a tutti gli istituti scolastici e tutte le associazioni e i cittadini sono invitati a comunicare alle associazioni promotrici del progetto, eventuali attivit\u00e0 di piantumazione. L\u2019invito \u00e8 rivolto anche a tutti i privati cittadini. Il materiale fotografico sar\u00e0 pubblicato in una sezione speciale del sito di Alberi di Canto (www.alberidicanto.org). Il progetto si arricchir\u00e0 cos\u00ec dei contributi (testi, fotografie, video) di chi vorr\u00e0 documentare la propria passione per gli alberi e contribuire alla realizzazione di una citt\u00e0 pi\u00f9 verde. Nel periodo da novembre a marzo il Comune provveder\u00e0 all\u2019individuazione dell\u2019area che ospiter\u00e0 il bosco urbano e le scuole saranno coinvolte in attivit\u00e0 di educazione ambientale.<br \/>\nIl Direttore Dott. Sergio Monforte<\/p>\n","protected":false},"excerpt":{"rendered":"<p>Ha preso ufficialmente il via il progetto \u201cIl Bosco di Cosimo\u201d che mira in cinque anni alla piantumazione in citt\u00e0 di 1826 alberi. L\u2019idea \u00e8 stata presentata in una Sala Ribaud del Comune trasformata in un bosco e gremita di bambini, accorsi per celebrare la Giornata Nazionale della Festa dell\u2019Albero. Dopo l\u2019intervento del sindaco Sandro<\/p>\n","protected":false},"author":1,"featured_media":0,"comment_status":"open","ping_status":"open","sticky":false,"template":"","format":"standard","meta":{"footnotes":""},"categories":[14,13,12,11,60],"tags":[],"class_list":["post-6659","post","type-post","status-publish","format-standard","hentry","category-comune-di-formia","category-cronaca","category-cultura","category-enti","category-incontri"],"_links":{"self":[{"href":"https:\/\/www.ulisseland.com\/journal\/wp-json\/wp\/v2\/posts\/6659","targetHints":{"allow":["GET"]}}],"collection":[{"href":"https:\/\/www.ulisseland.com\/journal\/wp-json\/wp\/v2\/posts"}],"about":[{"href":"https:\/\/www.ulisseland.com\/journal\/wp-json\/wp\/v2\/types\/post"}],"author":[{"embeddable":true,"href":"https:\/\/www.ulisseland.com\/journal\/wp-json\/wp\/v2\/users\/1"}],"replies":[{"embeddable":true,"href":"https:\/\/www.ulisseland.com\/journal\/wp-json\/wp\/v2\/comments?post=6659"}],"version-history":[{"count":1,"href":"https:\/\/www.ulisseland.com\/journal\/wp-json\/wp\/v2\/posts\/6659\/revisions"}],"predecessor-version":[{"id":6661,"href":"https:\/\/www.ulisseland.com\/journal\/wp-json\/wp\/v2\/posts\/6659\/revisions\/6661"}],"wp:attachment":[{"href":"https:\/\/www.ulisseland.com\/journal\/wp-json\/wp\/v2\/media?parent=6659"}],"wp:term":[{"taxonomy":"category","embeddable":true,"href":"https:\/\/www.ulisseland.com\/journal\/wp-json\/wp\/v2\/categories?post=6659"},{"taxonomy":"post_tag","embeddable":true,"href":"https:\/\/www.ulisseland.com\/journal\/wp-json\/wp\/v2\/tags?post=6659"}],"curies":[{"name":"wp","href":"https:\/\/api.w.org\/{rel}","templated":true}]}}