{"id":6653,"date":"2013-11-24T10:09:42","date_gmt":"2013-11-24T09:09:42","guid":{"rendered":"http:\/\/www.ulisseland.com\/journal\/?p=6653"},"modified":"2013-11-24T10:09:42","modified_gmt":"2013-11-24T09:09:42","slug":"gaeta-lamministrazione-lavora-al-prg-del-porto-e-punta-al-polo-agroalimentare","status":"publish","type":"post","link":"https:\/\/www.ulisseland.com\/journal\/gaeta-lamministrazione-lavora-al-prg-del-porto-e-punta-al-polo-agroalimentare\/","title":{"rendered":"GAETA: l&#8217;Amministrazione lavora al PRG del Porto e punta al polo agroalimentare"},"content":{"rendered":"<figure id=\"attachment_6654\" aria-describedby=\"caption-attachment-6654\" style=\"width: 448px\" class=\"wp-caption alignright\"><a href=\"https:\/\/www.ulisseland.com\/journal\/wp-content\/uploads\/2013\/11\/gaeta_porto.jpg\"><img loading=\"lazy\" decoding=\"async\" src=\"https:\/\/www.ulisseland.com\/journal\/wp-content\/uploads\/2013\/11\/gaeta_porto.jpg\" alt=\"Il Porto di Gaeta\" width=\"448\" height=\"298\" class=\"size-full wp-image-6654\" srcset=\"https:\/\/www.ulisseland.com\/journal\/wp-content\/uploads\/2013\/11\/gaeta_porto.jpg 448w, https:\/\/www.ulisseland.com\/journal\/wp-content\/uploads\/2013\/11\/gaeta_porto-300x199.jpg 300w\" sizes=\"auto, (max-width: 448px) 100vw, 448px\" \/><\/a><figcaption id=\"caption-attachment-6654\" class=\"wp-caption-text\">Il Porto di Gaeta<\/figcaption><\/figure>\n<p>Porto commerciale di Gaeta quale  polo agroalimentare di riferimento economico per tutto il centro sud: per il Sindaco Cosmo Mitrano questo \u00e8 l&#8217;obbiettivo da raggiungere. A tal fine si \u00e8 attivato presso l&#8217;Autorit\u00e0 Portuale di Civitavecchia-Fiumicino-Gaeta, invitando il Presidente Pasqualino Monti a &#8220;continuare ad adottare misure tese a favorire un maggiore sviluppo del traffico merci specialmente nel settore agroalimentare, dotando il porto delle infrastrutture necessarie a gestire la crescita dei traffici agroalimentari, gi\u00e0 cominciata con lo zucchero, il grano e gli oli vegetali&#8221;.<br \/>\n<a href=\"https:\/\/www.ulisseland.com\/journal\/wp-content\/uploads\/2013\/11\/gaeta_molo_agip.jpg\"><img loading=\"lazy\" decoding=\"async\" src=\"https:\/\/www.ulisseland.com\/journal\/wp-content\/uploads\/2013\/11\/gaeta_molo_agip.jpg\" alt=\"gaeta_molo_agip\" width=\"448\" height=\"300\" class=\"alignright size-large wp-image-6656\" srcset=\"https:\/\/www.ulisseland.com\/journal\/wp-content\/uploads\/2013\/11\/gaeta_molo_agip.jpg 448w, https:\/\/www.ulisseland.com\/journal\/wp-content\/uploads\/2013\/11\/gaeta_molo_agip-300x200.jpg 300w\" sizes=\"auto, (max-width: 448px) 100vw, 448px\" \/><\/a><br \/>\n  &#8220;Per la citt\u00e0 di Gaeta &#8211; afferma il Primo Cittadino &#8211; lo sviluppo dell&#8217;agroalimentare rappresenta, infatti, una concreta ed importante prospettiva di sviluppo economico condiviso ed un volano strategico anche sul piano occupazionale, rendendo il porto commerciale un polo agroalimentare che potr\u00e0 essere il riferimento economico del settore per tutto il centro-sud&#8221;. Rilevando la presenza di una consistente quantit\u00e0 di materiale ferroso di scarto di varia natura, nonch\u00e9 di oli e di materiale derivante da attivit\u00e0 industriali dismesse, nell&#8217;area portuale prospiciente la banchina del cantiere navale \u00abItalcraft\u00bb, il Primo Cittadino ribadisce anche la necessit\u00e0 di evitare il traffico di rifiuti speciali, dannosi alla salute e all&#8217;ambiente, sensibilizzando l&#8217;Autorit\u00e0 Portuale sulla problematica. L&#8217;ecosostenibilit\u00e0, quale mission prioritaria degli attuali amministratori, coinvolge anche il Porto commerciale di Gaeta e le attivit\u00e0 che vi si svolgono: &#8220;Stiamo percorrendo questa strada  sin dal primo giorno di insediamento &#8211;  tiene a precisare il Sindaco Mitrano &#8211;  Abbiamo attivato un Tavolo tecnico per la problematica della movimentazione delle Merci polverulenti, composto da rappresentanti dell&#8217;Amministrazione Comunale, dell\u2019Autorit\u00e0 Portuale Civitavecchia-Fiumicino-Gaeta, della Capitaneria di Porto, della Guardia di Finanza di Formia, della Sezione operativa navale della Guardia di Finanza di Gaeta e dal Direttore Dogane Porto commerciale della citt\u00e0. Un tavolo che mantiene un dialogo costante con il Comitato popolare contro le Polveri del Porto Commerciale di Gaeta, e che ha prodotto il Regolamento per la movimentazione delle merci polverulenti attualmente in vigore. Operiamo in piena sintonia mettendo in campo iniziative ed azioni finalizzate alla riqualificazione dell\u2019area portuale commerciale; alcuni progetti sono giunti a compimento.<br \/>\n<a href=\"https:\/\/www.ulisseland.com\/journal\/wp-content\/uploads\/2013\/11\/Gaeta-Comune1.jpg\"><img loading=\"lazy\" decoding=\"async\" src=\"https:\/\/www.ulisseland.com\/journal\/wp-content\/uploads\/2013\/11\/Gaeta-Comune1.jpg\" alt=\"Gaeta, Comune\" width=\"586\" height=\"390\" class=\"alignright size-large wp-image-6655\" srcset=\"https:\/\/www.ulisseland.com\/journal\/wp-content\/uploads\/2013\/11\/Gaeta-Comune1.jpg 600w, https:\/\/www.ulisseland.com\/journal\/wp-content\/uploads\/2013\/11\/Gaeta-Comune1-300x200.jpg 300w\" sizes=\"auto, (max-width: 586px) 100vw, 586px\" \/><\/a><br \/>\n\u00c8 stata installata una centralina per il monitoraggio della qualit\u00e0 dell\u2019aria, in accordo con l\u2019Arpa Lazio, nella zona Peschiera-Piaja. Mentre all&#8217;interno del porto \u00e8 stato collocato un fonometro, strumento che permette di rilevare l\u2019inquinamento acustico, analizzando in tempo reale i rumori provocati dall\u2019attivit\u00e0 portuale in sensibile crescita&#8221;. Tappa fondamentale in questo processo di riqualificazione del Porto di Gaeta, &#8220;sar\u00e0 &#8211; annuncia il Primo Cittadino &#8211; l&#8217;elaborazione e l&#8217;approvazione del Piano Regolatore del Porto, al quale stiamo lavorando  a pieno ritmo ed in stretta sinergia con tutti gli attori istituzionali coinvolti&#8221;.<br \/>\nIl Direttore Dott. Sergio Monforte<\/p>\n","protected":false},"excerpt":{"rendered":"<p>Porto commerciale di Gaeta quale polo agroalimentare di riferimento economico per tutto il centro sud: per il Sindaco Cosmo Mitrano questo \u00e8 l&#8217;obbiettivo da raggiungere. A tal fine si \u00e8 attivato presso l&#8217;Autorit\u00e0 Portuale di Civitavecchia-Fiumicino-Gaeta, invitando il Presidente Pasqualino Monti a &#8220;continuare ad adottare misure tese a favorire un maggiore sviluppo del traffico merci<\/p>\n","protected":false},"author":1,"featured_media":0,"comment_status":"open","ping_status":"open","sticky":false,"template":"","format":"standard","meta":{"footnotes":""},"categories":[20,13,11],"tags":[],"class_list":["post-6653","post","type-post","status-publish","format-standard","hentry","category-comune-di-gaeta","category-cronaca","category-enti"],"_links":{"self":[{"href":"https:\/\/www.ulisseland.com\/journal\/wp-json\/wp\/v2\/posts\/6653","targetHints":{"allow":["GET"]}}],"collection":[{"href":"https:\/\/www.ulisseland.com\/journal\/wp-json\/wp\/v2\/posts"}],"about":[{"href":"https:\/\/www.ulisseland.com\/journal\/wp-json\/wp\/v2\/types\/post"}],"author":[{"embeddable":true,"href":"https:\/\/www.ulisseland.com\/journal\/wp-json\/wp\/v2\/users\/1"}],"replies":[{"embeddable":true,"href":"https:\/\/www.ulisseland.com\/journal\/wp-json\/wp\/v2\/comments?post=6653"}],"version-history":[{"count":1,"href":"https:\/\/www.ulisseland.com\/journal\/wp-json\/wp\/v2\/posts\/6653\/revisions"}],"predecessor-version":[{"id":6657,"href":"https:\/\/www.ulisseland.com\/journal\/wp-json\/wp\/v2\/posts\/6653\/revisions\/6657"}],"wp:attachment":[{"href":"https:\/\/www.ulisseland.com\/journal\/wp-json\/wp\/v2\/media?parent=6653"}],"wp:term":[{"taxonomy":"category","embeddable":true,"href":"https:\/\/www.ulisseland.com\/journal\/wp-json\/wp\/v2\/categories?post=6653"},{"taxonomy":"post_tag","embeddable":true,"href":"https:\/\/www.ulisseland.com\/journal\/wp-json\/wp\/v2\/tags?post=6653"}],"curies":[{"name":"wp","href":"https:\/\/api.w.org\/{rel}","templated":true}]}}