{"id":6645,"date":"2013-11-24T09:56:57","date_gmt":"2013-11-24T08:56:57","guid":{"rendered":"http:\/\/www.ulisseland.com\/journal\/?p=6645"},"modified":"2013-11-24T09:57:35","modified_gmt":"2013-11-24T08:57:35","slug":"formia-approvato-il-bilancio-ed-istituita-la-tares","status":"publish","type":"post","link":"https:\/\/www.ulisseland.com\/journal\/formia-approvato-il-bilancio-ed-istituita-la-tares\/","title":{"rendered":"FORMIA: Approvato il Bilancio ed istituita la Tares"},"content":{"rendered":"<p><figure id=\"attachment_6646\" aria-describedby=\"caption-attachment-6646\" style=\"width: 480px\" class=\"wp-caption alignright\"><a href=\"https:\/\/www.ulisseland.com\/journal\/wp-content\/uploads\/2013\/11\/Sindaco-Bartolomeo2.jpg\"><img loading=\"lazy\" decoding=\"async\" src=\"https:\/\/www.ulisseland.com\/journal\/wp-content\/uploads\/2013\/11\/Sindaco-Bartolomeo2.jpg\" alt=\"Il Sindaco Bartolomeo\" width=\"480\" height=\"566\" class=\"size-full wp-image-6646\" srcset=\"https:\/\/www.ulisseland.com\/journal\/wp-content\/uploads\/2013\/11\/Sindaco-Bartolomeo2.jpg 480w, https:\/\/www.ulisseland.com\/journal\/wp-content\/uploads\/2013\/11\/Sindaco-Bartolomeo2-254x300.jpg 254w\" sizes=\"auto, (max-width: 480px) 100vw, 480px\" \/><\/a><figcaption id=\"caption-attachment-6646\" class=\"wp-caption-text\">Il Sindaco Bartolomeo<\/figcaption><\/figure><br \/>\nIl Consiglio Comunale ha varato il bilancio di previsione 2013 e il nuovo regolamento che istituisce la Tares, il Tributo Comunale sui Rifiuti, con relativo piano finanziario del servizio di gestione e le nuove tariffe. Dopo le comunicazioni del sindaco e del presidente del Consiglio Maurizio Tallerini l\u2019assise ha approvato il Piano Generale di Sviluppo 2013-2018, documento previsto dalla legge e prossimo alla pubblicazione sul sito web del Comune. Contiene le linee di indirizzo dell\u2019amministrazione, di cui riprende il programma elettorale interpretandone i principi e le esigenze di cambiamento. Il piano non riporta volutamente i dati contabili del primo triennio, gi\u00e0 esposti nella relazione previsionale programmatica, e le valutazioni economiche dell\u2019ultimo biennio di mandato, troppo lontane nel tempo e soggette alle mutazioni dei quadri normativi.<br \/>\nSi \u00e8 passati poi al dibattito sul bilancio di previsione 2013 e sulla nuova tariffa dei rifiuti, temi strettamente legati e quindi discussi insieme. Il bilancio \u00e8 stato introdotto dal delegato Fulvio Spertini. \u201cE\u2019 prevista \u2013 ha spiegato nel corso del suo intervento &#8211; una riduzione di 915 mila euro sulle spese mentre restano inalterati i servizi a domanda individuale e quelli alla persona. L\u2019incomprimibilit\u00e0 delle spese per ambiente e territorio concentra le nostre possibilit\u00e0 di manovra sui settori Trasporti e Polizia Locale e, in modo marginale, sul blocco cultura-sport-turismo. L\u2019amministrazione ha dovuto far fronte a due elementi fondamentali: il taglio nei trasferimenti statali per effetto della spending review e la riduzione dei gettiti tributari, conseguenza di alcuni interventi come la soppressione dell\u2019Imu sulla prima casa. Nel primo caso, abbiamo minori entrate per un milione e 700 mila euro. Nel secondo \u2013 Imu e edilizia \u2013 per 1.400.000 euro. Per recuperare il gap, la via che la giunta ha sottoposto al consiglio \u00e8 l\u2019istituzione della Tares e il ritocco dell\u20191% (dal 9,5 al 10,5%) dell\u2019Imu su seconde e terze case. La tariffa sui rifiuti comporter\u00e0 introiti per un milione e 300 mila euro. L\u2019Imu per un milione e 200 mila euro. Il quadro di equilibrio economico-finanziario imposto dalle leggi si compone poi con ulteriori tagli che includono i costi della politica, per un totale di 600 mila euro\u201d.<br \/>\nIl dibattito del Consiglio Comunale, pacato e costruttivo, si \u00e8 poi concentrato sull\u2019argomento caldo della Tares. Nella relazione introduttiva, l\u2019assessore Claudio Marciano ha messo in evidenza i principi costitutivi della nuova tariffa voluta dal governo, in base ai quali si paga in ragione della quantit\u00e0 di rifiuti prodotti e non pi\u00f9 in base ai metri quadri dell\u2019abitazione. Le tariffe sono stabilite dallo Stato secondo coefficienti di produzione media. Agli enti locali non \u00e8 attribuita alcuna discrezionalit\u00e0.<br \/>\nScartata la proposta dell\u2019Udc di continuare ad applicare la Tarsu, seppur con aumenti del 17% perch\u00e9 costringerebbero l\u2019amministrazione ad intervenire anche sul reddito, con un drastico innalzamento dell\u2019addizionale Irpef. Marciano e dopo di lui il sindaco Sandro Bartolomeo hanno sottolineato l\u2019aumento esponenziale dei costi del servizio di igiene urbana verificatosi durante la precedente amministrazione (solo nel 2012 si \u00e8 passati repentinamente dai 6 milioni e 700 mila euro del 2011 ad 8 milioni e 134 mila euro). Costi che incidono drammaticamente sul bilancio (lo Stato impone infatti agli enti locali di coprire con la tariffa l\u2019intero costo del servizio) e in parte dovuti all\u2019aggio che il Comune paga alla Latina Ambiente, societ\u00e0 gestore del servizio in regime di proroga. Proprio per tagliare questi costi, il Sindaco ha annunciato l\u2019intenzione di affidare il servizio ad una societ\u00e0 a capitale interamente pubblico, non escludendo la possibilit\u00e0 di ripristinare la Golfo Ambiente, \u201cmessa colpevolmente in cantina dalla precedente amministrazione\u201d.<br \/>\nNel ricordare come la Tares sia stata decisa dal governo e abbia una paternit\u00e0 politica multiforme, dal momento che \u00e8 stata votata da tutti i partiti \u2013 Pd, Pdl, Udc ed altri -, Bartolomeo ha biasimato l\u2019atteggiamento avuto negli ultimi giorni dall\u2019Udc, promotrice di alcuni manifesti che pubblicizzavano dati allarmanti sulle tariffe dei rifiuti. Dati che lo stesso gruppo consiliare della Vela ha poi definito \u201csballati\u201d. Ha quindi fatto il raffronto con realt\u00e0 vicine come Latina e Gaeta, sottolineando come la Tares sia stata applicata con tariffe ben pi\u00f9 penalizzanti rispetto a Formia. Ha quindi invocato senso di responsabilit\u00e0 da parte di tutti, ricordando i tagli prodotti da questa amministrazione sui costi della politica (meno assessori, meno consiglieri e zero spese di telefonia per la giunta) e sulle spese di staff. Sulla Tares la maggioranza ha chiesto e approvato due emendamenti che coinvolgono anche i condom\u00ecni negli sgravi concessi per l\u2019attivit\u00e0 di compostaggio.<br \/>\nAlla fine il bilancio \u00e8 stato approvato con 16 voti favorevoli e il voto contrario di Udc e Pdl. In chiusura la maggioranza consiliare ha votato un ordine del giorno che intende indirizzare la giunta a potenziare la lotta all\u2019evasione e a dedicare parte del ricavo al sostegno delle categorie penalizzate dalla Tares.<br \/>\nIl Direttore Dott. Sergio Monforte<\/p>\n","protected":false},"excerpt":{"rendered":"<p>Il Consiglio Comunale ha varato il bilancio di previsione 2013 e il nuovo regolamento che istituisce la Tares, il Tributo Comunale sui Rifiuti, con relativo piano finanziario del servizio di gestione e le nuove tariffe. Dopo le comunicazioni del sindaco e del presidente del Consiglio Maurizio Tallerini l\u2019assise ha approvato il Piano Generale di Sviluppo<\/p>\n","protected":false},"author":1,"featured_media":0,"comment_status":"open","ping_status":"open","sticky":false,"template":"","format":"standard","meta":{"footnotes":""},"categories":[14,13,11],"tags":[],"class_list":["post-6645","post","type-post","status-publish","format-standard","hentry","category-comune-di-formia","category-cronaca","category-enti"],"_links":{"self":[{"href":"https:\/\/www.ulisseland.com\/journal\/wp-json\/wp\/v2\/posts\/6645","targetHints":{"allow":["GET"]}}],"collection":[{"href":"https:\/\/www.ulisseland.com\/journal\/wp-json\/wp\/v2\/posts"}],"about":[{"href":"https:\/\/www.ulisseland.com\/journal\/wp-json\/wp\/v2\/types\/post"}],"author":[{"embeddable":true,"href":"https:\/\/www.ulisseland.com\/journal\/wp-json\/wp\/v2\/users\/1"}],"replies":[{"embeddable":true,"href":"https:\/\/www.ulisseland.com\/journal\/wp-json\/wp\/v2\/comments?post=6645"}],"version-history":[{"count":2,"href":"https:\/\/www.ulisseland.com\/journal\/wp-json\/wp\/v2\/posts\/6645\/revisions"}],"predecessor-version":[{"id":6648,"href":"https:\/\/www.ulisseland.com\/journal\/wp-json\/wp\/v2\/posts\/6645\/revisions\/6648"}],"wp:attachment":[{"href":"https:\/\/www.ulisseland.com\/journal\/wp-json\/wp\/v2\/media?parent=6645"}],"wp:term":[{"taxonomy":"category","embeddable":true,"href":"https:\/\/www.ulisseland.com\/journal\/wp-json\/wp\/v2\/categories?post=6645"},{"taxonomy":"post_tag","embeddable":true,"href":"https:\/\/www.ulisseland.com\/journal\/wp-json\/wp\/v2\/tags?post=6645"}],"curies":[{"name":"wp","href":"https:\/\/api.w.org\/{rel}","templated":true}]}}