{"id":6639,"date":"2013-11-24T09:53:02","date_gmt":"2013-11-24T08:53:02","guid":{"rendered":"http:\/\/www.ulisseland.com\/journal\/?p=6639"},"modified":"2013-11-24T09:53:02","modified_gmt":"2013-11-24T08:53:02","slug":"formia-il-vicepresidente-del-senato-a-trivio-per-la-commemorazione-delleccidio-della-costarella","status":"publish","type":"post","link":"https:\/\/www.ulisseland.com\/journal\/formia-il-vicepresidente-del-senato-a-trivio-per-la-commemorazione-delleccidio-della-costarella\/","title":{"rendered":"FORMIA: Il vicepresidente del Senato a Trivio per la commemorazione dell\u2019eccidio della Costarella"},"content":{"rendered":"<p><a href=\"https:\/\/www.ulisseland.com\/journal\/wp-content\/uploads\/2013\/11\/deposizione-corona-in-memoria-dei-caduti-delle-guerre1.jpg\"><img loading=\"lazy\" decoding=\"async\" src=\"https:\/\/www.ulisseland.com\/journal\/wp-content\/uploads\/2013\/11\/deposizione-corona-in-memoria-dei-caduti-delle-guerre1-768x1024.jpg\" alt=\"deposizione corona in memoria dei caduti delle guerre[1]\" width=\"586\" height=\"781\" class=\"alignright size-large wp-image-6640\" srcset=\"https:\/\/www.ulisseland.com\/journal\/wp-content\/uploads\/2013\/11\/deposizione-corona-in-memoria-dei-caduti-delle-guerre1-768x1024.jpg 768w, https:\/\/www.ulisseland.com\/journal\/wp-content\/uploads\/2013\/11\/deposizione-corona-in-memoria-dei-caduti-delle-guerre1-225x300.jpg 225w\" sizes=\"auto, (max-width: 586px) 100vw, 586px\" \/><\/a><\/p>\n<p>\u201cDovunque un uomo \u00e8 morto per riscattare l\u2019Italia, bambini, andate l\u00ec perch\u00e9 l\u00ec \u00e8 nata la Costituzione\u201d. Il Vicepresidente del Senato Valeria Fedeli ha scelto la frase di Piero Calamandrei per iniziare il discorso tenuto in occasione della commemorazione dei martiri della Costarella, celebrata questo pomeriggio a Trivio alla presenza del sindaco di Formia Sandro Bartolomeo, delle autorit\u00e0 militari, civili e religiose del territorio e di un\u2019intera comunit\u00e0, raccolta attorno alla memoria degli otto civili formiani barbaramente fucilati dalle Ss tedesche il 26 di novembre del 1943. Sono passati 70 anni ma sembra ieri, tanta la commozione che l\u2019episodio suscita ancora nella popolazione. Nonostante la pioggia mista a grandine, sono accorsi in tanti al picchetto d\u2019onore della Guardia di Finanza predisposto in piazza Sant\u2019Andrea. L\u00ec il sindaco Bartolomeo e la senatrice Fedeli, accompagnati dal comandante della Scuola Nautica della Guardia di Finanza di Gaeta Quirino Cera, hanno deposto una corona d\u2019allora sul monumento ai caduti di tutte le guerre. <figure id=\"attachment_6641\" aria-describedby=\"caption-attachment-6641\" style=\"width: 300px\" class=\"wp-caption alignright\"><a href=\"https:\/\/www.ulisseland.com\/journal\/wp-content\/uploads\/2013\/11\/1-Bartolomeo-col-vicepresidente-del-Senato-Fedeli1.jpg\"><img loading=\"lazy\" decoding=\"async\" src=\"https:\/\/www.ulisseland.com\/journal\/wp-content\/uploads\/2013\/11\/1-Bartolomeo-col-vicepresidente-del-Senato-Fedeli1-300x225.jpg\" alt=\"Bartolomeo con Fedeli Vice Presidente del Senato\" width=\"300\" height=\"225\" class=\"size-medium wp-image-6641\" srcset=\"https:\/\/www.ulisseland.com\/journal\/wp-content\/uploads\/2013\/11\/1-Bartolomeo-col-vicepresidente-del-Senato-Fedeli1-300x225.jpg 300w, https:\/\/www.ulisseland.com\/journal\/wp-content\/uploads\/2013\/11\/1-Bartolomeo-col-vicepresidente-del-Senato-Fedeli1-1024x768.jpg 1024w\" sizes=\"auto, (max-width: 300px) 100vw, 300px\" \/><\/a><figcaption id=\"caption-attachment-6641\" class=\"wp-caption-text\">Bartolomeo con Fedeli Vice Presidente del Senato<\/figcaption><\/figure><br \/>\nApprofittando di un momento di tregua della pioggia, il lungo corteo si \u00e8 dipanato per i vicoli di Trivio, accompagnato dalle note della banda \u201cCitt\u00e0 di Formia\u201d, fino a raggiungere il monumento innalzato nel punto in cui fu consumato l\u2019eccidio, in localit\u00e0 Costarella, proprio ai piedi della montagna. Dopo il minuto di silenzio e la benedizione del parroco, il presidente del comitato \u201cCostarella\u201d Settimio Guglielmo, fratello di uno degli otto martiri, ha regalato ai presenti un commosso ricordo di quel tragico giorno. In una ideale continuit\u00e0 generazionale, due alunne della scuola elementare \u201cCollodi\u201d di Trivio hanno letto poi dei brani tramandati dai testimoni dell\u2019eccidio. \u201cQuello della Costarella \u2013 ha dichiarato nel suo intervento il sindaco Sandro Bartolomeo &#8211; non \u00e8 un fatto locale, \u00e8 il dolore e la sofferenza di un\u2019intera comunit\u00e0. Alcuni degli otto martiri furono rastrellati a Formia e fucilati qui. Dall\u20198 settembre 1943 fino alla liberazione nel maggio 1944 questa citt\u00e0 sub\u00ec un totale sconvolgimento della sua vita. Su 11 mila abitanti, in quei mesi persero la vita 1100 persone. Assediati dai bombardamenti, in tanti trovarono protezione su queste montagne. Il tributo pagato dalla citt\u00e0 \u00e8 stato altissimo e per questo chiederemo che le venga conferita la Medaglia d\u2019Oro al Valor Civile. Sia questo ricordo un monito per tutti e ci aiuti a diffondere una cultura di pace, tolleranza e accoglienza perch\u00e9 episodi inumani come quello della Costarella non abbiano a ripetersi mai pi\u00f9\u201d. La senatrice Fedeli ha poi ricordato le parole di Benedetta Magliocco, moglie di una delle otto vittime dell\u2019eccidio: \u201cChiese ai tedeschi il corpo del marito e loro rifiutarono. Le dissero: \u2018I banditi non avere famiglia\u2019. La verit\u00e0 \u00e8 che gli otto civili fucilati su queste colline non partecipavano alla guerra e non proteggevano partigiani: furono vittima della ferocia dei regimi oppressivi, uccisi dall\u2019insensata crudelt\u00e0 della guerra\u201d. Il Vicepresidente del Senato e il sindaco hanno poi scoperto la lapide che intitola \u201cAi martiri della Costarella\u201d la strada che conduce al monumento. Chiusa la cerimonia, la commemorazione \u00e8 proseguita nella chiesa di Sant\u2019Andrea dove il parroco don Alfio Sarv\u00e0 ha celebrato una Santa Messa in suffragio delle vittime. Alle 18 \u201cUn canto per i martiri della Costarella\u201d, concerto-preghiera che ha visto la partecipazione di: Ambrogio Sparagna, Orchestra Popolare Italiana, Le Zampogne di Maranola e il Coro Popolare diretto da Anna Rita Colaianni.<br \/>\n<a href=\"https:\/\/www.ulisseland.com\/journal\/wp-content\/uploads\/2013\/11\/davanti-a-monumento-Costarella1.jpg\"><img loading=\"lazy\" decoding=\"async\" src=\"https:\/\/www.ulisseland.com\/journal\/wp-content\/uploads\/2013\/11\/davanti-a-monumento-Costarella1-1024x768.jpg\" alt=\"davanti a monumento Costarella[1]\" width=\"586\" height=\"439\" class=\"alignright size-large wp-image-6642\" srcset=\"https:\/\/www.ulisseland.com\/journal\/wp-content\/uploads\/2013\/11\/davanti-a-monumento-Costarella1-1024x768.jpg 1024w, https:\/\/www.ulisseland.com\/journal\/wp-content\/uploads\/2013\/11\/davanti-a-monumento-Costarella1-300x225.jpg 300w\" sizes=\"auto, (max-width: 586px) 100vw, 586px\" \/><\/a><\/p>\n<p><a href=\"https:\/\/www.ulisseland.com\/journal\/wp-content\/uploads\/2013\/11\/davanti-Costarella-21.jpg\"><img loading=\"lazy\" decoding=\"async\" src=\"https:\/\/www.ulisseland.com\/journal\/wp-content\/uploads\/2013\/11\/davanti-Costarella-21-1024x768.jpg\" alt=\"davanti Costarella 2[1]\" width=\"586\" height=\"439\" class=\"alignright size-large wp-image-6643\" srcset=\"https:\/\/www.ulisseland.com\/journal\/wp-content\/uploads\/2013\/11\/davanti-Costarella-21-1024x768.jpg 1024w, https:\/\/www.ulisseland.com\/journal\/wp-content\/uploads\/2013\/11\/davanti-Costarella-21-300x225.jpg 300w\" sizes=\"auto, (max-width: 586px) 100vw, 586px\" \/><\/a><\/p>\n<p>Il Direttore Dott. Sergio Monforte<\/p>\n","protected":false},"excerpt":{"rendered":"<p>\u201cDovunque un uomo \u00e8 morto per riscattare l\u2019Italia, bambini, andate l\u00ec perch\u00e9 l\u00ec \u00e8 nata la Costituzione\u201d. Il Vicepresidente del Senato Valeria Fedeli ha scelto la frase di Piero Calamandrei per iniziare il discorso tenuto in occasione della commemorazione dei martiri della Costarella, celebrata questo pomeriggio a Trivio alla presenza del sindaco di Formia Sandro<\/p>\n","protected":false},"author":1,"featured_media":0,"comment_status":"open","ping_status":"open","sticky":false,"template":"","format":"standard","meta":{"footnotes":""},"categories":[14,13,11,60],"tags":[],"class_list":["post-6639","post","type-post","status-publish","format-standard","hentry","category-comune-di-formia","category-cronaca","category-enti","category-incontri"],"_links":{"self":[{"href":"https:\/\/www.ulisseland.com\/journal\/wp-json\/wp\/v2\/posts\/6639","targetHints":{"allow":["GET"]}}],"collection":[{"href":"https:\/\/www.ulisseland.com\/journal\/wp-json\/wp\/v2\/posts"}],"about":[{"href":"https:\/\/www.ulisseland.com\/journal\/wp-json\/wp\/v2\/types\/post"}],"author":[{"embeddable":true,"href":"https:\/\/www.ulisseland.com\/journal\/wp-json\/wp\/v2\/users\/1"}],"replies":[{"embeddable":true,"href":"https:\/\/www.ulisseland.com\/journal\/wp-json\/wp\/v2\/comments?post=6639"}],"version-history":[{"count":1,"href":"https:\/\/www.ulisseland.com\/journal\/wp-json\/wp\/v2\/posts\/6639\/revisions"}],"predecessor-version":[{"id":6644,"href":"https:\/\/www.ulisseland.com\/journal\/wp-json\/wp\/v2\/posts\/6639\/revisions\/6644"}],"wp:attachment":[{"href":"https:\/\/www.ulisseland.com\/journal\/wp-json\/wp\/v2\/media?parent=6639"}],"wp:term":[{"taxonomy":"category","embeddable":true,"href":"https:\/\/www.ulisseland.com\/journal\/wp-json\/wp\/v2\/categories?post=6639"},{"taxonomy":"post_tag","embeddable":true,"href":"https:\/\/www.ulisseland.com\/journal\/wp-json\/wp\/v2\/tags?post=6639"}],"curies":[{"name":"wp","href":"https:\/\/api.w.org\/{rel}","templated":true}]}}