{"id":6629,"date":"2013-11-24T09:36:33","date_gmt":"2013-11-24T08:36:33","guid":{"rendered":"http:\/\/www.ulisseland.com\/journal\/?p=6629"},"modified":"2013-11-24T09:36:33","modified_gmt":"2013-11-24T08:36:33","slug":"gaeta-comune-e-provincia-al-lavoro-per-una-flacca-piu-sicura","status":"publish","type":"post","link":"https:\/\/www.ulisseland.com\/journal\/gaeta-comune-e-provincia-al-lavoro-per-una-flacca-piu-sicura\/","title":{"rendered":"GAETA: Comune e Provincia al lavoro  per una Flacca pi\u00f9 sicura"},"content":{"rendered":"<figure id=\"attachment_6630\" aria-describedby=\"caption-attachment-6630\" style=\"width: 300px\" class=\"wp-caption alignleft\"><a href=\"https:\/\/www.ulisseland.com\/journal\/wp-content\/uploads\/2013\/11\/Gaeta-conferenza-sindaco1.jpg\"><img loading=\"lazy\" decoding=\"async\" src=\"https:\/\/www.ulisseland.com\/journal\/wp-content\/uploads\/2013\/11\/Gaeta-conferenza-sindaco1-300x237.jpg\" alt=\"Incontro al Comune di Gaeta\" width=\"300\" height=\"237\" class=\"size-medium wp-image-6630\" srcset=\"https:\/\/www.ulisseland.com\/journal\/wp-content\/uploads\/2013\/11\/Gaeta-conferenza-sindaco1-300x237.jpg 300w, https:\/\/www.ulisseland.com\/journal\/wp-content\/uploads\/2013\/11\/Gaeta-conferenza-sindaco1.jpg 860w\" sizes=\"auto, (max-width: 300px) 100vw, 300px\" \/><\/a><figcaption id=\"caption-attachment-6630\" class=\"wp-caption-text\">Incontro al Comune di Gaeta<\/figcaption><\/figure>\n<p><a href=\"https:\/\/www.ulisseland.com\/journal\/wp-content\/uploads\/2013\/11\/Santagostino.jpg\"><img loading=\"lazy\" decoding=\"async\" src=\"https:\/\/www.ulisseland.com\/journal\/wp-content\/uploads\/2013\/11\/Santagostino-300x139.jpg\" alt=\"Santagostino\" width=\"300\" height=\"139\" class=\"alignleft size-medium wp-image-6631\" srcset=\"https:\/\/www.ulisseland.com\/journal\/wp-content\/uploads\/2013\/11\/Santagostino-300x139.jpg 300w, https:\/\/www.ulisseland.com\/journal\/wp-content\/uploads\/2013\/11\/Santagostino.jpg 928w\" sizes=\"auto, (max-width: 300px) 100vw, 300px\" \/><\/a><br \/>\nPiana di S.Agostino: Provincia di Latina e Comune di Gaeta insieme al lavoro per una maggiore sicurezza della Via Flacca. L\u2019obiettivo \u00e8 quello di evitare altre tragedie della strada. Gi\u00e0 prima degli ultimi tristi episodi che hanno travolto giovani vite,   i due Enti locali avevano avviato la pianificazione di interventi volti a garantire una pi\u00f9 attenta viabilit\u00e0 veicolare e una pi\u00f9 sicura mobilit\u00e0 pedonale nell&#8217;area.<br \/>\nA seguito di diversi incontri, avvenuti nelle scorse settimane,  tra l&#8217;Assessore alla Mobilit\u00e0 Antonio di Biagio, tecnici del Comune di Gaeta  e funzionari della Provincia  di Latina, sono state programmate una serie di azioni in parte di competenza provinciale in parte  comunale, con l&#8217;intesa di coinvolgere in questo piano sicurezza anche l&#8217;Astral, per quanto di sua competenza.<br \/>\n&#8220;L&#8217;Ente di Via Costa &#8211; afferma l&#8217;Assessore Di Biagio &#8211; provveder\u00e0, nei prossimi giorni, a dotare il tratto della Via Flacca in questione di segnalatori luminosi che avranno lo scopo di attenzionare i veicoli in transito, sollecitando maggiore prudenza e cautela nella guida. Mentre da parte del Comune abbiamo garantito il massimo impegno a realizzare a breve una nuova dislocazione degli impianti semaforici presenti in zona, che allo stato attuale non solo risultano fatiscenti e spenti, ma sono posizionati in modo poco funzionale all&#8217;obiettivo della massima sicurezza. Inoltre \u00e8 nostra intenzione coinvolgere e sollecitare l&#8217;Astral per lo svolgimento degli interventi che gli competono, al fine di effettuare una sistemazione a 360 \u00b0 di questo tratto della Via Flacca&#8221;.<br \/>\nIl Sindaco Cosmo Mitrano sottolinea che  &#8220;i lavori al via  a Sant&#8217;Agostino vanno ad aggiungersi ad altri micro interventi di estrema importanza che la nostra Amministrazione ha svolto sul territorio cittadino, in questi primi 17 mesi di mandato, volti al miglioramento della mobilit\u00e0 e della vivibilit\u00e0. Prossimo passo in questa direzione sar\u00e0 l&#8217;istituzione della ZTL in Via Indipendenza, progetto che stiamo curando con grande impegno recependo una forte istanza della popolazione, in particolare residente. Inoltre per garantire maggiore serenit\u00e0 a tutti, e porre un freno ad atti vandalici e di microcriminalit\u00e0,  \u00e8 allo studio l&#8217;installazione di un sistema di video sorveglianza in Via Indipendenza e in altri punti della citt\u00e0 che meritano particolare attenzione. Siamo, dunque, al lavoro con l&#8217;obiettivo fondamentale di rendere Gaeta una citt\u00e0 sempre pi\u00f9 sicura e a misura d&#8217;uomo, nel pieno rispetto del nostro programma di governo&#8221;.<br \/>\nIl Direttore Dott. Sergio Monforte<\/p>\n","protected":false},"excerpt":{"rendered":"<p>Piana di S.Agostino: Provincia di Latina e Comune di Gaeta insieme al lavoro per una maggiore sicurezza della Via Flacca. L\u2019obiettivo \u00e8 quello di evitare altre tragedie della strada. Gi\u00e0 prima degli ultimi tristi episodi che hanno travolto giovani vite, i due Enti locali avevano avviato la pianificazione di interventi volti a garantire una pi\u00f9<\/p>\n","protected":false},"author":1,"featured_media":0,"comment_status":"open","ping_status":"open","sticky":false,"template":"","format":"standard","meta":{"footnotes":""},"categories":[20,13,11],"tags":[],"class_list":["post-6629","post","type-post","status-publish","format-standard","hentry","category-comune-di-gaeta","category-cronaca","category-enti"],"_links":{"self":[{"href":"https:\/\/www.ulisseland.com\/journal\/wp-json\/wp\/v2\/posts\/6629","targetHints":{"allow":["GET"]}}],"collection":[{"href":"https:\/\/www.ulisseland.com\/journal\/wp-json\/wp\/v2\/posts"}],"about":[{"href":"https:\/\/www.ulisseland.com\/journal\/wp-json\/wp\/v2\/types\/post"}],"author":[{"embeddable":true,"href":"https:\/\/www.ulisseland.com\/journal\/wp-json\/wp\/v2\/users\/1"}],"replies":[{"embeddable":true,"href":"https:\/\/www.ulisseland.com\/journal\/wp-json\/wp\/v2\/comments?post=6629"}],"version-history":[{"count":1,"href":"https:\/\/www.ulisseland.com\/journal\/wp-json\/wp\/v2\/posts\/6629\/revisions"}],"predecessor-version":[{"id":6632,"href":"https:\/\/www.ulisseland.com\/journal\/wp-json\/wp\/v2\/posts\/6629\/revisions\/6632"}],"wp:attachment":[{"href":"https:\/\/www.ulisseland.com\/journal\/wp-json\/wp\/v2\/media?parent=6629"}],"wp:term":[{"taxonomy":"category","embeddable":true,"href":"https:\/\/www.ulisseland.com\/journal\/wp-json\/wp\/v2\/categories?post=6629"},{"taxonomy":"post_tag","embeddable":true,"href":"https:\/\/www.ulisseland.com\/journal\/wp-json\/wp\/v2\/tags?post=6629"}],"curies":[{"name":"wp","href":"https:\/\/api.w.org\/{rel}","templated":true}]}}