{"id":6621,"date":"2013-11-24T09:24:30","date_gmt":"2013-11-24T08:24:30","guid":{"rendered":"http:\/\/www.ulisseland.com\/journal\/?p=6621"},"modified":"2013-11-24T09:25:14","modified_gmt":"2013-11-24T08:25:14","slug":"formia-il-restauro-completo-delledificio-comunale","status":"publish","type":"post","link":"https:\/\/www.ulisseland.com\/journal\/formia-il-restauro-completo-delledificio-comunale\/","title":{"rendered":"FORMIA : Il restauro completo dell\u2019edificio comunale"},"content":{"rendered":"<figure id=\"attachment_6622\" aria-describedby=\"caption-attachment-6622\" style=\"width: 300px\" class=\"wp-caption alignleft\"><a href=\"https:\/\/www.ulisseland.com\/journal\/wp-content\/uploads\/2013\/11\/La-corte-comunale-vista-dallalto.jpg\"><img loading=\"lazy\" decoding=\"async\" src=\"https:\/\/www.ulisseland.com\/journal\/wp-content\/uploads\/2013\/11\/La-corte-comunale-vista-dallalto-300x179.jpg\" alt=\"La corte comunale di Formia\" width=\"300\" height=\"179\" class=\"size-medium wp-image-6622\" srcset=\"https:\/\/www.ulisseland.com\/journal\/wp-content\/uploads\/2013\/11\/La-corte-comunale-vista-dallalto-300x179.jpg 300w, https:\/\/www.ulisseland.com\/journal\/wp-content\/uploads\/2013\/11\/La-corte-comunale-vista-dallalto.jpg 926w\" sizes=\"auto, (max-width: 300px) 100vw, 300px\" \/><\/a><figcaption id=\"caption-attachment-6622\" class=\"wp-caption-text\">La corte comunale di Formia<\/figcaption><\/figure>\n<p>Il sopralluogo dell&#8217;amministrazione.<\/p>\n<p>Due piani, pi\u00f9 i cosiddetti \u201cstalloni\u201d. Oltre duemila metri quadri di palazzo comunale sono tuttora abbandonati ed in preda al pi\u00f9 completo degrado. Una delegazione composta da sindaco, assessori, delegati e consiglieri ha effettuato un sopralluogo per verificare le condizioni dell\u2019ala di municipio compresa tra via dei Carmelitani ed il retro della Chiesa di Santa Teresa. La volont\u00e0 \u00e8 quella di ristrutturarla e restituirla alla citt\u00e0. \u201cServono cinque milioni di euro, spiega il sindaco Sandro Bartolomeo passeggiando tra i ruderi scortato dalla Protezione Civile; quattro sono stati gi\u00e0 richiesti alla Regione, con uno dei primi atti prodotti dalla nuova amministrazione. <figure id=\"attachment_6623\" aria-describedby=\"caption-attachment-6623\" style=\"width: 300px\" class=\"wp-caption alignright\"><a href=\"https:\/\/www.ulisseland.com\/journal\/wp-content\/uploads\/2013\/11\/Il-Sindaco-Bartolomeo-nel-vecchio-edificio-comunale.jpg\"><img loading=\"lazy\" decoding=\"async\" src=\"https:\/\/www.ulisseland.com\/journal\/wp-content\/uploads\/2013\/11\/Il-Sindaco-Bartolomeo-nel-vecchio-edificio-comunale-300x208.jpg\" alt=\"Il sopraluogo\" width=\"300\" height=\"208\" class=\"size-medium wp-image-6623\" srcset=\"https:\/\/www.ulisseland.com\/journal\/wp-content\/uploads\/2013\/11\/Il-Sindaco-Bartolomeo-nel-vecchio-edificio-comunale-300x208.jpg 300w, https:\/\/www.ulisseland.com\/journal\/wp-content\/uploads\/2013\/11\/Il-Sindaco-Bartolomeo-nel-vecchio-edificio-comunale.jpg 969w\" sizes=\"auto, (max-width: 300px) 100vw, 300px\" \/><\/a><figcaption id=\"caption-attachment-6623\" class=\"wp-caption-text\">Il sopraluogo<\/figcaption><\/figure><br \/>\nIl sopralluogo parte dall\u2019ingresso di via dei Carmelitani. Sulla destra, una porta d\u00e0 sui cosiddetti \u201cstalloni\u201d, gli ambienti usati dalle truppe borboniche per il ricovero dei cavalli. Seguono paralleli al corridoio che conduce alla Corte comunale. Sotto le arcate, tra gli ambienti abbandonati all\u2019oscurit\u00e0, si ammassano sedie di plastica, strutture in ferro e segnaletica stradale in disuso, testimonianza dell\u2019uso che se n\u2019\u00e8 fatto negli ultimi decenni, cimitero o meglio \u201cdiscarica\u201d del Comune. Il sindaco confabula con un tecnico osservando la parete che divide gli stalloni dal corridoio di accesso alla corte ed ipotizza che potrebbe essere abbattuta, in modo da realizzare un ambiente grandissimo.<br \/>\nPer passare ai piani superiori si torna all\u2019ingresso centrale. Si entra nella balconata della corte passando per gli uffici del Patrimonio. Sulla destra, troviamo una serie di ambienti in totale degrado. C\u2019\u00e8 anche l\u2019ex sala consiliare dei tempi di Vincenzo Aprea sindaco. Erano i primi anni Sessanta. Considerate le condizioni, sembra siano passati cent\u2019anni.<br \/>\nAl piano superiore un tempo c\u2019erano gli alloggi popolari. Gli ingressi sono stati chiusi per evitare che i clochard ci andassero a dormire. Le scale portano fino al tetto. La vista \u00e8 da perdere il fiato. Dal mare alle montagne, i tetti di via Lavanga, la splendida struttura dell\u2019ex caserma dei Carabinieri.<br \/>\nPer il valore che ha la struttura, l\u2019investimento conviene. Ma servono risorse. Attraverso il settore Opere Pubbliche, il Comune ha predisposto un progetto preliminare allegato alla richiesta di 4 milioni di euro avanzata alla Regione per il completamento e la ristrutturazione dell\u2019edificio comunale. \u201cE\u2019 uno dei nostri obiettivi, conclude Bartolomeo e ci proveremo\u201d.<br \/>\nIl Direttore Dott. Sergio Monforte<\/p>\n","protected":false},"excerpt":{"rendered":"<p>Il sopralluogo dell&#8217;amministrazione. Due piani, pi\u00f9 i cosiddetti \u201cstalloni\u201d. Oltre duemila metri quadri di palazzo comunale sono tuttora abbandonati ed in preda al pi\u00f9 completo degrado. Una delegazione composta da sindaco, assessori, delegati e consiglieri ha effettuato un sopralluogo per verificare le condizioni dell\u2019ala di municipio compresa tra via dei Carmelitani ed il retro della<\/p>\n","protected":false},"author":1,"featured_media":0,"comment_status":"open","ping_status":"open","sticky":false,"template":"","format":"standard","meta":{"footnotes":""},"categories":[14,13,11],"tags":[],"class_list":["post-6621","post","type-post","status-publish","format-standard","hentry","category-comune-di-formia","category-cronaca","category-enti"],"_links":{"self":[{"href":"https:\/\/www.ulisseland.com\/journal\/wp-json\/wp\/v2\/posts\/6621","targetHints":{"allow":["GET"]}}],"collection":[{"href":"https:\/\/www.ulisseland.com\/journal\/wp-json\/wp\/v2\/posts"}],"about":[{"href":"https:\/\/www.ulisseland.com\/journal\/wp-json\/wp\/v2\/types\/post"}],"author":[{"embeddable":true,"href":"https:\/\/www.ulisseland.com\/journal\/wp-json\/wp\/v2\/users\/1"}],"replies":[{"embeddable":true,"href":"https:\/\/www.ulisseland.com\/journal\/wp-json\/wp\/v2\/comments?post=6621"}],"version-history":[{"count":2,"href":"https:\/\/www.ulisseland.com\/journal\/wp-json\/wp\/v2\/posts\/6621\/revisions"}],"predecessor-version":[{"id":6625,"href":"https:\/\/www.ulisseland.com\/journal\/wp-json\/wp\/v2\/posts\/6621\/revisions\/6625"}],"wp:attachment":[{"href":"https:\/\/www.ulisseland.com\/journal\/wp-json\/wp\/v2\/media?parent=6621"}],"wp:term":[{"taxonomy":"category","embeddable":true,"href":"https:\/\/www.ulisseland.com\/journal\/wp-json\/wp\/v2\/categories?post=6621"},{"taxonomy":"post_tag","embeddable":true,"href":"https:\/\/www.ulisseland.com\/journal\/wp-json\/wp\/v2\/tags?post=6621"}],"curies":[{"name":"wp","href":"https:\/\/api.w.org\/{rel}","templated":true}]}}