{"id":6596,"date":"2013-11-09T07:35:11","date_gmt":"2013-11-09T06:35:11","guid":{"rendered":"http:\/\/www.ulisseland.com\/journal\/?p=6596"},"modified":"2013-11-09T07:35:11","modified_gmt":"2013-11-09T06:35:11","slug":"gaeta-tutti-riassunti-gli-operatori-ecologici-migliora-la-raccolta-differenziata","status":"publish","type":"post","link":"https:\/\/www.ulisseland.com\/journal\/gaeta-tutti-riassunti-gli-operatori-ecologici-migliora-la-raccolta-differenziata\/","title":{"rendered":"GAETA: Tutti riassunti gli operatori ecologici  Migliora la raccolta differenziata"},"content":{"rendered":"<figure id=\"attachment_6597\" aria-describedby=\"caption-attachment-6597\" style=\"width: 300px\" class=\"wp-caption alignleft\"><a href=\"https:\/\/www.ulisseland.com\/journal\/wp-content\/uploads\/2013\/11\/Gaeta-Comune.jpg\"><img loading=\"lazy\" decoding=\"async\" src=\"https:\/\/www.ulisseland.com\/journal\/wp-content\/uploads\/2013\/11\/Gaeta-Comune-300x200.jpg\" alt=\"Il Municipio di Gaeta\" width=\"300\" height=\"200\" class=\"size-medium wp-image-6597\" srcset=\"https:\/\/www.ulisseland.com\/journal\/wp-content\/uploads\/2013\/11\/Gaeta-Comune-300x200.jpg 300w, https:\/\/www.ulisseland.com\/journal\/wp-content\/uploads\/2013\/11\/Gaeta-Comune.jpg 600w\" sizes=\"auto, (max-width: 300px) 100vw, 300px\" \/><\/a><figcaption id=\"caption-attachment-6597\" class=\"wp-caption-text\">Il Municipio di Gaeta<\/figcaption><\/figure>\n<p><figure id=\"attachment_6598\" aria-describedby=\"caption-attachment-6598\" style=\"width: 300px\" class=\"wp-caption alignright\"><a href=\"https:\/\/www.ulisseland.com\/journal\/wp-content\/uploads\/2013\/11\/Gaeta-conferenza-sindaco.jpg\"><img loading=\"lazy\" decoding=\"async\" src=\"https:\/\/www.ulisseland.com\/journal\/wp-content\/uploads\/2013\/11\/Gaeta-conferenza-sindaco-300x237.jpg\" alt=\"Incontro al Comune di Gaeta\" width=\"300\" height=\"237\" class=\"size-medium wp-image-6598\" srcset=\"https:\/\/www.ulisseland.com\/journal\/wp-content\/uploads\/2013\/11\/Gaeta-conferenza-sindaco-300x237.jpg 300w, https:\/\/www.ulisseland.com\/journal\/wp-content\/uploads\/2013\/11\/Gaeta-conferenza-sindaco.jpg 860w\" sizes=\"auto, (max-width: 300px) 100vw, 300px\" \/><\/a><figcaption id=\"caption-attachment-6598\" class=\"wp-caption-text\">Incontro al Comune di Gaeta<\/figcaption><\/figure>Sono stati tutti riassunti i 12 operatori ecologici che il 30 settembre scorso hanno visto scadere, senza possibilit\u00e0 di proroga  il proprio contratto di lavoro a tempo determinato, stipulato con la precedente societ\u00e0  di gestione del servizio di Igiene Urbana nel Comune di Gaeta. La comunicazione, che fa tirare un sospiro di sollievo ai lavoratori e alle loro famiglie, viene dal Sindaco Cosmo Mitrano che ha affrontato in modo deciso la grave situazione, lavorando in stretta collaborazione con l&#8217;Assessorato alle Politiche Ambientali ed Igiene Urbana diretto da Alessandro Vona,  e con il Dipartimento competente.<br \/>\n&#8220;La crisi occupazionale che attanaglia il paese e che stringe in un morsa anche la nostra citt\u00e0 e la sua economia, ha dichiarato il Sindaco Mitrano, non consentiva indugi. Nel caso specifico dei lavoratori in questione, la situazione era davvero critica. Abbiamo avviato immediatamente e con impegno il progetto per la raccolta differenziata attraverso il sistema porta a porta nel territorio cittadino, partendo in via sperimentale nel quartiere di Serapo,  in Corso Italia e, subito dopo in Via Garibaldi e traverse. E&#8217; stato cos\u00ec possibile  far ritornare al lavoro i 12 operatori ecologici, rendendoli  parte attiva dell&#8217;importante sfida che la nostra citt\u00e0 deve vincere: la realizzazione di una raccolta dei rifiuti urbani efficiente e capillare, in grado di raggiungere un&#8217;alta percentuale di differenziata, necessaria non solo alla riacquisizione della Bandiera Blu, ma sopratutto a garantire  una dimensione di maggiore vivibilit\u00e0 ed ecosostenibilit\u00e0 per la citt\u00e0 di Gaeta. In tale direzione opera il nuovo bando promulgato per l&#8217;affidamento del servizio di igiene urbana, che prevede l&#8217;estensione del sistema porta a porta in  gran parte del territorio comunale,  e nell&#8217;area restante, l&#8217;attivazione del  cosiddetto conferimento &#8220;intelligente&#8221;, grazie all&#8217;uso di tessera o chiave elettronica. In proposito invito tutta la cittadinanza a collaborare per un buona differenziata, poich\u00e9 il successo in questo ambito sar\u00e0 un successo di tutti!&#8221;<br \/>\n&#8220;L&#8217;impegno della nostra Amministrazione verso i 12 lavoratori in questione &#8211; conclude il primo cittadino &#8211; \u00e8 proprio l&#8217;inserimento a tempo indeterminato nel nuovo servizio di igiene urbana comunale, previsto dal suddetto bando. Vogliamo cos\u00ec sottrarli all&#8217;incubo del precariato e di eventuali ricatti elettorali . La svolta che abbiamo saputo imprimere a questa emergenza lavorativa, frutto di un lavoro sinergico dell&#8217;attuale squadra amministrativa, dimostra la nostra ferma volont\u00e0 ed operativit\u00e0 nella ricerca di soluzioni, in particolare verso problematiche di alta tensione sociale, che mettono a repentaglio il futuro di  famiglie della nostra citt\u00e0. Non sempre \u00e8 possibile raggiungere l&#8217;obiettivo, ma \u00e8 importante tentare. Questo \u00e8 lo spirito che ci guida, per il benessere di Gaeta&#8221;.<br \/>\nPer l&#8217;Assessore alle Politiche Ambientali Alessandro Vona &#8220;l&#8217;Amministrazione ha puntato su una strategia vincente dando un&#8217; accelerata al progetto di raccolta differenziata,  che necessita, per le sue peculiarit\u00e0, l&#8217;impiego di un numero adeguato di operatori, consentendo il reinserimento lavorativo dei dodici operatori ecologici. Saranno impegnati nella raccolta dei rifiuti porta a porta che nei prossimi giorni coinvolger\u00e0 anche Via Garibaldi e traverse. Sono gi\u00e0 in corso le operazioni di consegna, presso le abitazioni e siti commerciali del quartiere, dei contenitori e sacchetti, in comodato d\u2019uso gratuito, necessari per la separazione dei rifiuti insieme al calendario di raccolta e all\u2019opuscolo informativo e nei prossimi giorni daremo il via ad incontri pubblici e stand informativi&#8221;.<br \/>\nPer conoscere le modalit\u00e0 del nuovo servizio, realizzato in linea con le indicazioni fornite dalla normativa europea in materia, l&#8217;Assessorato alle Politiche Ambientali ed Igiene Urbana ha organizzato incontri pubblici e stand informativi  dove personale specializzato sar\u00e0 a disposizione  dei cittadini per rispondere a domande e chiarire dubbi.<br \/>\nIntanto, mentre continua con successo la fase sperimentale della raccolta differenziata \u00abporta a porta\u00bb avviata all&#8217;inizio di ottobre per i residenti di Corso Italia, cominciano a diventare significative le percentuali di differenziato registrate su tutto il territorio comunale dall&#8217;insediamento dell&#8217;Amministrazione presieduta da Cosmo Mitrano.<br \/>\nDa un&#8217;analisi dei dati sulla raccolta dei rifiuti si evince che dal 1 gennaio al 30 giugno 2012 il Comune di Gaeta ha prodotto 6.325.826 chilogrammi di rifiuti. Nello stesso semestre del 2013 il quantitativo dei rifiuti si \u00e8 attestato sui 6.515.214 kg con un incremento di 189.388 kg. Dal confronto tra i primi sei mesi del 2012 (ultimo semestre della gestione Raimondi) ed i primi sei mesi del 2013 (secondo semestre della gestione Mitrano), nonostante l&#8217;incremento dell&#8217;immondizia prodotta, il quantitativo di Rifiuti Solidi Urbani (RSU) indifferenziati \u00e8 diminuito di 335.840 chili, determinando al contempo un sostanziale aumento della raccolta differenziata.<br \/>\nDifatti, nei primi sei mesi del 2012 i chilogrammi di rifiuti differenziati sono stati 653.426 (10,37%) mentre nello stesso periodo del 2013 l&#8217;Amministrazione Mitrano ha portato questo quantitativo a 1.178.654 (18,06%) determinandone quasi un raddoppio. Questi dati si traducono in un aumento percentuale del 7,69 a parit\u00e0 di servizio di raccolta stradale erogato. Probabilmente, se questi dati fossero stati raggiunti anche nel primo semestre 2012, avremmo superato la soglia per ottenere il riconoscimento della bandiera blu.<\/p>\n<p>Il Direttore Dott. Sergio Monforte<\/p>\n","protected":false},"excerpt":{"rendered":"<p>Sono stati tutti riassunti i 12 operatori ecologici che il 30 settembre scorso hanno visto scadere, senza possibilit\u00e0 di proroga il proprio contratto di lavoro a tempo determinato, stipulato con la precedente societ\u00e0 di gestione del servizio di Igiene Urbana nel Comune di Gaeta. La comunicazione, che fa tirare un sospiro di sollievo ai lavoratori<\/p>\n","protected":false},"author":1,"featured_media":0,"comment_status":"open","ping_status":"open","sticky":false,"template":"","format":"standard","meta":{"footnotes":""},"categories":[20,13,11],"tags":[],"class_list":["post-6596","post","type-post","status-publish","format-standard","hentry","category-comune-di-gaeta","category-cronaca","category-enti"],"_links":{"self":[{"href":"https:\/\/www.ulisseland.com\/journal\/wp-json\/wp\/v2\/posts\/6596","targetHints":{"allow":["GET"]}}],"collection":[{"href":"https:\/\/www.ulisseland.com\/journal\/wp-json\/wp\/v2\/posts"}],"about":[{"href":"https:\/\/www.ulisseland.com\/journal\/wp-json\/wp\/v2\/types\/post"}],"author":[{"embeddable":true,"href":"https:\/\/www.ulisseland.com\/journal\/wp-json\/wp\/v2\/users\/1"}],"replies":[{"embeddable":true,"href":"https:\/\/www.ulisseland.com\/journal\/wp-json\/wp\/v2\/comments?post=6596"}],"version-history":[{"count":1,"href":"https:\/\/www.ulisseland.com\/journal\/wp-json\/wp\/v2\/posts\/6596\/revisions"}],"predecessor-version":[{"id":6599,"href":"https:\/\/www.ulisseland.com\/journal\/wp-json\/wp\/v2\/posts\/6596\/revisions\/6599"}],"wp:attachment":[{"href":"https:\/\/www.ulisseland.com\/journal\/wp-json\/wp\/v2\/media?parent=6596"}],"wp:term":[{"taxonomy":"category","embeddable":true,"href":"https:\/\/www.ulisseland.com\/journal\/wp-json\/wp\/v2\/categories?post=6596"},{"taxonomy":"post_tag","embeddable":true,"href":"https:\/\/www.ulisseland.com\/journal\/wp-json\/wp\/v2\/tags?post=6596"}],"curies":[{"name":"wp","href":"https:\/\/api.w.org\/{rel}","templated":true}]}}