{"id":6582,"date":"2013-11-07T18:52:44","date_gmt":"2013-11-07T17:52:44","guid":{"rendered":"http:\/\/www.ulisseland.com\/journal\/?p=6582"},"modified":"2013-11-09T07:20:05","modified_gmt":"2013-11-09T06:20:05","slug":"formia-francesco-carta-sollecita-interventi-per-la-sanita-nel-sud-pontino","status":"publish","type":"post","link":"https:\/\/www.ulisseland.com\/journal\/formia-francesco-carta-sollecita-interventi-per-la-sanita-nel-sud-pontino\/","title":{"rendered":"FORMIA: LE EMERGENZE DEL &#8220;DONO SVIZZERO&#8221; ( Denuncia del segretario del Pd, Francesco Carta)"},"content":{"rendered":"<p><figure id=\"attachment_6586\" aria-describedby=\"caption-attachment-6586\" style=\"width: 300px\" class=\"wp-caption alignleft\"><a href=\"https:\/\/www.ulisseland.com\/journal\/wp-content\/uploads\/2013\/11\/Ospedale-Dono-Svizzero1.jpg\"><img loading=\"lazy\" decoding=\"async\" src=\"https:\/\/www.ulisseland.com\/journal\/wp-content\/uploads\/2013\/11\/Ospedale-Dono-Svizzero1-300x225.jpg\" alt=\"L&#039;Ospedale Dono Svizzero di Formia\" width=\"300\" height=\"225\" class=\"size-medium wp-image-6586\" srcset=\"https:\/\/www.ulisseland.com\/journal\/wp-content\/uploads\/2013\/11\/Ospedale-Dono-Svizzero1-300x225.jpg 300w, https:\/\/www.ulisseland.com\/journal\/wp-content\/uploads\/2013\/11\/Ospedale-Dono-Svizzero1.jpg 1024w\" sizes=\"auto, (max-width: 300px) 100vw, 300px\" \/><\/a><figcaption id=\"caption-attachment-6586\" class=\"wp-caption-text\">L&#8217;Ospedale Dono Svizzero di Formia<\/figcaption><\/figure>In una lettera indirizzata al Presidente della Regione Lazio  Nicola Zingaretti, ai consiglieri regionali Enrico Forte e Giuseppe Simeone ed ai Sindaci del comprensorio, il coordinatore del circolo Pd, Francesco Carta elenca la drammatica situazione sanitaria del presidio \u201cDono Svizzero\u201d e sollecita un\u2019ispezione degli organi competenti.<br \/>\nNella Provincia di Latina, afferma Carta, a livello sanitario, si \u00e8 creata una gravissima condizione di squilibrio tra l&#8217;area di centro nord ed il presidio sud del golfo di Gaeta, in quanto le apparecchiature del Dono Svizzero restano obsolete e spesso in avaria, mentre  i  presidi del centro nord hanno macchine di primordine. Alcuni mesi or sono fu annunciato l&#8217;acquisto di una Risonanza Magnetica Nucleare per l\u2019ospedale di Formia malgrado avessimo ripetutamente richiesto la sostituzione della TAC, istallata nel 2002 e perci\u00f2 obsoleta e continuamente sottoposta ad interventi di riparazione. La Risonanza non s\u2019\u00e8 vista mentre la TAC, uno dei primi modelli multistrato (8 strati), \u00e8 ormai irrecuperabile: ripararla per l&#8217;ennesima volta costerebbe oltre 100 mila euro e non conviene. Da circa 2 settimane   i pazienti del Dono Svizzero sono trasferiti a Fondi ed a Latina ed ora, \u00e8 stata addirittura noleggiata una TAC mobile (16 strati) con un costo giornaliero di circa 1000 euro. E&#8217; parcheggiata sotto l&#8217;ospedale e far\u00e0 esami in attesa che venga istallata una macchina 16 strati, acquistata dall&#8217;ASL alcuni anni fa ma non ancora assemblata dalla ditta fornitrice che risiede in Olanda. Questo modello, ormai di gran lunga superato, \u00e8 stato dichiarato non idoneo per l&#8217;ospedale di Latina e di Terracina ma lo sar\u00e0 per quello di Formia.<figure id=\"attachment_6585\" aria-describedby=\"caption-attachment-6585\" style=\"width: 300px\" class=\"wp-caption alignright\"><a href=\"https:\/\/www.ulisseland.com\/journal\/wp-content\/uploads\/2013\/11\/La-TAC-mobile-nel-parcheggio-del-Dono-Svizzero.jpg\"><img loading=\"lazy\" decoding=\"async\" src=\"https:\/\/www.ulisseland.com\/journal\/wp-content\/uploads\/2013\/11\/La-TAC-mobile-nel-parcheggio-del-Dono-Svizzero-300x225.jpg\" alt=\"La TAC mobile nel parcheggio dell&#039;ospedale\" width=\"300\" height=\"225\" class=\"size-medium wp-image-6585\" srcset=\"https:\/\/www.ulisseland.com\/journal\/wp-content\/uploads\/2013\/11\/La-TAC-mobile-nel-parcheggio-del-Dono-Svizzero-300x225.jpg 300w, https:\/\/www.ulisseland.com\/journal\/wp-content\/uploads\/2013\/11\/La-TAC-mobile-nel-parcheggio-del-Dono-Svizzero.jpg 640w\" sizes=\"auto, (max-width: 300px) 100vw, 300px\" \/><\/a><figcaption id=\"caption-attachment-6585\" class=\"wp-caption-text\">La TAC mobile nel parcheggio dell&#8217;ospedale<\/figcaption><\/figure><br \/>\n Intanto  nell&#8217;ospedale di Latina \u00e8 istallata una TAC 128 strati, velocissima, in grado di fornire immagini  di alta definizione  riducendo i tempi di esposizione alle radiazioni ionizzanti. Sempre al Goretti di Latina c&#8217;\u00e8 un&#8217;altra macchina di 64 strati utilizzata dal Pronto Soccorso. Un&#8217;altra TAC, di 64 strati, \u00e8 istallata a Fondi mentre un modello analogo sta per essere istallato a Terracina; Formia, che \u00e8 il secondo DEA della provincia, dovr\u00e0 utilizzare per ora una macchina mobile ed in futuro, una 16 strati che non hanno inteso istallare n\u00e9 al Goretti e n\u00e9 al Fiorini di Terracina. Eppure a Formia arrivano anche i pazienti critici da Terracina e Fondi. Si tratta di una oggettiva e grave discriminazione nei confronti dei cittadini del sud della provincia di Latina. <a href=\"https:\/\/www.ulisseland.com\/journal\/wp-content\/uploads\/2013\/11\/Francesco-Carta.jpg\"><img loading=\"lazy\" decoding=\"async\" src=\"https:\/\/www.ulisseland.com\/journal\/wp-content\/uploads\/2013\/11\/Francesco-Carta.jpg\" alt=\"Francesco Carta\" width=\"400\" height=\"604\" class=\"alignleft size-full wp-image-6584\" srcset=\"https:\/\/www.ulisseland.com\/journal\/wp-content\/uploads\/2013\/11\/Francesco-Carta.jpg 400w, https:\/\/www.ulisseland.com\/journal\/wp-content\/uploads\/2013\/11\/Francesco-Carta-198x300.jpg 198w\" sizes=\"auto, (max-width: 400px) 100vw, 400px\" \/><\/a><br \/>\nI medici della Cardiologia di Formia da tempo segnalano la necessit\u00e0 di acquistare un nuovo Ecografo perch\u00e8 \u201cl&#8217;ecocardiografo Siemens, nonostante il recente intervento di manutenzione del mese di Agosto di quest&#8217;anno, presenta gravi problemi di funzionamento ed una pessima qualit\u00e0 dell&#8217;immagine che impediscono l&#8217;effettuazione di esami di livello adeguato alle necessit\u00e0 dei degenti dell&#8217;Unit\u00e0 Operativa e degli altri reparti dell&#8217;Ospedale. In particolare \u00e8 notevolmente scarsa la qualit\u00e0 del segnale Color Doppler, fondamentale per la diagnosi di patologie gravissime come le rotture del setto interventricolare, di lembi valvolari o di muscolo papillare in corso di infarto miocardico acuto\u201d. Sono almeno 4 anni che si attende l&#8217;acquisto di una nuova macchina fissa e di un portatile per eseguire esami negli altri reparti dell&#8217;ospedale. In una recente lettera inviata alla Direzione Sanitaria del \u201cDono Svizzero\u201d da parte del Direttore della UOC Strutture e Tecnologie, Arch. Daniela Zaralli, e del Direttore Amministrativo Aziendale Dr. Ulderico Rossi, si dispone che ogni intervento di manutenzione superiore ad euro 1000 dovr\u00e0 essere autorizzato dalla Tecno-Struttura di Latina. Tutto o quasi, dunque, converge su Latina mentre nei servizi del sud diventa sempre pi\u00f9 difficile fare buona assistenza. Per questo, Francesco Carta chiede un&#8217;ispezione urgente affinch\u00e8 si possano pianificare interventi efficaci e risolutivi a breve e  medio termine.<\/p>\n<p>Il Direttore Dott. Sergio Monforte             <\/p>\n","protected":false},"excerpt":{"rendered":"<p>In una lettera indirizzata al Presidente della Regione Lazio Nicola Zingaretti, ai consiglieri regionali Enrico Forte e Giuseppe Simeone ed ai Sindaci del comprensorio, il coordinatore del circolo Pd, Francesco Carta elenca la drammatica situazione sanitaria del presidio \u201cDono Svizzero\u201d e sollecita un\u2019ispezione degli organi competenti. Nella Provincia di Latina, afferma Carta, a livello sanitario,<\/p>\n","protected":false},"author":1,"featured_media":0,"comment_status":"open","ping_status":"open","sticky":false,"template":"","format":"standard","meta":{"footnotes":""},"categories":[39,14,20,50,27,18,24,28,37,38,13,11],"tags":[],"class_list":["post-6582","post","type-post","status-publish","format-standard","hentry","category-comune-di-castelforte","category-comune-di-formia","category-comune-di-gaeta","category-comune-di-itri","category-comune-di-minturno","category-comune-di-ponza","category-comunedisperlonga","category-comune-di-spigno-saturnia","category-comune-di-ss-cosma-e-damiano","category-comune-di-ventotene","category-cronaca","category-enti"],"_links":{"self":[{"href":"https:\/\/www.ulisseland.com\/journal\/wp-json\/wp\/v2\/posts\/6582","targetHints":{"allow":["GET"]}}],"collection":[{"href":"https:\/\/www.ulisseland.com\/journal\/wp-json\/wp\/v2\/posts"}],"about":[{"href":"https:\/\/www.ulisseland.com\/journal\/wp-json\/wp\/v2\/types\/post"}],"author":[{"embeddable":true,"href":"https:\/\/www.ulisseland.com\/journal\/wp-json\/wp\/v2\/users\/1"}],"replies":[{"embeddable":true,"href":"https:\/\/www.ulisseland.com\/journal\/wp-json\/wp\/v2\/comments?post=6582"}],"version-history":[{"count":3,"href":"https:\/\/www.ulisseland.com\/journal\/wp-json\/wp\/v2\/posts\/6582\/revisions"}],"predecessor-version":[{"id":6589,"href":"https:\/\/www.ulisseland.com\/journal\/wp-json\/wp\/v2\/posts\/6582\/revisions\/6589"}],"wp:attachment":[{"href":"https:\/\/www.ulisseland.com\/journal\/wp-json\/wp\/v2\/media?parent=6582"}],"wp:term":[{"taxonomy":"category","embeddable":true,"href":"https:\/\/www.ulisseland.com\/journal\/wp-json\/wp\/v2\/categories?post=6582"},{"taxonomy":"post_tag","embeddable":true,"href":"https:\/\/www.ulisseland.com\/journal\/wp-json\/wp\/v2\/tags?post=6582"}],"curies":[{"name":"wp","href":"https:\/\/api.w.org\/{rel}","templated":true}]}}