{"id":6569,"date":"2013-11-01T06:46:40","date_gmt":"2013-11-01T05:46:40","guid":{"rendered":"http:\/\/www.ulisseland.com\/journal\/?p=6569"},"modified":"2013-11-01T06:52:09","modified_gmt":"2013-11-01T05:52:09","slug":"gaeta-iniziati-i-lavori-per-la-viabilita-principale-di-calegna","status":"publish","type":"post","link":"https:\/\/www.ulisseland.com\/journal\/gaeta-iniziati-i-lavori-per-la-viabilita-principale-di-calegna\/","title":{"rendered":"GAETA: iniziati i lavori per la viabilit\u00e0 principale di Calegna"},"content":{"rendered":"<p><a href=\"https:\/\/www.ulisseland.com\/journal\/wp-content\/uploads\/2013\/11\/foto-B5-Calegna-5.jpg\"><img loading=\"lazy\" decoding=\"async\" src=\"https:\/\/www.ulisseland.com\/journal\/wp-content\/uploads\/2013\/11\/foto-B5-Calegna-5.jpg\" alt=\"foto B5 Calegna 5\" width=\"640\" height=\"480\" class=\"alignright size-full wp-image-6570\" srcset=\"https:\/\/www.ulisseland.com\/journal\/wp-content\/uploads\/2013\/11\/foto-B5-Calegna-5.jpg 640w, https:\/\/www.ulisseland.com\/journal\/wp-content\/uploads\/2013\/11\/foto-B5-Calegna-5-300x225.jpg 300w\" sizes=\"auto, (max-width: 640px) 100vw, 640px\" \/><\/a>E\u2019 stato aperto, a Gaeta, il quinto cantiere per l&#8217;attuazione dei Piani Particolareggiati: dopo il B3-Il Colle, il C2-Muro Torto, il P.R.U. in localit\u00e0 il Colle, il C3 a Calegna, sbloccata dall&#8217;Amministrazione Mitrano anche la situazione di impasse urbanistico, nella sottozona B5 Calegna, causata dalla mancata attuazione, nel passato, delle previsioni di PRG.<br \/>\nDopo ben 30 anni di attesa, \u00e8 stato inaugurato il cantiere per lo svolgimento dei lavori per la viabilit\u00e0 pubblica di attraversamento del Piano Particolareggiato B5 Calegna, alla presenza del Sindaco Cosmo Mitrano, dell&#8217;Assessore all&#8217;Urbanistica Pasquale De Simone, del Presidente del Nuovo Consorzio &#8211; Calegna B5 Comparto A, Claudio Passeggio, delle Autorit\u00e0 militari locali, e di tanti cittadini che, finalmente, potranno concretizzare il proprio progetto abitativo.<br \/>\n&#8220;Un&#8217;attesa irragionevole &#8211; ha dichiarato il Sindaco Mitrano &#8211; Un disagio ed una conflittualit\u00e0 che, ancora oggi, crea diffidenza da parte dei privati ad instaurare un rapporto di leale collaborazione con l&#8217;Ente Pubblico. La nostra Amministrazione punta a cancellare questo passato,  fatto di inutili e false attese e  annose pratiche burocratiche: noi siamo per un rapporto chiaro con il cittadino al quale va detto ci\u00f2 che si pu\u00f2 fare e ci\u00f2 che non si pu\u00f2 fare. L&#8217;apertura di cinque cantieri in meno di 18 mesi non \u00e8 un miracolo, ma frutto di grande impegno e di tenace operativit\u00e0 dell&#8217;Assessorato all&#8217;Urbanistica e del suo Dipartimento. Se negli anni passati nulla \u00e8 stato fatto per dare risposte certe alle esigenze abitative della nostra citt\u00e0, \u00e8 solo perch\u00e9 si voleva far passare per un favore ci\u00f2 che in realt\u00e0 \u00e8 un diritto del cittadino. Ripudiando con fermezza questa logica, stiamo lavorando per trovare soluzioni utili e puntuali, coinvolgendo i cittadini nella definizione delle scelte urbanistiche. Abbiamo dato inizio al cambiamento e la citt\u00e0 lo avverte perch\u00e9  Gaeta \u00e8 sempre pi\u00f9 una citt\u00e0 in movimento&#8221;.<a href=\"https:\/\/www.ulisseland.com\/journal\/wp-content\/uploads\/2013\/11\/foto-B5-Calegna-4.jpg\"><img loading=\"lazy\" decoding=\"async\" src=\"https:\/\/www.ulisseland.com\/journal\/wp-content\/uploads\/2013\/11\/foto-B5-Calegna-4.jpg\" alt=\"foto B5 Calegna 4\" width=\"640\" height=\"480\" class=\"alignleft size-full wp-image-6571\" srcset=\"https:\/\/www.ulisseland.com\/journal\/wp-content\/uploads\/2013\/11\/foto-B5-Calegna-4.jpg 640w, https:\/\/www.ulisseland.com\/journal\/wp-content\/uploads\/2013\/11\/foto-B5-Calegna-4-300x225.jpg 300w\" sizes=\"auto, (max-width: 640px) 100vw, 640px\" \/><\/a><br \/>\nI lavori consentiranno un nuovo assetto del territorio preesistente,  che va ad accrescere la qualit\u00e0 urbana del comprensorio, attraverso l\u2019adeguamento delle opere di urbanizzazione primaria e secondaria con la  viabilit\u00e0 pubblica di attraversamento e relative sottoreti del Piano Particolareggiato B5 Calegna.<br \/>\nI lavori avviati consentono scelte di governo del territorio razionali,  volte alla creazione di un  nuovo insediamento abitativo, con la previsione di edilizia residenziale pubblica e privata. Questi i numeri di tale previsione attuativa: volume privato residenziale pari a 2349,50 mc, volume privato non residenziale pari a 7716,00 mc, volume pubblico residenziale pari a 7597,50 mc, con un valore relativo all&#8217;edificazione residenziale pari a 10.573.875,00 euro.<br \/>\nIl Direttore Dott. Sergio Monforte<\/p>\n","protected":false},"excerpt":{"rendered":"<p>E\u2019 stato aperto, a Gaeta, il quinto cantiere per l&#8217;attuazione dei Piani Particolareggiati: dopo il B3-Il Colle, il C2-Muro Torto, il P.R.U. in localit\u00e0 il Colle, il C3 a Calegna, sbloccata dall&#8217;Amministrazione Mitrano anche la situazione di impasse urbanistico, nella sottozona B5 Calegna, causata dalla mancata attuazione, nel passato, delle previsioni di PRG. Dopo ben<\/p>\n","protected":false},"author":1,"featured_media":0,"comment_status":"open","ping_status":"open","sticky":false,"template":"","format":"standard","meta":{"footnotes":""},"categories":[20,13,11],"tags":[],"class_list":["post-6569","post","type-post","status-publish","format-standard","hentry","category-comune-di-gaeta","category-cronaca","category-enti"],"_links":{"self":[{"href":"https:\/\/www.ulisseland.com\/journal\/wp-json\/wp\/v2\/posts\/6569","targetHints":{"allow":["GET"]}}],"collection":[{"href":"https:\/\/www.ulisseland.com\/journal\/wp-json\/wp\/v2\/posts"}],"about":[{"href":"https:\/\/www.ulisseland.com\/journal\/wp-json\/wp\/v2\/types\/post"}],"author":[{"embeddable":true,"href":"https:\/\/www.ulisseland.com\/journal\/wp-json\/wp\/v2\/users\/1"}],"replies":[{"embeddable":true,"href":"https:\/\/www.ulisseland.com\/journal\/wp-json\/wp\/v2\/comments?post=6569"}],"version-history":[{"count":4,"href":"https:\/\/www.ulisseland.com\/journal\/wp-json\/wp\/v2\/posts\/6569\/revisions"}],"predecessor-version":[{"id":6573,"href":"https:\/\/www.ulisseland.com\/journal\/wp-json\/wp\/v2\/posts\/6569\/revisions\/6573"}],"wp:attachment":[{"href":"https:\/\/www.ulisseland.com\/journal\/wp-json\/wp\/v2\/media?parent=6569"}],"wp:term":[{"taxonomy":"category","embeddable":true,"href":"https:\/\/www.ulisseland.com\/journal\/wp-json\/wp\/v2\/categories?post=6569"},{"taxonomy":"post_tag","embeddable":true,"href":"https:\/\/www.ulisseland.com\/journal\/wp-json\/wp\/v2\/tags?post=6569"}],"curies":[{"name":"wp","href":"https:\/\/api.w.org\/{rel}","templated":true}]}}