{"id":6529,"date":"2013-10-24T06:51:50","date_gmt":"2013-10-24T04:51:50","guid":{"rendered":"http:\/\/www.ulisseland.com\/journal\/?p=6529"},"modified":"2013-10-24T06:58:44","modified_gmt":"2013-10-24T04:58:44","slug":"formia-un-bene-per-il-bene","status":"publish","type":"post","link":"https:\/\/www.ulisseland.com\/journal\/formia-un-bene-per-il-bene\/","title":{"rendered":"FORMIA:  UN &#8220;BENE&#8221; PER IL BENE"},"content":{"rendered":"<p style=\"text-align: center;\" align=\"center\">\n<p style=\"text-align: left;\" align=\"center\"><span style=\"font-size: large;\"><b><i>E&#8217; la casa affidata all&#8217;Associazione Emmanuel Duemila Onlus\u00a0<a href=\"https:\/\/www.ulisseland.com\/journal\/wp-content\/uploads\/2013\/10\/A-1.jpg\"><img loading=\"lazy\" decoding=\"async\" class=\"alignright size-thumbnail wp-image-6530\" alt=\"A 1\" src=\"https:\/\/www.ulisseland.com\/journal\/wp-content\/uploads\/2013\/10\/A-1-150x150.jpg\" width=\"150\" height=\"150\" srcset=\"https:\/\/www.ulisseland.com\/journal\/wp-content\/uploads\/2013\/10\/A-1-150x150.jpg 150w, https:\/\/www.ulisseland.com\/journal\/wp-content\/uploads\/2013\/10\/A-1-50x50.jpg 50w\" sizes=\"auto, (max-width: 150px) 100vw, 150px\" \/><\/a><\/i><\/b><\/span><\/p>\n<p>\u00a0\u00a0\u00a0\u00a0\u00a0 Nel corso degli ultimi tre mesi sono apparsi pi\u00f9 volte articoli sulla stampa e nei social network e dichiarazioni attraverso la televisione locale, che si riferiscono alla gestione della struttura situata in localit\u00e0 Acquatraversa ed affidata all&#8217;Associazione Emmanuel Duemila Onlus di Formia, espressione diretta della Comunit\u00e0 Emmanuel &#8211; Fraternit\u00e0 dell&#8217;Incarnazione. Dinanzi ad una vera e propria campagna denigratoria in cui si fa riferimento ad uno uso indebito e scorretto del bene assegnato, desideriamo far sentire la nostra voce sull&#8217;operato dell&#8217;Associazione e sull&#8217;effettivo utilizzo della struttura, sottolineando fin dall&#8217;inizio che l&#8217;uso sociale e senza fini di lucro \u00e8 stato ed \u00e8 costantemente perseguito dalla nostra Associazione e dai suoi membri, che mai hanno disatteso o aggirato questa destinazione sociale.<\/p>\n<p>La prima considerazione riguarda la presenza delle persone diversamente abili, che gi\u00e0 condividevano il cammino associativo fin da quando essa operava nella parrocchia Madonna del Carmine e da subito sono state coinvolte nella struttura denominata Casa Giovanni Paolo II. In questo modo esse hanno <a href=\"https:\/\/www.ulisseland.com\/journal\/wp-content\/uploads\/2013\/10\/A-2-Incontro-di-formazione.jpg\"><img loading=\"lazy\" decoding=\"async\" class=\"alignright size-thumbnail wp-image-6531\" alt=\"A 2 Incontro di formazione\" src=\"https:\/\/www.ulisseland.com\/journal\/wp-content\/uploads\/2013\/10\/A-2-Incontro-di-formazione-150x150.jpg\" width=\"150\" height=\"150\" srcset=\"https:\/\/www.ulisseland.com\/journal\/wp-content\/uploads\/2013\/10\/A-2-Incontro-di-formazione-150x150.jpg 150w, https:\/\/www.ulisseland.com\/journal\/wp-content\/uploads\/2013\/10\/A-2-Incontro-di-formazione-50x50.jpg 50w\" sizes=\"auto, (max-width: 150px) 100vw, 150px\" \/><\/a>l&#8217;opportunit\u00e0 di sviluppare le proprie capacit\u00e0 accrescendo la vita di relazione. Per loro e con loro sono state avviate diverse attivit\u00e0 di laboratorio: laboratorio artistico per il progetto &#8220;Compagnia La Forza della Vita&#8221;; laboratori di attivit\u00e0 manuali attraverso la pittura, il decoupage, la realizzazione di monili, insieme alla cura del giardino e dell&#8217;orto; attivit\u00e0 ludiche per una maggiore aggregazione. Con il rilascio dell&#8217;autorizzazione comunale, le attivit\u00e0 del Centro diurno si sono meglio articolate ed oggi coinvolgono complessivamente quindici persone diversamente abili, con diverse patologie e difficolt\u00e0, da quelle motorie e di ritardo mentale al disagio relazionale e difficolt\u00e0 di inserimento sociale. Le attivit\u00e0 si svolgono con prevalenza nelle ore pomeridiane, assicurate dalla presenza dei membri dell&#8217;Associazione e da professionisti non solo locali tutti volontari, secondo un calendario settimanale suddiviso per fasce di partecipazione. Il tutto come descritto nel progetto\u00a0 approvato dal Comune di Formia.<\/p>\n<p><a href=\"https:\/\/www.ulisseland.com\/journal\/wp-content\/uploads\/2013\/10\/A-3-Laboratorio.jpg\"><img loading=\"lazy\" decoding=\"async\" class=\"alignright size-thumbnail wp-image-6532\" alt=\"A 3 Laboratorio\" src=\"https:\/\/www.ulisseland.com\/journal\/wp-content\/uploads\/2013\/10\/A-3-Laboratorio-150x150.jpg\" width=\"150\" height=\"150\" srcset=\"https:\/\/www.ulisseland.com\/journal\/wp-content\/uploads\/2013\/10\/A-3-Laboratorio-150x150.jpg 150w, https:\/\/www.ulisseland.com\/journal\/wp-content\/uploads\/2013\/10\/A-3-Laboratorio-50x50.jpg 50w\" sizes=\"auto, (max-width: 150px) 100vw, 150px\" \/><\/a><\/p>\n<p>Nella Casa Giovanni Paolo II trovano spazio anche altre attivit\u00e0: essa infatti\u00a0 \u00e8 luogo di formazione per i giovani attraverso il progetto &#8220;Universit\u00e0 della speranza&#8221; ed anche sede di incontri a carattere culturale su temi sociali e di accoglienza della vita. Una dimensione importante \u00e8 quella della promozione di una cultura della legalit\u00e0, per valorizzare la natura &#8220;propria&#8221; del bene\u00a0 confiscato alla criminalit\u00e0. Solo nel corso del 2012, tanto per citare qualche esempio, l&#8217;Associazione ha realizzato incontri pubblici sulla legalit\u00e0 in collaborazione con l&#8217;Associazione Amici di don Peppino di Casal di Principe e con don Luigi Merola della Fondazione\u00a0 &#8220;&#8216;A voce d&#8217;\u00e8 creature&#8221; di Napoli. Nel 2010 l&#8217;Associazione ha promosso un importante convegno sui beni confiscati, in collaborazione diretta con la Regione Lazio e l&#8217;Associazione Libera. Questa pluralit\u00e0 di attivit\u00e0 \u00e8 stata regolarmente portata a conoscenza del Comune con l&#8217;invio di relazioni annuali. Come \u00e8 possibile, allora, affermare che la Comunit\u00e0 Emmanuel non ha messo in campo alcuna attivit\u00e0 per scopi sociali, utilizzando invece il bene per finalit\u00e0 &#8220;poco chiare&#8221;?<a href=\"https:\/\/www.ulisseland.com\/journal\/wp-content\/uploads\/2013\/10\/A-4-animazione-in-spiaggia.jpg\"><img loading=\"lazy\" decoding=\"async\" class=\"alignright size-thumbnail wp-image-6533\" alt=\"A 4 animazione in spiaggia\" src=\"https:\/\/www.ulisseland.com\/journal\/wp-content\/uploads\/2013\/10\/A-4-animazione-in-spiaggia-150x150.jpg\" width=\"150\" height=\"150\" srcset=\"https:\/\/www.ulisseland.com\/journal\/wp-content\/uploads\/2013\/10\/A-4-animazione-in-spiaggia-150x150.jpg 150w, https:\/\/www.ulisseland.com\/journal\/wp-content\/uploads\/2013\/10\/A-4-animazione-in-spiaggia-50x50.jpg 50w\" sizes=\"auto, (max-width: 150px) 100vw, 150px\" \/><\/a><\/p>\n<p>Tra l&#8217;altro c&#8217;\u00e8 da evidenziare che l&#8217;Associazione, per le attivit\u00e0 che si svolgono all&#8217;interno della Casa Giovanni Paolo II, non riceve alcun contributo e finanziamento pubblico, n\u00e8 locale n\u00e8 regionale n\u00e8 statale, ma vi provvede con contributi e offerte di amici e sostenitori sparsi in Italia. Lo stesso dicasi per tutte le utenze e le spese accessorie di gestione della struttura, per le quali mai essa ha fatto richiesta di contributi e\/o rimborsi di qualsiasi genere. La presenza e le attivit\u00e0 nella Casa vengono assicurate dai membri della Comunit\u00e0 Emmanuel e dai volontari dell&#8217;Associazione a titolo del tutto gratuito.<\/p>\n<p>Una parola chiara va detta anche sullo stato di conservazione dell&#8217;immobile, che viene addirittura descritto, del tutto falsamente, in stato di degrado e di abbandono. L&#8217;Associazione si \u00e8 fatta carico della progettazione e esecuzione di opere di ristrutturazione e migliorie sia interne che esterne, realizzate grazie a finanziamenti regionali tutti regolarmente rendicontati e con opere eseguite a regola d&#8217;arte. Come \u00e8 possibile asserire falsamente che vengono erogati finanziamenti non dovuti e gestiti in maniera poco chiara? E come si pu\u00f2 affermare che si usufruisce di finanziamenti non dovuti, quando i contributi vengono erogati con regolari deliberazioni di giunta regionale, in virt\u00f9 della specifica legge n. 575\/65 e della legge regionale n. 24\/09 in materia di beni confiscati? Non solo quindi la struttura non \u00e8 abbandonata, priva di manutenzione e lasciata all&#8217;incuria, ma viene costantemente manutentata e curata con ogni dovizia, costituendo un ambiente gradevole e accogliente. Vogliamo ricordare qui che le immagini riportate nei vari articoli sono vecchie fotografie della struttura prima dei lavori di ristrutturazione realizzati.<\/p>\n<p>La Casa Giovanni Paolo II quindi, ben lungi da essere un mausoleo dimenticato e inutilizzato, in stato di abbandono e di degrado, \u00e8 e vuole divenire sempre pi\u00f9 una realt\u00e0 viva dove ogni giorno si &#8220;costruisce&#8221; il bene: veramente un &#8220;bene&#8221; per il bene! Resta prioritario e qualificante l&#8217;obiettivo di diffondere una nuova mentalit\u00e0 di accoglienza per la quale la Casa Giovanni Paolo II non \u00e8 vissuta solo come un luogo di erogazione di servizi alle persone deboli e fragili, ma anche come una opportunit\u00e0 di aggregazione e di crescita a livello sociale, civile e spirituale.<\/p>\n<p><b><i>Don Vittorio Valerio <\/i><\/b><b><\/b><\/p>\n<p align=\"right\"><i>e tutti i membri dell&#8217;Associazione Emmanuel Duemila Onlus di Formia<\/i><\/p>\n<p>a cura del Direttore<\/p>\n<p>Dott. Sergio Monforte<\/p>\n<p>&nbsp;<\/p>\n","protected":false},"excerpt":{"rendered":"<p>E&#8217; la casa affidata all&#8217;Associazione Emmanuel Duemila Onlus\u00a0 \u00a0\u00a0\u00a0\u00a0\u00a0 Nel corso degli ultimi tre mesi sono apparsi pi\u00f9 volte articoli sulla stampa e nei social network e dichiarazioni attraverso la televisione locale, che si riferiscono alla gestione della struttura situata in localit\u00e0 Acquatraversa ed affidata all&#8217;Associazione Emmanuel Duemila Onlus di Formia, espressione diretta della Comunit\u00e0<\/p>\n","protected":false},"author":1,"featured_media":0,"comment_status":"open","ping_status":"open","sticky":false,"template":"","format":"standard","meta":{"footnotes":""},"categories":[14,13],"tags":[],"class_list":["post-6529","post","type-post","status-publish","format-standard","hentry","category-comune-di-formia","category-cronaca"],"_links":{"self":[{"href":"https:\/\/www.ulisseland.com\/journal\/wp-json\/wp\/v2\/posts\/6529","targetHints":{"allow":["GET"]}}],"collection":[{"href":"https:\/\/www.ulisseland.com\/journal\/wp-json\/wp\/v2\/posts"}],"about":[{"href":"https:\/\/www.ulisseland.com\/journal\/wp-json\/wp\/v2\/types\/post"}],"author":[{"embeddable":true,"href":"https:\/\/www.ulisseland.com\/journal\/wp-json\/wp\/v2\/users\/1"}],"replies":[{"embeddable":true,"href":"https:\/\/www.ulisseland.com\/journal\/wp-json\/wp\/v2\/comments?post=6529"}],"version-history":[{"count":3,"href":"https:\/\/www.ulisseland.com\/journal\/wp-json\/wp\/v2\/posts\/6529\/revisions"}],"predecessor-version":[{"id":6535,"href":"https:\/\/www.ulisseland.com\/journal\/wp-json\/wp\/v2\/posts\/6529\/revisions\/6535"}],"wp:attachment":[{"href":"https:\/\/www.ulisseland.com\/journal\/wp-json\/wp\/v2\/media?parent=6529"}],"wp:term":[{"taxonomy":"category","embeddable":true,"href":"https:\/\/www.ulisseland.com\/journal\/wp-json\/wp\/v2\/categories?post=6529"},{"taxonomy":"post_tag","embeddable":true,"href":"https:\/\/www.ulisseland.com\/journal\/wp-json\/wp\/v2\/tags?post=6529"}],"curies":[{"name":"wp","href":"https:\/\/api.w.org\/{rel}","templated":true}]}}