{"id":6519,"date":"2013-10-24T06:33:10","date_gmt":"2013-10-24T04:33:10","guid":{"rendered":"http:\/\/www.ulisseland.com\/journal\/?p=6519"},"modified":"2013-10-24T06:34:11","modified_gmt":"2013-10-24T04:34:11","slug":"formia-sfrattata-la-pallavolo-olimpia","status":"publish","type":"post","link":"https:\/\/www.ulisseland.com\/journal\/formia-sfrattata-la-pallavolo-olimpia\/","title":{"rendered":"FORMIA: Sfrattata la Pallavolo Olimpia"},"content":{"rendered":"<figure id=\"attachment_6520\" aria-describedby=\"caption-attachment-6520\" style=\"width: 300px\" class=\"wp-caption alignright\"><a href=\"https:\/\/www.ulisseland.com\/journal\/wp-content\/uploads\/2013\/10\/La-squadra-di-pallavolo-Olimpia-Formia.jpg\"><img loading=\"lazy\" decoding=\"async\" class=\"size-medium wp-image-6520  \" alt=\" La squadra di pallavolo Olimpia Formia\" src=\"https:\/\/www.ulisseland.com\/journal\/wp-content\/uploads\/2013\/10\/La-squadra-di-pallavolo-Olimpia-Formia-300x200.jpg\" width=\"300\" height=\"200\" srcset=\"https:\/\/www.ulisseland.com\/journal\/wp-content\/uploads\/2013\/10\/La-squadra-di-pallavolo-Olimpia-Formia-300x200.jpg 300w, https:\/\/www.ulisseland.com\/journal\/wp-content\/uploads\/2013\/10\/La-squadra-di-pallavolo-Olimpia-Formia-1024x682.jpg 1024w\" sizes=\"auto, (max-width: 300px) 100vw, 300px\" \/><\/a><figcaption id=\"caption-attachment-6520\" class=\"wp-caption-text\">La squadra di pallavolo Olimpia Formia<\/figcaption><\/figure>\n<p>Non sono bastate le parole e gli appelli del vice campione d\u2019Europa e giocatore formiano della nazionale Salvatore Rossini, i successi provinciali e regionali che a ripetizione in questi ultimi anni hanno suggellato la grande crescita del movimento giovanile formiano, l\u2019aumento incredibile di praticanti sia nel settore maschile e femminile e non per ultimo il premio della Fipav Lazio come societ\u00e0 d\u2019eccellenza, a salvare l\u2019ASD Olimpia dalla scure immotivata dell\u2019Amministrazione provinciale che senza alcuna preventiva comunicazione ha assegnato la palestra del Filangeri alla societ\u00e0 Fabiani di Basket.<\/p>\n<p>Nonostante la presenza di diverse palestre nella citt\u00e0 di Formia, alcune sottoutilizzate, altre mal utilizzate, l\u2019amministrazione provinciale di Latina assegnando spazi alla Pall. Fabiani costringe la Pallavolo Olimpia ad interrompere gli allenamenti di 6 gruppi (3 maschili e 3 femminili) giovanili e a mettere a rischio lo svolgimento di tutte le partite interne dei campionati provinciali Fipav che si svolgono obbligatoriamente in giorni infrasettimanali. Si precisa che la pallacanestro Fabiani ha gi\u00e0 una palestra affidata per svolgere la propria attivit\u00e0.<\/p>\n<p>L\u2019assurdo \u00e8 stato raggiunto marted\u00ec pomeriggio quando nella palestra si sono ritrovati i gruppi della pallavolo Olimpia e un gruppo del Basket; i primi avvisati solo poche ore prima della nuova situazione ,i secondi avvisati da oltre una settimana, entrambi certi di poter svolgere il loro allenamento.<\/p>\n<p>Solo la pazienza e la calma dei rispettivi dirigenti ha evitato che questo penoso e imbarazzante spettacolo non degenerasse. Ma fin da oggi pomeriggio (gioved\u00ec) il problema si riproporr\u00e0 con maggiore tensione in quanto la societ\u00e0 Olimpia non intende mandare per strada i suoi gruppi e soprattutto non vuole escluderli dalla partecipazione ai campionati giovanili.<\/p>\n<p>E\u2019 a dir poco vergognoso, che a soli dieci giorni dall\u2019inizio delle partite di campionato, si attuino queste scelte.<\/p>\n<p>\u00c8 opportuno, per non dire indispensabile che l\u2019amministrazione provinciale si ravveda sull\u2019autorizzazione concessa in quanto discutibile sul contenuto e sulla forma, a tutela dei giovani e della societ\u00e0 che con grandi sacrifici provvede alla loro crescita e formazione.<\/p>\n<p>La dirigenza della Pallavolo Olimpia ha gi\u00e0 comunicato che non accetter\u00e0 passivamente queste decisioni e prender\u00e0 tutte le iniziative per permettere ai propri atleti di scendere in campo sereni e motivati.<\/p>\n<p>&nbsp;<\/p>\n<p>Il Direttore Dott. Sergio Monforte<\/p>\n","protected":false},"excerpt":{"rendered":"<p>Non sono bastate le parole e gli appelli del vice campione d\u2019Europa e giocatore formiano della nazionale Salvatore Rossini, i successi provinciali e regionali che a ripetizione in questi ultimi anni hanno suggellato la grande crescita del movimento giovanile formiano, l\u2019aumento incredibile di praticanti sia nel settore maschile e femminile e non per ultimo il<\/p>\n","protected":false},"author":1,"featured_media":0,"comment_status":"open","ping_status":"open","sticky":false,"template":"","format":"standard","meta":{"footnotes":""},"categories":[14,13,11,6,7],"tags":[],"class_list":["post-6519","post","type-post","status-publish","format-standard","hentry","category-comune-di-formia","category-cronaca","category-enti","category-sport","category-sport-ultime"],"_links":{"self":[{"href":"https:\/\/www.ulisseland.com\/journal\/wp-json\/wp\/v2\/posts\/6519","targetHints":{"allow":["GET"]}}],"collection":[{"href":"https:\/\/www.ulisseland.com\/journal\/wp-json\/wp\/v2\/posts"}],"about":[{"href":"https:\/\/www.ulisseland.com\/journal\/wp-json\/wp\/v2\/types\/post"}],"author":[{"embeddable":true,"href":"https:\/\/www.ulisseland.com\/journal\/wp-json\/wp\/v2\/users\/1"}],"replies":[{"embeddable":true,"href":"https:\/\/www.ulisseland.com\/journal\/wp-json\/wp\/v2\/comments?post=6519"}],"version-history":[{"count":2,"href":"https:\/\/www.ulisseland.com\/journal\/wp-json\/wp\/v2\/posts\/6519\/revisions"}],"predecessor-version":[{"id":6522,"href":"https:\/\/www.ulisseland.com\/journal\/wp-json\/wp\/v2\/posts\/6519\/revisions\/6522"}],"wp:attachment":[{"href":"https:\/\/www.ulisseland.com\/journal\/wp-json\/wp\/v2\/media?parent=6519"}],"wp:term":[{"taxonomy":"category","embeddable":true,"href":"https:\/\/www.ulisseland.com\/journal\/wp-json\/wp\/v2\/categories?post=6519"},{"taxonomy":"post_tag","embeddable":true,"href":"https:\/\/www.ulisseland.com\/journal\/wp-json\/wp\/v2\/tags?post=6519"}],"curies":[{"name":"wp","href":"https:\/\/api.w.org\/{rel}","templated":true}]}}