{"id":6512,"date":"2013-10-24T06:22:27","date_gmt":"2013-10-24T04:22:27","guid":{"rendered":"http:\/\/www.ulisseland.com\/journal\/?p=6512"},"modified":"2013-10-24T06:22:27","modified_gmt":"2013-10-24T04:22:27","slug":"formia-parte-la-raccolta-differenziata-a-penitro-e-santa-croce","status":"publish","type":"post","link":"https:\/\/www.ulisseland.com\/journal\/formia-parte-la-raccolta-differenziata-a-penitro-e-santa-croce\/","title":{"rendered":"FORMIA: Parte la raccolta differenziata  a Penitro e Santa Croce"},"content":{"rendered":"<figure id=\"attachment_6513\" aria-describedby=\"caption-attachment-6513\" style=\"width: 219px\" class=\"wp-caption alignright\"><a href=\"https:\/\/www.ulisseland.com\/journal\/wp-content\/uploads\/2013\/10\/Assessore-Claudio-Marciano1.jpg\"><img loading=\"lazy\" decoding=\"async\" class=\"size-medium wp-image-6513\" alt=\"Assessore Claudio Marciano\" src=\"https:\/\/www.ulisseland.com\/journal\/wp-content\/uploads\/2013\/10\/Assessore-Claudio-Marciano1-219x300.jpg\" width=\"219\" height=\"300\" srcset=\"https:\/\/www.ulisseland.com\/journal\/wp-content\/uploads\/2013\/10\/Assessore-Claudio-Marciano1-219x300.jpg 219w, https:\/\/www.ulisseland.com\/journal\/wp-content\/uploads\/2013\/10\/Assessore-Claudio-Marciano1.jpg 701w\" sizes=\"auto, (max-width: 219px) 100vw, 219px\" \/><\/a><figcaption id=\"caption-attachment-6513\" class=\"wp-caption-text\">Assessore Claudio Marciano<\/figcaption><\/figure>\n<figure id=\"attachment_6514\" aria-describedby=\"caption-attachment-6514\" style=\"width: 300px\" class=\"wp-caption alignleft\"><a href=\"https:\/\/www.ulisseland.com\/journal\/wp-content\/uploads\/2013\/10\/Lassemblea-di-Penitro.jpg\"><img loading=\"lazy\" decoding=\"async\" class=\"size-medium wp-image-6514\" alt=\"L'Assemblea di Penitro\" src=\"https:\/\/www.ulisseland.com\/journal\/wp-content\/uploads\/2013\/10\/Lassemblea-di-Penitro-300x224.jpg\" width=\"300\" height=\"224\" srcset=\"https:\/\/www.ulisseland.com\/journal\/wp-content\/uploads\/2013\/10\/Lassemblea-di-Penitro-300x224.jpg 300w, https:\/\/www.ulisseland.com\/journal\/wp-content\/uploads\/2013\/10\/Lassemblea-di-Penitro.jpg 960w\" sizes=\"auto, (max-width: 300px) 100vw, 300px\" \/><\/a><figcaption id=\"caption-attachment-6514\" class=\"wp-caption-text\">L&#8217;Assemblea di Penitro<\/figcaption><\/figure>\n<p>Pi\u00f9 di duecento persone hanno gremito la sala parrocchiale di Penitro per la prima assemblea pubblica di preparazione all\u2019estensione della raccolta differenziata in programma a partire dal 28 di ottobre. L\u2019assessore alla Sostenibilit\u00e0 Urbana Claudio Marciano (accompagnato dal dirigente del settore Ambiente Gino Forte, da Claudio Sperduti della Latina Ambiente e dai volontari del \u201cComitato Civico Mamurra\u201d) ha risposto alle tante domande dei cittadini, interessati ad apprendere come si fa il porta a porta e, soprattutto, come si esegue il compostaggio domestico. La campagna di informazione e sensibilizzazione proseguir\u00e0 nei prossimi giorni. Da marted\u00ec \u00e8 aperto l\u2019info point presso il centro giovanile comunale \u201cRachel Corrie\u201d dove \u00e8 possibile prendere i bidoni e le buste, esibendo copia della tassa ed un documento di riconoscimento. Soddisfatto l\u2019assessore Claudio Marciano: \u201cLa campagna \u00e8 iniziata nel migliore dei modi, grazie alla grande partecipazione dimostrata dalla vivace comunit\u00e0 di Penitro. Stiamo sperimentando anche delle assolute novit\u00e0, ad esempio, siamo tra i primi Comuni in Italia ad aver distribuito un contenitore per gli oli vegetali la cui raccolta avverr\u00e0 con cadenza mensile. Ai residenti di Penitro abbiamo poi consegnato un porta-buste per l\u2019organico, con dei fori atti ad evitare i cattivi odori. Successivamente, saranno distribuiti a Gianola (dove la differenziata si estender\u00e0 entro il mese di dicembre) e nel resto della citt\u00e0\u201d. La campagna proseguir\u00e0 nei prossimi giorni. La seconda assemblea si terr\u00e0 il 25 ottobre nella sede dell\u2019associazione culturale Santa Croce, con inizio alle 18.30. Un pensiero Marciano lo dedica al Comitato Civico Mamurra, selezionato tramite bando per accompagnare il Comune nell\u2019attivit\u00e0 di informazione propedeutica all\u2019avvio della differenziata. \u201cVoglio ringraziarli per l\u2019ottimo lavoro che stanno svolgendo. In tre giorni sono state raggiunte 1250 utenze con il kit di sensibilizzazione\u201d. Quanto alle sporadiche polemiche sorte attorno all\u2019affidamento: \u201cIl Comitato lavorer\u00e0 praticamente ogni giorno e avr\u00e0 accesso ad un contributo di 5.500 euro spalmato su due mesi e ricavato dal finanziamento regionale con cui paghiamo tutta l&#8217;iniziativa. Perch\u00e9 sono stati scelti loro? Perch\u00e9 hanno vinto un bando. Malgrado l&#8217;importo basso consentisse l&#8217;affidamento diretto &#8211; spiega Marciano &#8211; ho fortemente voluto che il Comune attivasse una procedura di evidenza pubblica. Da una semplice visione delle proposte pervenute e dei curriculum allegati delle persone impegnate, \u00e8 piuttosto palese che il Comitato Mamurra abbia svolto quella migliore. Gli atti &#8211; conclude &#8211; sono comunque a disposizione di chiunque voglia controllarli\u201d.<\/p>\n<p>Il Direttore\u00a0 Dott. Sergio Monforte<\/p>\n","protected":false},"excerpt":{"rendered":"<p>Pi\u00f9 di duecento persone hanno gremito la sala parrocchiale di Penitro per la prima assemblea pubblica di preparazione all\u2019estensione della raccolta differenziata in programma a partire dal 28 di ottobre. L\u2019assessore alla Sostenibilit\u00e0 Urbana Claudio Marciano (accompagnato dal dirigente del settore Ambiente Gino Forte, da Claudio Sperduti della Latina Ambiente e dai volontari del \u201cComitato<\/p>\n","protected":false},"author":1,"featured_media":0,"comment_status":"open","ping_status":"open","sticky":false,"template":"","format":"standard","meta":{"footnotes":""},"categories":[14,13,11],"tags":[],"class_list":["post-6512","post","type-post","status-publish","format-standard","hentry","category-comune-di-formia","category-cronaca","category-enti"],"_links":{"self":[{"href":"https:\/\/www.ulisseland.com\/journal\/wp-json\/wp\/v2\/posts\/6512","targetHints":{"allow":["GET"]}}],"collection":[{"href":"https:\/\/www.ulisseland.com\/journal\/wp-json\/wp\/v2\/posts"}],"about":[{"href":"https:\/\/www.ulisseland.com\/journal\/wp-json\/wp\/v2\/types\/post"}],"author":[{"embeddable":true,"href":"https:\/\/www.ulisseland.com\/journal\/wp-json\/wp\/v2\/users\/1"}],"replies":[{"embeddable":true,"href":"https:\/\/www.ulisseland.com\/journal\/wp-json\/wp\/v2\/comments?post=6512"}],"version-history":[{"count":1,"href":"https:\/\/www.ulisseland.com\/journal\/wp-json\/wp\/v2\/posts\/6512\/revisions"}],"predecessor-version":[{"id":6515,"href":"https:\/\/www.ulisseland.com\/journal\/wp-json\/wp\/v2\/posts\/6512\/revisions\/6515"}],"wp:attachment":[{"href":"https:\/\/www.ulisseland.com\/journal\/wp-json\/wp\/v2\/media?parent=6512"}],"wp:term":[{"taxonomy":"category","embeddable":true,"href":"https:\/\/www.ulisseland.com\/journal\/wp-json\/wp\/v2\/categories?post=6512"},{"taxonomy":"post_tag","embeddable":true,"href":"https:\/\/www.ulisseland.com\/journal\/wp-json\/wp\/v2\/tags?post=6512"}],"curies":[{"name":"wp","href":"https:\/\/api.w.org\/{rel}","templated":true}]}}