{"id":6508,"date":"2013-10-24T06:16:32","date_gmt":"2013-10-24T04:16:32","guid":{"rendered":"http:\/\/www.ulisseland.com\/journal\/?p=6508"},"modified":"2013-10-24T06:16:32","modified_gmt":"2013-10-24T04:16:32","slug":"ponza-il-comune-parte-civile-contro-gli-ex-amministratori","status":"publish","type":"post","link":"https:\/\/www.ulisseland.com\/journal\/ponza-il-comune-parte-civile-contro-gli-ex-amministratori\/","title":{"rendered":"PONZA:  Il Comune parte civile contro  gli ex amministratori"},"content":{"rendered":"<figure id=\"attachment_6509\" aria-describedby=\"caption-attachment-6509\" style=\"width: 300px\" class=\"wp-caption alignright\"><a href=\"https:\/\/www.ulisseland.com\/journal\/wp-content\/uploads\/2013\/10\/Sindaco-di-Ponza-Piero-Vigorelli1.jpg\"><img loading=\"lazy\" decoding=\"async\" class=\"size-medium wp-image-6509\" alt=\" Il Sindaco di Ponza Piero Vigorelli\" src=\"https:\/\/www.ulisseland.com\/journal\/wp-content\/uploads\/2013\/10\/Sindaco-di-Ponza-Piero-Vigorelli1-300x246.jpg\" width=\"300\" height=\"246\" srcset=\"https:\/\/www.ulisseland.com\/journal\/wp-content\/uploads\/2013\/10\/Sindaco-di-Ponza-Piero-Vigorelli1-300x246.jpg 300w, https:\/\/www.ulisseland.com\/journal\/wp-content\/uploads\/2013\/10\/Sindaco-di-Ponza-Piero-Vigorelli1.jpg 425w\" sizes=\"auto, (max-width: 300px) 100vw, 300px\" \/><\/a><figcaption id=\"caption-attachment-6509\" class=\"wp-caption-text\">Il Sindaco di Ponza Piero Vigorelli<\/figcaption><\/figure>\n<p><a href=\"https:\/\/www.ulisseland.com\/journal\/wp-content\/uploads\/2013\/10\/Ponza-panorama.png\"><img loading=\"lazy\" decoding=\"async\" class=\"alignright size-medium wp-image-6510\" alt=\"Ponza panorama\" src=\"https:\/\/www.ulisseland.com\/journal\/wp-content\/uploads\/2013\/10\/Ponza-panorama-300x184.png\" width=\"300\" height=\"184\" srcset=\"https:\/\/www.ulisseland.com\/journal\/wp-content\/uploads\/2013\/10\/Ponza-panorama-300x184.png 300w, https:\/\/www.ulisseland.com\/journal\/wp-content\/uploads\/2013\/10\/Ponza-panorama.png 658w\" sizes=\"auto, (max-width: 300px) 100vw, 300px\" \/><\/a>\u201cQuando, il 5 settembre scorso, \u00e8 stato notificato al Comune che il 19 novembre era stata fissata l\u2019udienza preliminare nel procedimento che vede imputati l\u2019ex sindaco Porzio e 31 altre persone, non ho avuto un attimo di esitazione nel decidere, insieme alla Giunta, che dovevamo costituirci parte civile\u201d: cos\u00ec spiega il sindaco di Ponza Piero Vigorelli.<\/p>\n<p>\u201cIl mio problema \u00e8 stato semmai quello di individuare il professionista qualificato a cui affidare l\u2019incarico e dotato di quella autonomia di giudizio che un esterno alle vicende di Ponza poteva garantire. La scelta \u00e8 stata fatta a favore dell\u2019Avvocato Emilio Salustri del Foro di Roma.<\/p>\n<p>\u201cLa costituzione di Parte Civile \u00e8 obbligata per diverse ragioni. In primo luogo perch\u00e9 questa amministrazione \u00e8 stata eletta per dare un taglio netto con il passato e poi perch\u00e9 Ponza ancora sta pagando i danni di immagine ed economici che gli arresti di due anni fa hanno provocato e che seguivano al sequestro dei pontili di due anni prima, che aveva gi\u00e0 gettato un primo discredito sull\u2019isola.<\/p>\n<p>\u201cE\u2019 noto che una situazione di diffusa illegalit\u00e0 respinge investimenti e investitori. E Ponza ha sofferto per questo in termine di lavori pubblici bloccati, di lavori di edilizia privata rinviati, del timoroso distacco delle autorit\u00e0 regionali fonte di interventi finanziari, di natanti che si dirigevano altrove, di turisti che voltavano le spalle all\u2019isola, di forestieri proprietari di case che mettevano in vendita la loro magione, mentre prima era lotta feroce all\u2019ultimo euro per acquistare una casa a Ponza.<\/p>\n<p>\u201cE\u2019 noto ancora che il turismo si alimenta di immagine e di immagini positive, salutari, di accoglienza. Da questo punto di vista sono stati nefasti i messaggi che venivano da un\u2019isola squassata dall\u2019inchiesta della magistratura, con un\u2019ombra sinistra che offuscava le bellezze incomparabili di Ponza e il cuore buono e onesto dei suoi abitanti.<\/p>\n<p>\u201cIl Comune si costituisce Parte Civile per ottenere per la popolazione il risarcimento di tutti i danni materiali e morali subiti a seguito dei reati contestati agli attuali imputati\u201d.<\/p>\n<p>&nbsp;<\/p>\n<p>Il Direttore Dott. Sergio Monforte<\/p>\n","protected":false},"excerpt":{"rendered":"<p>\u201cQuando, il 5 settembre scorso, \u00e8 stato notificato al Comune che il 19 novembre era stata fissata l\u2019udienza preliminare nel procedimento che vede imputati l\u2019ex sindaco Porzio e 31 altre persone, non ho avuto un attimo di esitazione nel decidere, insieme alla Giunta, che dovevamo costituirci parte civile\u201d: cos\u00ec spiega il sindaco di Ponza Piero<\/p>\n","protected":false},"author":1,"featured_media":0,"comment_status":"open","ping_status":"open","sticky":false,"template":"","format":"standard","meta":{"footnotes":""},"categories":[18,13,11],"tags":[],"class_list":["post-6508","post","type-post","status-publish","format-standard","hentry","category-comune-di-ponza","category-cronaca","category-enti"],"_links":{"self":[{"href":"https:\/\/www.ulisseland.com\/journal\/wp-json\/wp\/v2\/posts\/6508","targetHints":{"allow":["GET"]}}],"collection":[{"href":"https:\/\/www.ulisseland.com\/journal\/wp-json\/wp\/v2\/posts"}],"about":[{"href":"https:\/\/www.ulisseland.com\/journal\/wp-json\/wp\/v2\/types\/post"}],"author":[{"embeddable":true,"href":"https:\/\/www.ulisseland.com\/journal\/wp-json\/wp\/v2\/users\/1"}],"replies":[{"embeddable":true,"href":"https:\/\/www.ulisseland.com\/journal\/wp-json\/wp\/v2\/comments?post=6508"}],"version-history":[{"count":1,"href":"https:\/\/www.ulisseland.com\/journal\/wp-json\/wp\/v2\/posts\/6508\/revisions"}],"predecessor-version":[{"id":6511,"href":"https:\/\/www.ulisseland.com\/journal\/wp-json\/wp\/v2\/posts\/6508\/revisions\/6511"}],"wp:attachment":[{"href":"https:\/\/www.ulisseland.com\/journal\/wp-json\/wp\/v2\/media?parent=6508"}],"wp:term":[{"taxonomy":"category","embeddable":true,"href":"https:\/\/www.ulisseland.com\/journal\/wp-json\/wp\/v2\/categories?post=6508"},{"taxonomy":"post_tag","embeddable":true,"href":"https:\/\/www.ulisseland.com\/journal\/wp-json\/wp\/v2\/tags?post=6508"}],"curies":[{"name":"wp","href":"https:\/\/api.w.org\/{rel}","templated":true}]}}