{"id":6497,"date":"2013-10-24T06:00:34","date_gmt":"2013-10-24T04:00:34","guid":{"rendered":"http:\/\/www.ulisseland.com\/journal\/?p=6497"},"modified":"2013-10-24T06:00:34","modified_gmt":"2013-10-24T04:00:34","slug":"formia-inaugurato-lauditorium-vittorio-foa","status":"publish","type":"post","link":"https:\/\/www.ulisseland.com\/journal\/formia-inaugurato-lauditorium-vittorio-foa\/","title":{"rendered":"FORMIA: Inaugurato l\u2019auditorium \u201cVittorio Foa\u201d"},"content":{"rendered":"<figure id=\"attachment_6498\" aria-describedby=\"caption-attachment-6498\" style=\"width: 257px\" class=\"wp-caption alignleft\"><a href=\"https:\/\/www.ulisseland.com\/journal\/wp-content\/uploads\/2013\/10\/Il-Sindaco-Bartolomeo-taglia-il-nastro-dellAuditorium.jpg\"><img loading=\"lazy\" decoding=\"async\" class=\"size-medium wp-image-6498\" alt=\"Il Sindaco Bartolomeo taglia il nastro dell'Auditorium\" src=\"https:\/\/www.ulisseland.com\/journal\/wp-content\/uploads\/2013\/10\/Il-Sindaco-Bartolomeo-taglia-il-nastro-dellAuditorium-257x300.jpg\" width=\"257\" height=\"300\" srcset=\"https:\/\/www.ulisseland.com\/journal\/wp-content\/uploads\/2013\/10\/Il-Sindaco-Bartolomeo-taglia-il-nastro-dellAuditorium-257x300.jpg 257w, https:\/\/www.ulisseland.com\/journal\/wp-content\/uploads\/2013\/10\/Il-Sindaco-Bartolomeo-taglia-il-nastro-dellAuditorium-880x1024.jpg 880w, https:\/\/www.ulisseland.com\/journal\/wp-content\/uploads\/2013\/10\/Il-Sindaco-Bartolomeo-taglia-il-nastro-dellAuditorium.jpg 1604w\" sizes=\"auto, (max-width: 257px) 100vw, 257px\" \/><\/a><figcaption id=\"caption-attachment-6498\" class=\"wp-caption-text\">Il Sindaco Bartolomeo taglia il nastro dell&#8217;Auditorium<\/figcaption><\/figure>\n<p><a href=\"https:\/\/www.ulisseland.com\/journal\/wp-content\/uploads\/2013\/10\/Il-Sindaco-Sandro-Bartolomeo-con-Sesa-Tat\u00f2-ed-il-pres-idente-del-Consiglio-comunale-Maurizio-Tallerini.jpg\"><img loading=\"lazy\" decoding=\"async\" class=\"alignleft size-medium wp-image-6499\" alt=\"Il Sindaco Sandro Bartolomeo, con Sesa Tat\u00f2 ed il pres idente del Consiglio comunale, Maurizio Tallerini\" src=\"https:\/\/www.ulisseland.com\/journal\/wp-content\/uploads\/2013\/10\/Il-Sindaco-Sandro-Bartolomeo-con-Sesa-Tat\u00f2-ed-il-pres-idente-del-Consiglio-comunale-Maurizio-Tallerini-300x248.jpg\" width=\"300\" height=\"248\" srcset=\"https:\/\/www.ulisseland.com\/journal\/wp-content\/uploads\/2013\/10\/Il-Sindaco-Sandro-Bartolomeo-con-Sesa-Tat\u00f2-ed-il-pres-idente-del-Consiglio-comunale-Maurizio-Tallerini-300x248.jpg 300w, https:\/\/www.ulisseland.com\/journal\/wp-content\/uploads\/2013\/10\/Il-Sindaco-Sandro-Bartolomeo-con-Sesa-Tat\u00f2-ed-il-pres-idente-del-Consiglio-comunale-Maurizio-Tallerini-1024x848.jpg 1024w, https:\/\/www.ulisseland.com\/journal\/wp-content\/uploads\/2013\/10\/Il-Sindaco-Sandro-Bartolomeo-con-Sesa-Tat\u00f2-ed-il-pres-idente-del-Consiglio-comunale-Maurizio-Tallerini.jpg 1306w\" sizes=\"auto, (max-width: 300px) 100vw, 300px\" \/><\/a> <a href=\"https:\/\/www.ulisseland.com\/journal\/wp-content\/uploads\/2013\/10\/Lauditorium-Vittorio-Foa.jpg\"><img loading=\"lazy\" decoding=\"async\" class=\"alignleft size-medium wp-image-6500\" alt=\"L'auditorium Vittorio Foa\" src=\"https:\/\/www.ulisseland.com\/journal\/wp-content\/uploads\/2013\/10\/Lauditorium-Vittorio-Foa-300x199.jpg\" width=\"300\" height=\"199\" srcset=\"https:\/\/www.ulisseland.com\/journal\/wp-content\/uploads\/2013\/10\/Lauditorium-Vittorio-Foa-300x199.jpg 300w, https:\/\/www.ulisseland.com\/journal\/wp-content\/uploads\/2013\/10\/Lauditorium-Vittorio-Foa.jpg 530w\" sizes=\"auto, (max-width: 300px) 100vw, 300px\" \/><\/a>Un pezzo di storia d\u2019Italia e un motivo di vanto per Formia. La memoria di Vittorio Foa \u00e8 stata al centro dell\u2019intervento con il quale il sindaco Sandro Bartolomeo ha aperto la cerimonia di inaugurazione dell\u2019auditorium di via Olivastro Spaventola. \u201cGuardare al futuro pensando al presente. L\u2019obiettivo che sta dietro la scelta di aprire questo impianto \u00e8 anche il filo conduttore che lo lega alla personalit\u00e0 di Vittorio. Un uomo di straordinaria profondit\u00e0 che ha sempre guardato con interesse ai giovani e al futuro. I vent\u2019anni trascorsi a Formia, la cittadinanza onoraria concessa nel 2006 dal Consiglio Comunale, l\u2019aver intrecciato un tessuto profondo di relazioni, l\u2019aver voluto essere sepolto qui. Tutto questo ci lega ad un uomo, ad un intellettuale, ad un politico che ha scritto pagine importanti della storia d\u2019Italia. Pi\u00f9 di tutti, Vittorio amava i giovani, molti dei quali, a Formia, hanno potuto conoscerlo e parlare con lui. Il premio che \u00e8 stato intitolato alla sua memoria \u00e8 il principale regalo che far\u00e0 alla citt\u00e0 perch\u00e9, ricordando la sua figura e riflettendo sul secolo Novecento, Formia attirer\u00e0 il meglio della cultura nazionale ed internazionale\u201d. Poi un riferimento all\u2019auditorium: \u201cAver voluto fortemente l\u2019apertura di questo impianto risponde ad una precisa scelta politica. E\u2019 il segno tangibile di una comunit\u00e0 che vuole crescere e guardare al futuro, tanto pi\u00f9 oggi, in un momento di fortissima crisi. Perch\u00e9 forse di cultura non si mangia, ma ci insegna a vivere meglio, contribuisce a rafforzare l\u2019identit\u00e0 di ogni comunit\u00e0\u201d. L\u2019auditorium, ideato otto anni fa e realizzato tra il 2007 ed il 2008, \u00e8 ampio 800 metri quadri, con 280 posti a sedere, sala teatro con stage 10&#215;10 e gradinata retraibile; uffici, magazzini foyer, caffetteria ed ampio garden esterno. Disegnato da Luca Ruzza con Laura Colombo, Daniela Dispoto e Paola Proietti, l\u2019impianto di via Olivastro Spaventola porta la firma della Open Lab Company design studio. L\u2019edificio, antisismico ed ignifugo, \u00e8 alto sette metri al suo interno, largo 15 e profondo 35. La copertura \u00e8 realizzata secondo l&#8217;inclinazione opportuna per ospitare un sistema di pannelli fotovoltaici che rendano l\u2019impianto autonomo dal punto di vista energetico. Il teatro \u201cVittorio Foa\u201d \u00e8 studiato per una risposta acustica eccellente, mediante l&#8217;utilizzo di pannelli fonoassorbenti Eraclit: un luogo duttile e adatto ad ospitare spettacoli, manifestazioni ludiche e meeting, incontri sportivi, presentazioni di design e sfilate di moda.<\/p>\n<p>Il Direttore Dott. Sergio Monforte<\/p>\n","protected":false},"excerpt":{"rendered":"<p>Un pezzo di storia d\u2019Italia e un motivo di vanto per Formia. La memoria di Vittorio Foa \u00e8 stata al centro dell\u2019intervento con il quale il sindaco Sandro Bartolomeo ha aperto la cerimonia di inaugurazione dell\u2019auditorium di via Olivastro Spaventola. \u201cGuardare al futuro pensando al presente. L\u2019obiettivo che sta dietro la scelta di aprire questo<\/p>\n","protected":false},"author":1,"featured_media":0,"comment_status":"open","ping_status":"open","sticky":false,"template":"","format":"standard","meta":{"footnotes":""},"categories":[14,13,11],"tags":[],"class_list":["post-6497","post","type-post","status-publish","format-standard","hentry","category-comune-di-formia","category-cronaca","category-enti"],"_links":{"self":[{"href":"https:\/\/www.ulisseland.com\/journal\/wp-json\/wp\/v2\/posts\/6497","targetHints":{"allow":["GET"]}}],"collection":[{"href":"https:\/\/www.ulisseland.com\/journal\/wp-json\/wp\/v2\/posts"}],"about":[{"href":"https:\/\/www.ulisseland.com\/journal\/wp-json\/wp\/v2\/types\/post"}],"author":[{"embeddable":true,"href":"https:\/\/www.ulisseland.com\/journal\/wp-json\/wp\/v2\/users\/1"}],"replies":[{"embeddable":true,"href":"https:\/\/www.ulisseland.com\/journal\/wp-json\/wp\/v2\/comments?post=6497"}],"version-history":[{"count":1,"href":"https:\/\/www.ulisseland.com\/journal\/wp-json\/wp\/v2\/posts\/6497\/revisions"}],"predecessor-version":[{"id":6501,"href":"https:\/\/www.ulisseland.com\/journal\/wp-json\/wp\/v2\/posts\/6497\/revisions\/6501"}],"wp:attachment":[{"href":"https:\/\/www.ulisseland.com\/journal\/wp-json\/wp\/v2\/media?parent=6497"}],"wp:term":[{"taxonomy":"category","embeddable":true,"href":"https:\/\/www.ulisseland.com\/journal\/wp-json\/wp\/v2\/categories?post=6497"},{"taxonomy":"post_tag","embeddable":true,"href":"https:\/\/www.ulisseland.com\/journal\/wp-json\/wp\/v2\/tags?post=6497"}],"curies":[{"name":"wp","href":"https:\/\/api.w.org\/{rel}","templated":true}]}}